{"id":2453,"date":"2015-04-25T19:40:56","date_gmt":"2015-04-25T17:40:56","guid":{"rendered":"http:\/\/www.solidaires-etudiant.org\/?p=2453"},"modified":"2015-04-25T19:40:56","modified_gmt":"2015-04-25T17:40:56","slug":"contribution-nouvel-arrete-doctorat-sud-educationsolidaires-etudiant-e-s","status":"publish","type":"post","link":"https:\/\/solidaires-etudiant-e-s.org\/site\/2015\/04\/25\/contribution-nouvel-arrete-doctorat-sud-educationsolidaires-etudiant-e-s\/","title":{"rendered":"Contribution Nouvel Arr\u00eat\u00e9 Doctorat &#8211; Sud \u00e9ducation\/Solidaires \u00e9tudiant-e-s"},"content":{"rendered":"<div class=\"description\">\n<h4 class=\"soustitre\" style=\"text-align: center;\">Contribution Sud \u00e9ducation et Solidaires \u00e9tudiant-e-s<\/h4>\n<div class=\"cartouche\" style=\"text-align: right;\">mercredi\u00a015 avril 2015,<\/div>\n<p>&nbsp;<\/p>\n<div class=\"logo gauche\"><img loading=\"lazy\" decoding=\"async\" class=\"spip_logos\" src=\"http:\/\/1.1.1.3\/bmi\/www.sudeducation.org\/local\/cache-vignettes\/L150xH37\/rubon17-e54c3.png\" alt=\"\" width=\"150\" height=\"37\" \/><\/div>\n<div class=\"texte\">\n<h3 class=\"spip\">Remarques pr\u00e9liminaires<\/h3>\n<p>Nous rappelons que nos deux f\u00e9d\u00e9rations\u00a0:<br \/>\n<strong>1) s\u2019opposent \u00e0 la r\u00e9duction arbitraire de la dur\u00e9e des th\u00e8ses par des limites de nombre de r\u00e9inscriptions impos\u00e9es d\u2019en haut et fig\u00e9es dans le droit (article 14).<\/strong><\/p>\n<ul class=\"spip\">\n<li>Si nous sommes favorables \u00e0 un d\u00e9bat p\u00e9dagogique et professionnel sur l\u2019encadrement des th\u00e8ses, leurs conditions de r\u00e9alisation et de financement, qui influent sur leur dur\u00e9e, nous pensons que fixer dans le droit une limite de temps \u00e0 des travaux de recherche serait une mesure contraire \u00e0 la fonction de la th\u00e8se car la dur\u00e9e ne peut \u00eatre un param\u00e8tre consid\u00e9r\u00e9 comme uniforme pour toutes les th\u00e8ses.<\/li>\n<\/ul>\n<ul class=\"spip\">\n<li>Cette mesure ne tient pas compte des exigences croissantes qui sont impos\u00e9es aux doctorants en parall\u00e8le de la r\u00e9alisation de leur th\u00e8se (activit\u00e9s d\u2019enseignement, communications et publications, recherche de financements&#8230;), pourtant act\u00e9es par l\u2019ensemble de l\u2019arr\u00eat\u00e9.<\/li>\n<\/ul>\n<ul class=\"spip\">\n<li>L\u2019argument de l\u2019imp\u00e9ratif d\u2019homog\u00e9n\u00e9isation europ\u00e9enne de la dur\u00e9e des th\u00e8ses avanc\u00e9 par le minist\u00e8re pour justifier cet article ne nous semble pas suffisant. Le rapport de l\u2019Unesco de 2014, Le Processus de Bologne\u00a0: son impact en Europe et dans le monde, note ainsi\u00a0: \u00ab\u00a0L\u2019engagement des pays \u00e0 \u00e9tablir dans l\u2019enseignement sup\u00e9rieur une structure en trois cycles est au c\u0153ur du Processus de Bologne. Contrairement \u00e0 des id\u00e9es fausses persistantes, ni la D\u00e9claration de Bologne ni les communiqu\u00e9s minist\u00e9riels qui ont suivi ne prescrivent de fa\u00e7on rigide la longueur de ces cycles. Ils indiquent seulement que les \u00e9tudes du premier cycle doivent durer \u201cau minimum trois ans\u201d, tandis que les \u00e9tudes de niveau master doivent comprendre entre 60 et 120 cr\u00e9dits ECTS.\u00a0\u00bb<span class=\"spip_note_ref\">\u00a0[<a id=\"nh1\" class=\"spip_note\" title=\"1 Institut international de planification de l\u2019\u00e9ducation, Le Processus de\u00a0(...)\" href=\"http:\/\/www.sudeducation.org\/Nouvel-arrete-doctorat.html#nb1\" rel=\"footnote\">1<\/a>]<\/span> Ou encore\u00a0: \u00ab\u00a0Si le niveau doctorat fait l\u2019objet d\u2019une attention croissante depuis 2005, les \u00e9volutions sont conduites en interne dans les universit\u00e9s autonomes, et il est assez difficile de d\u00e9gager des sch\u00e9mas nationaux dominants. La plupart des \u00e9tudes de troisi\u00e8me cycle durent officiellement entre trois et quatre ans, bien que la majorit\u00e9 des pays fassent remarquer qu\u2019en r\u00e9alit\u00e9 les doctorants prennent g\u00e9n\u00e9ralement plus de temps pour achever leur cursus.\u00a0\u00bb<span class=\"spip_note_ref\">\u00a0[<a id=\"nh2\" class=\"spip_note\" title=\"2 Ibid., p. 37\" href=\"http:\/\/www.sudeducation.org\/Nouvel-arrete-doctorat.html#nb2\" rel=\"footnote\">2<\/a>]<\/span><\/li>\n<\/ul>\n<p><strong>2) soutiennent fermement la mise en place du comit\u00e9 de suivi individuel de la formation (article 13)<\/strong>, pour les raisons qui sont invoqu\u00e9es dans l\u2019arr\u00eat\u00e9, \u00e0 savoir d\u2019emp\u00eacher les situations \u00ab\u00a0de conflit, de discrimination ou de harc\u00e8lement\u00a0\u00bb trop courantes, et favoris\u00e9es par la relation de face-\u00e0-face qui est aujourd\u2019hui la norme l\u00e9gale entre le doctorant et son directeur.<\/p>\n<h3 class=\"spip\">Propositions de modifications de l\u2019arr\u00eat\u00e9<\/h3>\n<p><strong>Article 14<\/strong><br \/>\nRemplacer le 1er alin\u00e9a\u00a0: <br class=\"autobr\" \/> \u00ab\u00a0La pr\u00e9paration du doctorat s\u2019effectue en 3 ans maximum.\u00a0\u00bb<br \/>\nPar\u00a0: <br class=\"autobr\" \/> \u00ab\u00a0La pr\u00e9paration du doctorat s\u2019effectue en 3 ans, avec des possibilit\u00e9s de prolongation.\u00a0\u00bb<br \/>\n<i>Le terme \u00ab\u00a0maximum\u00a0\u00bb est malheureux car il sugg\u00e8re que la dur\u00e9e normale serait inf\u00e9rieure \u00e0 ces trois ans. Si des cas de th\u00e8ses r\u00e9alis\u00e9es en moins de trois ans peuvent se rencontrer, notamment lorsque le travail a \u00e9t\u00e9 commenc\u00e9 en amont de la premi\u00e8re inscription, elles ne peuvent pas \u00eatre la norme. Nous nous interrogeons d\u2019ailleurs sur le statut des personnes qui commenceraient un travail de th\u00e8se avant de s\u2019inscrire formellement\u00a0: sous quel statut et avec quels moyens sont-ils suppos\u00e9s<br class=\"autobr\" \/> travailler, sachant par exemple que les conditions d\u2019acc\u00e8s aux biblioth\u00e8ques universitaires sont de plus en plus restrictives pour les personnes autres que les \u00e9tudiants de l\u2019\u00e9tablissement\u00a0? <\/i><br \/>\nDe fa\u00e7on claire, il faut par ailleurs sp\u00e9cifier que l\u2019arr\u00eat\u00e9 en question ne peut \u00eatre valide que pour de nouvelles premi\u00e8res inscriptions en th\u00e8se\u00a0:<br \/>\nAjouter apr\u00e8s l\u2019article 14\u00a0: \u00ab\u00a0L\u2019ensemble des dispositions pr\u00e9vues \u00e0 cet article ne concernent que les \u00e9tudiants dont la premi\u00e8re inscription en doctorat intervient \u00e0 compter du 1er septembre 2015.\u00a0\u00bb<br \/>\n<i>Il s\u2019agit de pr\u00e9voir une mesure transitoire permettant aux doctorants inscrits avant l\u2019application de l\u2019arr\u00eat\u00e9 d\u2019achever la r\u00e9alisation de leur doctorat dans les conditions en vigueur lorsqu\u2019ils se sont inscrits et ont organis\u00e9 leur travail. <\/i><br \/>\n<strong>Article 15<\/strong><br \/>\nSupprimer l\u2019alin\u00e9a suivant\u00a0: <br class=\"autobr\" \/> \u00ab\u00a0Un portfolio du doctorant comprend la liste individualis\u00e9e des activit\u00e9s du doctorant durant sa formation. Il est mis \u00e0 jour r\u00e9guli\u00e8rement par le doctorant en accord avec son ou ses directeurs de th\u00e8se. Il est transmis au jury par le directeur de l\u2019\u00e9cole doctorale avant la soutenance de la th\u00e8se.\u00a0\u00bb<br \/>\n<i>Le doctorant a pour objectif de produire une th\u00e8se encadr\u00e9e, c\u2019est donc sa th\u00e8se et son avanc\u00e9e qui caract\u00e9risent son activit\u00e9 durant sa formation. Les activit\u00e9s annexes, obligatoires ou optionnelles, n\u2019ont pour seule fonction que de l\u2019aider dans sa t\u00e2che de r\u00e9daction d\u2019une th\u00e8se\u00a0; c\u2019est donc uniquement par cette derni\u00e8re que l\u2019on peut rendre compte des activit\u00e9s effectu\u00e9es durant la th\u00e8se. Nous rappelons que les doctorants doivent avant tout produire une th\u00e8se de qualit\u00e9, et que les activit\u00e9s en-dehors de la th\u00e8se, qui tendent \u00e0 prendre une importance croissante dans l\u2019\u00e9valuation et les chances de recrutement des doctorants, ne sont pas le c\u0153ur de leur activit\u00e9. <\/i><br \/>\n<strong>Article 19<\/strong><br \/>\nAjouter \u00e0 la fin du 5\u00e8me alin\u00e9a la phrase suivante\u00a0: <br class=\"autobr\" \/> \u00ab\u00a0Cette disposition ne peut concerner plus de deux membres du jury dont, au plus, un rapporteur.\u00a0\u00bb<br \/>\n<i>Il s\u2019agit d\u2019encadrer le recours \u00e0 la visioconf\u00e9rence pour \u00e9viter la mise en place de soutenances quasi enti\u00e8rement d\u00e9mat\u00e9rialis\u00e9es.<\/i><br \/>\n<strong>Article 24<\/strong><br \/>\nDans le 2\u00e8me alin\u00e9a, remplacer\u00a0: <br class=\"autobr\" \/> \u00ab\u00a0Il fournit en outre des exemplaires sur support papier destin\u00e9s aux membres du jury lorsque l\u2019\u00e9tablissement n\u2019assure pas lui-m\u00eame l\u2019impression de la th\u00e8se \u00e0 partir du support num\u00e9rique.\u00a0\u00bb<br \/>\nPar\u00a0: <br class=\"autobr\" \/> \u00ab\u00a0L\u2019\u00e9tablissement assure lui-m\u00eame l\u2019impression de la th\u00e8se, \u00e0 partir du support num\u00e9rique, sur support papier \u00e0 destination des membres du jury.\u00a0\u00bb<br \/>\n<i>Si certains \u00e9tablissements assurent l\u2019impression des th\u00e8ses, il importe de garantir l\u2019\u00e9galit\u00e9 des candidats en g\u00e9n\u00e9ralisant cette disposition \u00e0 tous. L\u2019impression des th\u00e8ses repr\u00e9sente un co\u00fbt consid\u00e9rable pour les doctorants en fin de th\u00e8se, qui sont souvent ceux qui ne disposent plus de financements.<\/i>\n<\/div>\n<p>&nbsp;<\/p>\n<div class=\"notes\">\n<div id=\"nb1\">\n<span class=\"spip_note_ref\">[<a class=\"spip_note\" title=\"Notes 1\" href=\"http:\/\/www.sudeducation.org\/Nouvel-arrete-doctorat.html#nh1\" rev=\"footnote\">1<\/a>]\u00a0<\/span>1 Institut international de planification de l\u2019\u00e9ducation, Le Processus de Bologne\u00a0: son impact en Europe et dans le monde, Unesco, 2014, p. 34. URL\u00a0: <a class=\"spip_url spip_out auto\" href=\"http:\/\/unesdoc.unesco.org\/images\/0022\/002206\/220649f.pdf\" rel=\"nofollow external\">http:\/\/unesdoc.unesco.org\/images\/0022\/002206\/220649f.pdf<\/a>\n<\/div>\n<div id=\"nb2\">\n<span class=\"spip_note_ref\">[<a class=\"spip_note\" title=\"Notes 2\" href=\"http:\/\/www.sudeducation.org\/Nouvel-arrete-doctorat.html#nh2\" rev=\"footnote\">2<\/a>]\u00a0<\/span>2 Ibid., p. 37<\/p>\n<p style=\"text-align: center;\"><a href=\"http:\/\/www.solidaires-etudiant.org\/wp-content\/uploads\/2015\/04\/Communiqu\u00e9-Arr\u00eat\u00e9-doctorat.pdf\"><img loading=\"lazy\" decoding=\"async\" class=\"  aligncenter wp-image-274\" src=\"http:\/\/www.solidaires-etudiant.org\/wp-content\/uploads\/2014\/02\/adobe.png\" alt=\"pdf\" width=\"179\" height=\"179\" srcset=\"https:\/\/solidaires-etudiant-e-s.org\/site\/wp-content\/uploads\/2014\/02\/adobe.png 256w, https:\/\/solidaires-etudiant-e-s.org\/site\/wp-content\/uploads\/2014\/02\/adobe-150x150.png 150w\" sizes=\"auto, (max-width: 179px) 100vw, 179px\" \/><\/a><\/p>\n<p style=\"text-align: center;\"><a href=\"http:\/\/www.solidaires-etudiant.org\/wp-content\/uploads\/2015\/04\/Communiqu\u00e9-Arr\u00eat\u00e9-doctorat.pdf\">Contribution \u00e0 t\u00e9l\u00e9charger<\/a><\/p>\n<p style=\"text-align: center;\"><a href=\"http:\/\/www.solidaires-etudiant.org\/wp-content\/uploads\/2015\/04\/469125-8053-2015-arrete-version-13-original.pdf\"><img loading=\"lazy\" decoding=\"async\" class=\"  aligncenter wp-image-274\" src=\"http:\/\/www.solidaires-etudiant.org\/wp-content\/uploads\/2014\/02\/adobe.png\" alt=\"pdf\" width=\"188\" height=\"188\" srcset=\"https:\/\/solidaires-etudiant-e-s.org\/site\/wp-content\/uploads\/2014\/02\/adobe.png 256w, https:\/\/solidaires-etudiant-e-s.org\/site\/wp-content\/uploads\/2014\/02\/adobe-150x150.png 150w\" sizes=\"auto, (max-width: 188px) 100vw, 188px\" \/><\/a>lire l&rsquo;arr\u00eat\u00e9<\/p>\n<\/div>\n<\/div>\n<\/div>\n","protected":false},"excerpt":{"rendered":"<p>Contribution Sud \u00e9ducation et Solidaires \u00e9tudiant-e-s mercredi\u00a015 avril 2015, &nbsp; Remarques pr\u00e9liminaires [&hellip;]<\/p>\n","protected":false},"author":1,"featured_media":0,"comment_status":"closed","ping_status":"closed","sticky":false,"template":"","format":"standard","meta":{"cybocfi_hide_featured_image":"","footnotes":""},"categories":[18],"tags":[1083],"class_list":["post-2453","post","type-post","status-publish","format-standard","hentry","category-esr","tag-sud-education","col-md-4 col-sm-4"],"featured_image_src":null,"author_info":{"display_name":"Solidaires \u00e9tudiant-e-s","author_link":false},"yoast_head":"<!-- This site is optimized with the Yoast SEO plugin v27.5 - https:\/\/yoast.com\/product\/yoast-seo-wordpress\/ -->\n<title>Contribution Nouvel Arr\u00eat\u00e9 Doctorat - Sud \u00e9ducation\/Solidaires \u00e9tudiant-e-s - Solidaires \u00e9tudiant-e-s<\/title>\n<meta name=\"robots\" content=\"index, follow, max-snippet:-1, max-image-preview:large, max-video-preview:-1\" \/>\n<link rel=\"canonical\" href=\"https:\/\/solidaires-etudiant-e-s.org\/site\/2015\/04\/25\/contribution-nouvel-arrete-doctorat-sud-educationsolidaires-etudiant-e-s\/\" \/>\n<meta property=\"og:locale\" content=\"fr_FR\" \/>\n<meta property=\"og:type\" content=\"article\" \/>\n<meta property=\"og:title\" content=\"Contribution Nouvel Arr\u00eat\u00e9 Doctorat - Sud \u00e9ducation\/Solidaires \u00e9tudiant-e-s - Solidaires \u00e9tudiant-e-s\" \/>\n<meta property=\"og:description\" content=\"Contribution Sud \u00e9ducation et Solidaires \u00e9tudiant-e-s mercredi\u00a015 avril 2015, &nbsp; Remarques pr\u00e9liminaires [&hellip;]\" \/>\n<meta property=\"og:url\" content=\"https:\/\/solidaires-etudiant-e-s.org\/site\/2015\/04\/25\/contribution-nouvel-arrete-doctorat-sud-educationsolidaires-etudiant-e-s\/\" \/>\n<meta property=\"og:site_name\" content=\"Solidaires \u00e9tudiant-e-s\" \/>\n<meta property=\"article:publisher\" content=\"https:\/\/www.facebook.com\/solidairesetudiantes\" \/>\n<meta property=\"article:author\" content=\"https:\/\/www.facebook.com\/solidairesetudiantes\" \/>\n<meta property=\"article:published_time\" content=\"2015-04-25T17:40:56+00:00\" \/>\n<meta property=\"og:image\" content=\"http:\/\/1.1.1.3\/bmi\/www.sudeducation.org\/local\/cache-vignettes\/L150xH37\/rubon17-e54c3.png\" \/>\n<meta name=\"author\" content=\"Solidaires \u00e9tudiant-e-s\" \/>\n<meta name=\"twitter:card\" content=\"summary_large_image\" \/>\n<meta name=\"twitter:creator\" content=\"@SolidairesEtu\" \/>\n<meta name=\"twitter:site\" content=\"@SolidairesEtu\" \/>\n<meta name=\"twitter:label1\" content=\"\u00c9crit par\" \/>\n\t<meta name=\"twitter:data1\" content=\"Solidaires \u00e9tudiant-e-s\" \/>\n\t<meta name=\"twitter:label2\" content=\"Dur\u00e9e de lecture estim\u00e9e\" \/>\n\t<meta name=\"twitter:data2\" content=\"6 minutes\" \/>\n<script type=\"application\/ld+json\" class=\"yoast-schema-graph\">{\"@context\":\"https:\\\/\\\/schema.org\",\"@graph\":[{\"@type\":\"Article\",\"@id\":\"https:\\\/\\\/solidaires-etudiant-e-s.org\\\/site\\\/2015\\\/04\\\/25\\\/contribution-nouvel-arrete-doctorat-sud-educationsolidaires-etudiant-e-s\\\/#article\",\"isPartOf\":{\"@id\":\"https:\\\/\\\/solidaires-etudiant-e-s.org\\\/site\\\/2015\\\/04\\\/25\\\/contribution-nouvel-arrete-doctorat-sud-educationsolidaires-etudiant-e-s\\\/\"},\"author\":{\"name\":\"Solidaires \u00e9tudiant-e-s\",\"@id\":\"https:\\\/\\\/solidaires-etudiant-e-s.org\\\/site\\\/#\\\/schema\\\/person\\\/0efb3e0ff4e2f12b5a5abcd4352aa86c\"},\"headline\":\"Contribution Nouvel Arr\u00eat\u00e9 Doctorat &#8211; Sud \u00e9ducation\\\/Solidaires \u00e9tudiant-e-s\",\"datePublished\":\"2015-04-25T17:40:56+00:00\",\"mainEntityOfPage\":{\"@id\":\"https:\\\/\\\/solidaires-etudiant-e-s.org\\\/site\\\/2015\\\/04\\\/25\\\/contribution-nouvel-arrete-doctorat-sud-educationsolidaires-etudiant-e-s\\\/\"},\"wordCount\":1129,\"publisher\":{\"@id\":\"https:\\\/\\\/solidaires-etudiant-e-s.org\\\/site\\\/#organization\"},\"image\":{\"@id\":\"https:\\\/\\\/solidaires-etudiant-e-s.org\\\/site\\\/2015\\\/04\\\/25\\\/contribution-nouvel-arrete-doctorat-sud-educationsolidaires-etudiant-e-s\\\/#primaryimage\"},\"thumbnailUrl\":\"http:\\\/\\\/1.1.1.3\\\/bmi\\\/www.sudeducation.org\\\/local\\\/cache-vignettes\\\/L150xH37\\\/rubon17-e54c3.png\",\"keywords\":[\"sud education\"],\"articleSection\":[\"ENSEIGNEMENT SUPERIEUR\"],\"inLanguage\":\"fr-FR\"},{\"@type\":\"WebPage\",\"@id\":\"https:\\\/\\\/solidaires-etudiant-e-s.org\\\/site\\\/2015\\\/04\\\/25\\\/contribution-nouvel-arrete-doctorat-sud-educationsolidaires-etudiant-e-s\\\/\",\"url\":\"https:\\\/\\\/solidaires-etudiant-e-s.org\\\/site\\\/2015\\\/04\\\/25\\\/contribution-nouvel-arrete-doctorat-sud-educationsolidaires-etudiant-e-s\\\/\",\"name\":\"Contribution Nouvel Arr\u00eat\u00e9 Doctorat - Sud \u00e9ducation\\\/Solidaires \u00e9tudiant-e-s - Solidaires \u00e9tudiant-e-s\",\"isPartOf\":{\"@id\":\"https:\\\/\\\/solidaires-etudiant-e-s.org\\\/site\\\/#website\"},\"primaryImageOfPage\":{\"@id\":\"https:\\\/\\\/solidaires-etudiant-e-s.org\\\/site\\\/2015\\\/04\\\/25\\\/contribution-nouvel-arrete-doctorat-sud-educationsolidaires-etudiant-e-s\\\/#primaryimage\"},\"image\":{\"@id\":\"https:\\\/\\\/solidaires-etudiant-e-s.org\\\/site\\\/2015\\\/04\\\/25\\\/contribution-nouvel-arrete-doctorat-sud-educationsolidaires-etudiant-e-s\\\/#primaryimage\"},\"thumbnailUrl\":\"http:\\\/\\\/1.1.1.3\\\/bmi\\\/www.sudeducation.org\\\/local\\\/cache-vignettes\\\/L150xH37\\\/rubon17-e54c3.png\",\"datePublished\":\"2015-04-25T17:40:56+00:00\",\"breadcrumb\":{\"@id\":\"https:\\\/\\\/solidaires-etudiant-e-s.org\\\/site\\\/2015\\\/04\\\/25\\\/contribution-nouvel-arrete-doctorat-sud-educationsolidaires-etudiant-e-s\\\/#breadcrumb\"},\"inLanguage\":\"fr-FR\",\"potentialAction\":[{\"@type\":\"ReadAction\",\"target\":[\"https:\\\/\\\/solidaires-etudiant-e-s.org\\\/site\\\/2015\\\/04\\\/25\\\/contribution-nouvel-arrete-doctorat-sud-educationsolidaires-etudiant-e-s\\\/\"]}]},{\"@type\":\"ImageObject\",\"inLanguage\":\"fr-FR\",\"@id\":\"https:\\\/\\\/solidaires-etudiant-e-s.org\\\/site\\\/2015\\\/04\\\/25\\\/contribution-nouvel-arrete-doctorat-sud-educationsolidaires-etudiant-e-s\\\/#primaryimage\",\"url\":\"http:\\\/\\\/1.1.1.3\\\/bmi\\\/www.sudeducation.org\\\/local\\\/cache-vignettes\\\/L150xH37\\\/rubon17-e54c3.png\",\"contentUrl\":\"http:\\\/\\\/1.1.1.3\\\/bmi\\\/www.sudeducation.org\\\/local\\\/cache-vignettes\\\/L150xH37\\\/rubon17-e54c3.png\"},{\"@type\":\"BreadcrumbList\",\"@id\":\"https:\\\/\\\/solidaires-etudiant-e-s.org\\\/site\\\/2015\\\/04\\\/25\\\/contribution-nouvel-arrete-doctorat-sud-educationsolidaires-etudiant-e-s\\\/#breadcrumb\",\"itemListElement\":[{\"@type\":\"ListItem\",\"position\":1,\"name\":\"Accueil\",\"item\":\"https:\\\/\\\/solidaires-etudiant-e-s.org\\\/site\\\/\"},{\"@type\":\"ListItem\",\"position\":2,\"name\":\"Contribution Nouvel Arr\u00eat\u00e9 Doctorat &#8211; Sud \u00e9ducation\\\/Solidaires \u00e9tudiant-e-s\"}]},{\"@type\":\"WebSite\",\"@id\":\"https:\\\/\\\/solidaires-etudiant-e-s.org\\\/site\\\/#website\",\"url\":\"https:\\\/\\\/solidaires-etudiant-e-s.org\\\/site\\\/\",\"name\":\"Solidaires \u00e9tudiant-e-s\",\"description\":\"Syndicats pour un enseignement sup\u00e9rieur gratuit, ouvert, et \u00e9mancipateur !\",\"publisher\":{\"@id\":\"https:\\\/\\\/solidaires-etudiant-e-s.org\\\/site\\\/#organization\"},\"potentialAction\":[{\"@type\":\"SearchAction\",\"target\":{\"@type\":\"EntryPoint\",\"urlTemplate\":\"https:\\\/\\\/solidaires-etudiant-e-s.org\\\/site\\\/?s={search_term_string}\"},\"query-input\":{\"@type\":\"PropertyValueSpecification\",\"valueRequired\":true,\"valueName\":\"search_term_string\"}}],\"inLanguage\":\"fr-FR\"},{\"@type\":\"Organization\",\"@id\":\"https:\\\/\\\/solidaires-etudiant-e-s.org\\\/site\\\/#organization\",\"name\":\"Solidaires \u00e9tudiant-e-s\",\"url\":\"https:\\\/\\\/solidaires-etudiant-e-s.org\\\/site\\\/\",\"logo\":{\"@type\":\"ImageObject\",\"inLanguage\":\"fr-FR\",\"@id\":\"https:\\\/\\\/solidaires-etudiant-e-s.org\\\/site\\\/#\\\/schema\\\/logo\\\/image\\\/\",\"url\":\"https:\\\/\\\/solidaires-etudiant-e-s.org\\\/site\\\/wp-content\\\/uploads\\\/2025\\\/12\\\/13-1.png\",\"contentUrl\":\"https:\\\/\\\/solidaires-etudiant-e-s.org\\\/site\\\/wp-content\\\/uploads\\\/2025\\\/12\\\/13-1.png\",\"width\":1181,\"height\":827,\"caption\":\"Solidaires \u00e9tudiant-e-s\"},\"image\":{\"@id\":\"https:\\\/\\\/solidaires-etudiant-e-s.org\\\/site\\\/#\\\/schema\\\/logo\\\/image\\\/\"},\"sameAs\":[\"https:\\\/\\\/www.facebook.com\\\/solidairesetudiantes\",\"https:\\\/\\\/x.com\\\/SolidairesEtu\",\"https:\\\/\\\/www.instagram.com\\\/solidairesetu\\\/\",\"https:\\\/\\\/bsky.app\\\/profile\\\/solidaires-etudiant-e-s.org\",\"https:\\\/\\\/mastodon.social\\\/@solidairesetu\",\"https:\\\/\\\/www.youtube.com\\\/channel\\\/UC_iZN9gmVAAnXbBM7wAWOag\"]},{\"@type\":\"Person\",\"@id\":\"https:\\\/\\\/solidaires-etudiant-e-s.org\\\/site\\\/#\\\/schema\\\/person\\\/0efb3e0ff4e2f12b5a5abcd4352aa86c\",\"name\":\"Solidaires \u00e9tudiant-e-s\",\"image\":{\"@type\":\"ImageObject\",\"inLanguage\":\"fr-FR\",\"@id\":\"https:\\\/\\\/solidaires-etudiant-e-s.org\\\/site\\\/wp-content\\\/uploads\\\/2020\\\/01\\\/logo-SESL-rond-512-96x96.png\",\"url\":\"https:\\\/\\\/solidaires-etudiant-e-s.org\\\/site\\\/wp-content\\\/uploads\\\/2020\\\/01\\\/logo-SESL-rond-512-96x96.png\",\"contentUrl\":\"https:\\\/\\\/solidaires-etudiant-e-s.org\\\/site\\\/wp-content\\\/uploads\\\/2020\\\/01\\\/logo-SESL-rond-512-96x96.png\",\"caption\":\"Solidaires \u00e9tudiant-e-s\"},\"sameAs\":[\"https:\\\/\\\/solidaires-etudiant.org\\\/site\",\"https:\\\/\\\/www.facebook.com\\\/solidairesetudiantes\",\"https:\\\/\\\/www.instagram.com\\\/solidairesetu\",\"https:\\\/\\\/x.com\\\/SolidairesEtu\",\"https:\\\/\\\/fr.wikipedia.org\\\/wiki\\\/Solidaires_tudiant-e-s\"]}]}<\/script>\n<!-- \/ Yoast SEO plugin. -->","yoast_head_json":{"title":"Contribution Nouvel Arr\u00eat\u00e9 Doctorat - Sud \u00e9ducation\/Solidaires \u00e9tudiant-e-s - Solidaires \u00e9tudiant-e-s","robots":{"index":"index","follow":"follow","max-snippet":"max-snippet:-1","max-image-preview":"max-image-preview:large","max-video-preview":"max-video-preview:-1"},"canonical":"https:\/\/solidaires-etudiant-e-s.org\/site\/2015\/04\/25\/contribution-nouvel-arrete-doctorat-sud-educationsolidaires-etudiant-e-s\/","og_locale":"fr_FR","og_type":"article","og_title":"Contribution Nouvel Arr\u00eat\u00e9 Doctorat - Sud \u00e9ducation\/Solidaires \u00e9tudiant-e-s - Solidaires \u00e9tudiant-e-s","og_description":"Contribution Sud \u00e9ducation et Solidaires \u00e9tudiant-e-s mercredi\u00a015 avril 2015, &nbsp; Remarques pr\u00e9liminaires [&hellip;]","og_url":"https:\/\/solidaires-etudiant-e-s.org\/site\/2015\/04\/25\/contribution-nouvel-arrete-doctorat-sud-educationsolidaires-etudiant-e-s\/","og_site_name":"Solidaires \u00e9tudiant-e-s","article_publisher":"https:\/\/www.facebook.com\/solidairesetudiantes","article_author":"https:\/\/www.facebook.com\/solidairesetudiantes","article_published_time":"2015-04-25T17:40:56+00:00","og_image":[{"url":"http:\/\/1.1.1.3\/bmi\/www.sudeducation.org\/local\/cache-vignettes\/L150xH37\/rubon17-e54c3.png","type":"","width":"","height":""}],"author":"Solidaires \u00e9tudiant-e-s","twitter_card":"summary_large_image","twitter_creator":"@SolidairesEtu","twitter_site":"@SolidairesEtu","twitter_misc":{"\u00c9crit par":"Solidaires \u00e9tudiant-e-s","Dur\u00e9e de lecture estim\u00e9e":"6 minutes"},"schema":{"@context":"https:\/\/schema.org","@graph":[{"@type":"Article","@id":"https:\/\/solidaires-etudiant-e-s.org\/site\/2015\/04\/25\/contribution-nouvel-arrete-doctorat-sud-educationsolidaires-etudiant-e-s\/#article","isPartOf":{"@id":"https:\/\/solidaires-etudiant-e-s.org\/site\/2015\/04\/25\/contribution-nouvel-arrete-doctorat-sud-educationsolidaires-etudiant-e-s\/"},"author":{"name":"Solidaires \u00e9tudiant-e-s","@id":"https:\/\/solidaires-etudiant-e-s.org\/site\/#\/schema\/person\/0efb3e0ff4e2f12b5a5abcd4352aa86c"},"headline":"Contribution Nouvel Arr\u00eat\u00e9 Doctorat &#8211; Sud \u00e9ducation\/Solidaires \u00e9tudiant-e-s","datePublished":"2015-04-25T17:40:56+00:00","mainEntityOfPage":{"@id":"https:\/\/solidaires-etudiant-e-s.org\/site\/2015\/04\/25\/contribution-nouvel-arrete-doctorat-sud-educationsolidaires-etudiant-e-s\/"},"wordCount":1129,"publisher":{"@id":"https:\/\/solidaires-etudiant-e-s.org\/site\/#organization"},"image":{"@id":"https:\/\/solidaires-etudiant-e-s.org\/site\/2015\/04\/25\/contribution-nouvel-arrete-doctorat-sud-educationsolidaires-etudiant-e-s\/#primaryimage"},"thumbnailUrl":"http:\/\/1.1.1.3\/bmi\/www.sudeducation.org\/local\/cache-vignettes\/L150xH37\/rubon17-e54c3.png","keywords":["sud education"],"articleSection":["ENSEIGNEMENT SUPERIEUR"],"inLanguage":"fr-FR"},{"@type":"WebPage","@id":"https:\/\/solidaires-etudiant-e-s.org\/site\/2015\/04\/25\/contribution-nouvel-arrete-doctorat-sud-educationsolidaires-etudiant-e-s\/","url":"https:\/\/solidaires-etudiant-e-s.org\/site\/2015\/04\/25\/contribution-nouvel-arrete-doctorat-sud-educationsolidaires-etudiant-e-s\/","name":"Contribution Nouvel Arr\u00eat\u00e9 Doctorat - Sud \u00e9ducation\/Solidaires \u00e9tudiant-e-s - Solidaires \u00e9tudiant-e-s","isPartOf":{"@id":"https:\/\/solidaires-etudiant-e-s.org\/site\/#website"},"primaryImageOfPage":{"@id":"https:\/\/solidaires-etudiant-e-s.org\/site\/2015\/04\/25\/contribution-nouvel-arrete-doctorat-sud-educationsolidaires-etudiant-e-s\/#primaryimage"},"image":{"@id":"https:\/\/solidaires-etudiant-e-s.org\/site\/2015\/04\/25\/contribution-nouvel-arrete-doctorat-sud-educationsolidaires-etudiant-e-s\/#primaryimage"},"thumbnailUrl":"http:\/\/1.1.1.3\/bmi\/www.sudeducation.org\/local\/cache-vignettes\/L150xH37\/rubon17-e54c3.png","datePublished":"2015-04-25T17:40:56+00:00","breadcrumb":{"@id":"https:\/\/solidaires-etudiant-e-s.org\/site\/2015\/04\/25\/contribution-nouvel-arrete-doctorat-sud-educationsolidaires-etudiant-e-s\/#breadcrumb"},"inLanguage":"fr-FR","potentialAction":[{"@type":"ReadAction","target":["https:\/\/solidaires-etudiant-e-s.org\/site\/2015\/04\/25\/contribution-nouvel-arrete-doctorat-sud-educationsolidaires-etudiant-e-s\/"]}]},{"@type":"ImageObject","inLanguage":"fr-FR","@id":"https:\/\/solidaires-etudiant-e-s.org\/site\/2015\/04\/25\/contribution-nouvel-arrete-doctorat-sud-educationsolidaires-etudiant-e-s\/#primaryimage","url":"http:\/\/1.1.1.3\/bmi\/www.sudeducation.org\/local\/cache-vignettes\/L150xH37\/rubon17-e54c3.png","contentUrl":"http:\/\/1.1.1.3\/bmi\/www.sudeducation.org\/local\/cache-vignettes\/L150xH37\/rubon17-e54c3.png"},{"@type":"BreadcrumbList","@id":"https:\/\/solidaires-etudiant-e-s.org\/site\/2015\/04\/25\/contribution-nouvel-arrete-doctorat-sud-educationsolidaires-etudiant-e-s\/#breadcrumb","itemListElement":[{"@type":"ListItem","position":1,"name":"Accueil","item":"https:\/\/solidaires-etudiant-e-s.org\/site\/"},{"@type":"ListItem","position":2,"name":"Contribution Nouvel Arr\u00eat\u00e9 Doctorat &#8211; Sud \u00e9ducation\/Solidaires \u00e9tudiant-e-s"}]},{"@type":"WebSite","@id":"https:\/\/solidaires-etudiant-e-s.org\/site\/#website","url":"https:\/\/solidaires-etudiant-e-s.org\/site\/","name":"Solidaires \u00e9tudiant-e-s","description":"Syndicats pour un enseignement sup\u00e9rieur gratuit, ouvert, et \u00e9mancipateur !","publisher":{"@id":"https:\/\/solidaires-etudiant-e-s.org\/site\/#organization"},"potentialAction":[{"@type":"SearchAction","target":{"@type":"EntryPoint","urlTemplate":"https:\/\/solidaires-etudiant-e-s.org\/site\/?s={search_term_string}"},"query-input":{"@type":"PropertyValueSpecification","valueRequired":true,"valueName":"search_term_string"}}],"inLanguage":"fr-FR"},{"@type":"Organization","@id":"https:\/\/solidaires-etudiant-e-s.org\/site\/#organization","name":"Solidaires \u00e9tudiant-e-s","url":"https:\/\/solidaires-etudiant-e-s.org\/site\/","logo":{"@type":"ImageObject","inLanguage":"fr-FR","@id":"https:\/\/solidaires-etudiant-e-s.org\/site\/#\/schema\/logo\/image\/","url":"https:\/\/solidaires-etudiant-e-s.org\/site\/wp-content\/uploads\/2025\/12\/13-1.png","contentUrl":"https:\/\/solidaires-etudiant-e-s.org\/site\/wp-content\/uploads\/2025\/12\/13-1.png","width":1181,"height":827,"caption":"Solidaires \u00e9tudiant-e-s"},"image":{"@id":"https:\/\/solidaires-etudiant-e-s.org\/site\/#\/schema\/logo\/image\/"},"sameAs":["https:\/\/www.facebook.com\/solidairesetudiantes","https:\/\/x.com\/SolidairesEtu","https:\/\/www.instagram.com\/solidairesetu\/","https:\/\/bsky.app\/profile\/solidaires-etudiant-e-s.org","https:\/\/mastodon.social\/@solidairesetu","https:\/\/www.youtube.com\/channel\/UC_iZN9gmVAAnXbBM7wAWOag"]},{"@type":"Person","@id":"https:\/\/solidaires-etudiant-e-s.org\/site\/#\/schema\/person\/0efb3e0ff4e2f12b5a5abcd4352aa86c","name":"Solidaires \u00e9tudiant-e-s","image":{"@type":"ImageObject","inLanguage":"fr-FR","@id":"https:\/\/solidaires-etudiant-e-s.org\/site\/wp-content\/uploads\/2020\/01\/logo-SESL-rond-512-96x96.png","url":"https:\/\/solidaires-etudiant-e-s.org\/site\/wp-content\/uploads\/2020\/01\/logo-SESL-rond-512-96x96.png","contentUrl":"https:\/\/solidaires-etudiant-e-s.org\/site\/wp-content\/uploads\/2020\/01\/logo-SESL-rond-512-96x96.png","caption":"Solidaires \u00e9tudiant-e-s"},"sameAs":["https:\/\/solidaires-etudiant.org\/site","https:\/\/www.facebook.com\/solidairesetudiantes","https:\/\/www.instagram.com\/solidairesetu","https:\/\/x.com\/SolidairesEtu","https:\/\/fr.wikipedia.org\/wiki\/Solidaires_tudiant-e-s"]}]}},"_links":{"self":[{"href":"https:\/\/solidaires-etudiant-e-s.org\/site\/wp-json\/wp\/v2\/posts\/2453","targetHints":{"allow":["GET"]}}],"collection":[{"href":"https:\/\/solidaires-etudiant-e-s.org\/site\/wp-json\/wp\/v2\/posts"}],"about":[{"href":"https:\/\/solidaires-etudiant-e-s.org\/site\/wp-json\/wp\/v2\/types\/post"}],"author":[{"embeddable":true,"href":"https:\/\/solidaires-etudiant-e-s.org\/site\/wp-json\/wp\/v2\/users\/1"}],"replies":[{"embeddable":true,"href":"https:\/\/solidaires-etudiant-e-s.org\/site\/wp-json\/wp\/v2\/comments?post=2453"}],"version-history":[{"count":0,"href":"https:\/\/solidaires-etudiant-e-s.org\/site\/wp-json\/wp\/v2\/posts\/2453\/revisions"}],"wp:attachment":[{"href":"https:\/\/solidaires-etudiant-e-s.org\/site\/wp-json\/wp\/v2\/media?parent=2453"}],"wp:term":[{"taxonomy":"category","embeddable":true,"href":"https:\/\/solidaires-etudiant-e-s.org\/site\/wp-json\/wp\/v2\/categories?post=2453"},{"taxonomy":"post_tag","embeddable":true,"href":"https:\/\/solidaires-etudiant-e-s.org\/site\/wp-json\/wp\/v2\/tags?post=2453"}],"curies":[{"name":"wp","href":"https:\/\/api.w.org\/{rel}","templated":true}]}}