{"id":2448,"date":"2015-04-25T19:32:28","date_gmt":"2015-04-25T17:32:28","guid":{"rendered":"http:\/\/www.solidaires-etudiant.org\/?p=2448"},"modified":"2015-04-25T19:32:28","modified_gmt":"2015-04-25T17:32:28","slug":"limitation-de-la-duree-du-doctorat-quand-le-ministere-definit-lela-doctorant-e-ideal-e","status":"publish","type":"post","link":"https:\/\/solidaires-etudiant-e-s.org\/site\/2015\/04\/25\/limitation-de-la-duree-du-doctorat-quand-le-ministere-definit-lela-doctorant-e-ideal-e\/","title":{"rendered":"Limitation de la dur\u00e9e du doctorat: quand le minist\u00e8re d\u00e9finit le\/la \u00ab\u00a0doctorant-e id\u00e9al-e\u00a0\u00bb"},"content":{"rendered":"<p>Le minist\u00e8re de l&rsquo;\u00c9ducation nationale, de l&rsquo;Enseignement sup\u00e9rieur et de la recherche a pr\u00e9sent\u00e9 aux syndicats un arr\u00eat\u00e9 relatif aux \u00e9tudes doctorales, qui remplacerait l&rsquo;ensemble des textes existants. Il porte la vision irr\u00e9aliste et contre-productive d&rsquo;un-e \u00ab\u00a0doctorant-e id\u00e9al-e\u00a0\u00bb.<br \/>\nL&rsquo;arr\u00eat\u00e9 pr\u00e9voit ainsi de <strong>limiter la dur\u00e9e des th\u00e8ses \u00e0 3 ans<\/strong> (avec seulement 2 ann\u00e9es suppl\u00e9mentaires possibles de d\u00e9rogations), ou \u00e0 6 ans, pour les \u00ab\u00a0salari\u00e9s non financ\u00e9s pour leur formation doctorale\u00a0\u00bb. Un comble quand on sait que ce qui est exig\u00e9 des doctorant-e-s au cours de leur th\u00e8se est de plus en plus cons\u00e9quent (enseignement, communications, publications, etc.). Cette limitation ne tient aucunement compte des situations familiales, sociales ou m\u00e9dicales (parentalit\u00e9, maladies, situations de handicap&#8230;) dans lesquelles se trouvent souvent des doctorant-e-s, ni du contexte de p\u00e9nurie des postes qui accro\u00eet la concurrence entre individu-e-s.<br \/>\nAutre mesure irr\u00e9aliste\u00a0: l\u2019arr\u00eat\u00e9 pr\u00e9voit <strong>la non-participation du directeur ou de la directrice de th\u00e8se \u00e0 la d\u00e9lib\u00e9ration du jury<\/strong>. Pourtant il ou elle est la mieux \u00e0 m\u00eame d&rsquo;\u00e9valuer le travail de recherche du ou de la doctorante, l&rsquo;ayant accompagn\u00e9-e dans son travail.<br \/>\nEnfin, alors que le minist\u00e8re affirme vouloir par cet arr\u00eat\u00e9 rappeler qu&rsquo;il n&rsquo;y a qu&rsquo;un doctorat unique, face \u00e0 l&rsquo;\u00e9mergence de <strong>doctorats \u00ab\u00a0pro\u00a0\u00bb<\/strong>, il les rend possibles, en pr\u00e9cisant d\u00e8s l&rsquo;article 1 que\u00a0: \u00ab\u00a0Le dipl\u00f4me de doctorat (\u2026) peut notamment s\u2019obtenir par la voie de l\u2019apprentissage ou par la voie de la validation des acquis de l\u2019exp\u00e9rience.\u00a0\u00bb<br \/>\nLa figure id\u00e9ale d\u2019un-e doctorant-e qui a un bureau, qui est int\u00e9gr\u00e9-e dans son \u00e9quipe de recherche, qui a un financement, qui n&rsquo;a ni probl\u00e8mes de sant\u00e9, ni charges familiales et qui n&rsquo;a aucune crainte quant \u00e0 son insertion professionnelle, est en totale contradiction avec le manque de moyens et de postes dans l&rsquo;enseignement sup\u00e9rieur et la recherche. Solidaires \u00e9tudiant-e-s et Sud-\u00c9ducation r\u00e9affirment <strong>qu&rsquo;une formation doctorale de qualit\u00e9, \u00e0 la recherche et par la recherche, n\u00e9cessite avant tout des moyens financiers et humains permettant aux doctorant-e-s d&rsquo;\u00eatre r\u00e9mun\u00e9r\u00e9-e-s pour leur travail de recherche et d&rsquo;avoir des conditions de travail dignes.<\/strong><br \/>\n<strong>Sud-\u00c9ducation et Solidaires \u00e9tudiant-e-s ont fait conna\u00eetre au minist\u00e8re leur opposition sur ces diff\u00e9rents points<\/strong>. Elle rappellent qu&rsquo;elles\u00a0:<br \/>\n<strong>&#8211; s&rsquo;opposent \u00e0 la r\u00e9duction arbitraire de la dur\u00e9e des th\u00e8ses par des limites de nombre de r\u00e9inscriptions impos\u00e9es d&rsquo;en haut et fig\u00e9es dans le droit\u00a0;<br \/>\n&#8211; soutiennent en revanche fermement la mise en place d&rsquo;un comit\u00e9 de suivi individuel de la formation (qui g\u00e9n\u00e9ralise la pratique du comit\u00e9 de th\u00e8se).<br \/>\n<\/strong><br \/>\nSur ce point\u00a0: le caract\u00e8re collectif de l&rsquo;accompagnement du ou de la doctorante dans sa recherche nous semble \u00e0 la fois b\u00e9n\u00e9fique d&rsquo;un point de vue scientifique et n\u00e9cessaire pour rem\u00e9dier \u00e0 l&rsquo;isolement du\/de la doctorant-e face \u00e0 son directeur dans les situations trop courantes de discrimination ou de harc\u00e8lement. Celles-ci se mat\u00e9rialisent aujourd&rsquo;hui particuli\u00e8rement au moment des r\u00e9inscriptions, o\u00f9 le doctorant ne dispose d&rsquo;aucun recours ni possibilit\u00e9 d&rsquo;appui ext\u00e9rieur quand son directeur s&rsquo;oppose \u00e0 sa r\u00e9inscription.<br \/>\nSolidaires \u00e9tudiant-e-s et Sud-\u00c9ducation ont \u00e9galement alert\u00e9 le minist\u00e8re sur des points permettant d&rsquo;am\u00e9liorer dans l&rsquo;imm\u00e9diat les conditions de travail des doctorants, \u00e0 savoir\u00a0:<br \/>\n&#8211; la suppression du \u00ab\u00a0portfolio\u00a0\u00bb rendant compte des activit\u00e9s du\/de la doctorant-e pendant sa formation et transmis au jury de th\u00e8se, propos\u00e9 par le minist\u00e8re\u00a0;<br \/>\n&#8211; l&rsquo;encadrement du recours \u00e0 la visioconf\u00e9rence durant les soutenances, pour \u00e9viter la mise en place de soutenances quasi enti\u00e8rement d\u00e9mat\u00e9rialis\u00e9es\u00a0;<br \/>\n&#8211; la prise en charge de l&rsquo;impression des th\u00e8ses par les \u00e9tablissements.<br \/>\nRetrouvez notre contribution envoy\u00e9e au minist\u00e8re ici: http:\/\/www.sudeducation.org\/Nouvel-arrete-doctorat.html<\/p>\n<p style=\"text-align: center;\"><a href=\"http:\/\/www.solidaires-etudiant.org\/blog\/2015\/04\/25\/contribution-nouvel-arrete-doctorat-sud-educationsolidaires-etudiant-e-s\/\">Contribution sur l&rsquo;arr\u00eat\u00e9 \u00e0 imprimer pour d\u00e9poser dans les labos! <\/a><a href=\"http:\/\/www.solidaires-etudiant.org\/wp-content\/uploads\/2015\/04\/Nouvel-arr-t-doctorat_a5878.pdf\"><img loading=\"lazy\" decoding=\"async\" class=\"  aligncenter wp-image-274\" src=\"http:\/\/www.solidaires-etudiant.org\/wp-content\/uploads\/2014\/02\/adobe.png\" alt=\"pdf\" width=\"185\" height=\"185\" srcset=\"https:\/\/solidaires-etudiant-e-s.org\/site\/wp-content\/uploads\/2014\/02\/adobe.png 256w, https:\/\/solidaires-etudiant-e-s.org\/site\/wp-content\/uploads\/2014\/02\/adobe-150x150.png 150w\" sizes=\"auto, (max-width: 185px) 100vw, 185px\" \/><\/a><\/p>\n<p style=\"text-align: center;\"><a href=\"http:\/\/www.solidaires-etudiant.org\/blog\/2015\/04\/25\/limitation-de-la-duree-du-doctorat-quand-le-ministere-definit-lela-doctorant-e-ideal-e\/\">Communiqu\u00e9 au format PDF<\/a><a href=\"http:\/\/www.solidaires-etudiant.org\/wp-content\/uploads\/2015\/04\/Communiqu\u00e9-Arr\u00eat\u00e9-doctorat.pdf\"><img loading=\"lazy\" decoding=\"async\" class=\"  aligncenter wp-image-274\" src=\"http:\/\/www.solidaires-etudiant.org\/wp-content\/uploads\/2014\/02\/adobe.png\" alt=\"pdf\" width=\"206\" height=\"206\" srcset=\"https:\/\/solidaires-etudiant-e-s.org\/site\/wp-content\/uploads\/2014\/02\/adobe.png 256w, https:\/\/solidaires-etudiant-e-s.org\/site\/wp-content\/uploads\/2014\/02\/adobe-150x150.png 150w\" sizes=\"auto, (max-width: 206px) 100vw, 206px\" \/><\/a><\/p>\n<p>&nbsp;<\/p>\n<p style=\"text-align: center;\">Sud \u00e9ducation \/ sudeducation.org<br \/>\n01 44 64 72 61<\/p>\n<p style=\"text-align: center;\">Solidaires \u00e9tudiant-e-s, syndicats de luttes \/ Porte-parolat\u00a0: 06.86.80.24.45 \/<br \/>\nhttps:\/\/solidaires-etudiant.org\/site \/ contact@solidaires-etudiant-e-s.org<\/p>\n","protected":false},"excerpt":{"rendered":"<p>Le minist\u00e8re de l&rsquo;\u00c9ducation nationale, de l&rsquo;Enseignement sup\u00e9rieur et de la recherche [&hellip;]<\/p>\n","protected":false},"author":1,"featured_media":2449,"comment_status":"closed","ping_status":"closed","sticky":false,"template":"","format":"standard","meta":{"cybocfi_hide_featured_image":"","footnotes":""},"categories":[18],"tags":[308,417,467,1049],"class_list":["post-2448","post","type-post","status-publish","format-standard","has-post-thumbnail","hentry","category-esr","tag-communiques-2","tag-doctorat","tag-enseignement-superieur","tag-slider","col-md-4 col-sm-4"],"featured_image_src":"https:\/\/solidaires-etudiant-e-s.org\/site\/wp-content\/uploads\/2015\/04\/doctorant-ideal.png","author_info":{"display_name":"Solidaires \u00e9tudiant-e-s","author_link":false},"yoast_head":"<!-- This site is optimized with the Yoast SEO plugin v27.4 - https:\/\/yoast.com\/product\/yoast-seo-wordpress\/ -->\n<title>Limitation de la dur\u00e9e du doctorat: quand le minist\u00e8re d\u00e9finit le\/la \u00ab\u00a0doctorant-e id\u00e9al-e\u00a0\u00bb - Solidaires \u00e9tudiant-e-s<\/title>\n<meta name=\"robots\" content=\"index, follow, max-snippet:-1, max-image-preview:large, max-video-preview:-1\" \/>\n<link rel=\"canonical\" href=\"https:\/\/solidaires-etudiant-e-s.org\/site\/2015\/04\/25\/limitation-de-la-duree-du-doctorat-quand-le-ministere-definit-lela-doctorant-e-ideal-e\/\" \/>\n<meta property=\"og:locale\" content=\"fr_FR\" \/>\n<meta property=\"og:type\" content=\"article\" \/>\n<meta property=\"og:title\" content=\"Limitation de la dur\u00e9e du doctorat: quand le minist\u00e8re d\u00e9finit le\/la \u00ab\u00a0doctorant-e id\u00e9al-e\u00a0\u00bb - Solidaires \u00e9tudiant-e-s\" \/>\n<meta property=\"og:description\" content=\"Le minist\u00e8re de l&rsquo;\u00c9ducation nationale, de l&rsquo;Enseignement sup\u00e9rieur et de la recherche [&hellip;]\" \/>\n<meta property=\"og:url\" content=\"https:\/\/solidaires-etudiant-e-s.org\/site\/2015\/04\/25\/limitation-de-la-duree-du-doctorat-quand-le-ministere-definit-lela-doctorant-e-ideal-e\/\" \/>\n<meta property=\"og:site_name\" content=\"Solidaires \u00e9tudiant-e-s\" \/>\n<meta property=\"article:publisher\" content=\"https:\/\/www.facebook.com\/solidairesetudiantes\" \/>\n<meta property=\"article:author\" content=\"https:\/\/www.facebook.com\/solidairesetudiantes\" \/>\n<meta property=\"article:published_time\" content=\"2015-04-25T17:32:28+00:00\" \/>\n<meta property=\"og:image\" content=\"https:\/\/solidaires-etudiant-e-s.org\/site\/wp-content\/uploads\/2015\/04\/doctorant-ideal.png\" \/>\n\t<meta property=\"og:image:width\" content=\"289\" \/>\n\t<meta property=\"og:image:height\" content=\"289\" \/>\n\t<meta property=\"og:image:type\" content=\"image\/png\" \/>\n<meta name=\"author\" content=\"Solidaires \u00e9tudiant-e-s\" \/>\n<meta name=\"twitter:card\" content=\"summary_large_image\" \/>\n<meta name=\"twitter:creator\" content=\"@SolidairesEtu\" \/>\n<meta name=\"twitter:site\" content=\"@SolidairesEtu\" \/>\n<meta name=\"twitter:label1\" content=\"\u00c9crit par\" \/>\n\t<meta name=\"twitter:data1\" content=\"Solidaires \u00e9tudiant-e-s\" \/>\n\t<meta name=\"twitter:label2\" content=\"Dur\u00e9e de lecture estim\u00e9e\" \/>\n\t<meta name=\"twitter:data2\" content=\"3 minutes\" \/>\n<script type=\"application\/ld+json\" class=\"yoast-schema-graph\">{\"@context\":\"https:\\\/\\\/schema.org\",\"@graph\":[{\"@type\":\"Article\",\"@id\":\"https:\\\/\\\/solidaires-etudiant-e-s.org\\\/site\\\/2015\\\/04\\\/25\\\/limitation-de-la-duree-du-doctorat-quand-le-ministere-definit-lela-doctorant-e-ideal-e\\\/#article\",\"isPartOf\":{\"@id\":\"https:\\\/\\\/solidaires-etudiant-e-s.org\\\/site\\\/2015\\\/04\\\/25\\\/limitation-de-la-duree-du-doctorat-quand-le-ministere-definit-lela-doctorant-e-ideal-e\\\/\"},\"author\":{\"name\":\"Solidaires \u00e9tudiant-e-s\",\"@id\":\"https:\\\/\\\/solidaires-etudiant-e-s.org\\\/site\\\/#\\\/schema\\\/person\\\/0efb3e0ff4e2f12b5a5abcd4352aa86c\"},\"headline\":\"Limitation de la dur\u00e9e du doctorat: quand le minist\u00e8re d\u00e9finit le\\\/la \u00ab\u00a0doctorant-e id\u00e9al-e\u00a0\u00bb\",\"datePublished\":\"2015-04-25T17:32:28+00:00\",\"mainEntityOfPage\":{\"@id\":\"https:\\\/\\\/solidaires-etudiant-e-s.org\\\/site\\\/2015\\\/04\\\/25\\\/limitation-de-la-duree-du-doctorat-quand-le-ministere-definit-lela-doctorant-e-ideal-e\\\/\"},\"wordCount\":734,\"publisher\":{\"@id\":\"https:\\\/\\\/solidaires-etudiant-e-s.org\\\/site\\\/#organization\"},\"image\":{\"@id\":\"https:\\\/\\\/solidaires-etudiant-e-s.org\\\/site\\\/2015\\\/04\\\/25\\\/limitation-de-la-duree-du-doctorat-quand-le-ministere-definit-lela-doctorant-e-ideal-e\\\/#primaryimage\"},\"thumbnailUrl\":\"https:\\\/\\\/solidaires-etudiant-e-s.org\\\/site\\\/wp-content\\\/uploads\\\/2015\\\/04\\\/doctorant-ideal.png\",\"keywords\":[\"communiqu\u00e9s\",\"doctorat\",\"enseignement sup\u00e9rieur\",\"slider\"],\"articleSection\":[\"ENSEIGNEMENT SUPERIEUR\"],\"inLanguage\":\"fr-FR\"},{\"@type\":\"WebPage\",\"@id\":\"https:\\\/\\\/solidaires-etudiant-e-s.org\\\/site\\\/2015\\\/04\\\/25\\\/limitation-de-la-duree-du-doctorat-quand-le-ministere-definit-lela-doctorant-e-ideal-e\\\/\",\"url\":\"https:\\\/\\\/solidaires-etudiant-e-s.org\\\/site\\\/2015\\\/04\\\/25\\\/limitation-de-la-duree-du-doctorat-quand-le-ministere-definit-lela-doctorant-e-ideal-e\\\/\",\"name\":\"Limitation de la dur\u00e9e du doctorat: quand le minist\u00e8re d\u00e9finit le\\\/la \u00ab\u00a0doctorant-e id\u00e9al-e\u00a0\u00bb - Solidaires \u00e9tudiant-e-s\",\"isPartOf\":{\"@id\":\"https:\\\/\\\/solidaires-etudiant-e-s.org\\\/site\\\/#website\"},\"primaryImageOfPage\":{\"@id\":\"https:\\\/\\\/solidaires-etudiant-e-s.org\\\/site\\\/2015\\\/04\\\/25\\\/limitation-de-la-duree-du-doctorat-quand-le-ministere-definit-lela-doctorant-e-ideal-e\\\/#primaryimage\"},\"image\":{\"@id\":\"https:\\\/\\\/solidaires-etudiant-e-s.org\\\/site\\\/2015\\\/04\\\/25\\\/limitation-de-la-duree-du-doctorat-quand-le-ministere-definit-lela-doctorant-e-ideal-e\\\/#primaryimage\"},\"thumbnailUrl\":\"https:\\\/\\\/solidaires-etudiant-e-s.org\\\/site\\\/wp-content\\\/uploads\\\/2015\\\/04\\\/doctorant-ideal.png\",\"datePublished\":\"2015-04-25T17:32:28+00:00\",\"breadcrumb\":{\"@id\":\"https:\\\/\\\/solidaires-etudiant-e-s.org\\\/site\\\/2015\\\/04\\\/25\\\/limitation-de-la-duree-du-doctorat-quand-le-ministere-definit-lela-doctorant-e-ideal-e\\\/#breadcrumb\"},\"inLanguage\":\"fr-FR\",\"potentialAction\":[{\"@type\":\"ReadAction\",\"target\":[\"https:\\\/\\\/solidaires-etudiant-e-s.org\\\/site\\\/2015\\\/04\\\/25\\\/limitation-de-la-duree-du-doctorat-quand-le-ministere-definit-lela-doctorant-e-ideal-e\\\/\"]}]},{\"@type\":\"ImageObject\",\"inLanguage\":\"fr-FR\",\"@id\":\"https:\\\/\\\/solidaires-etudiant-e-s.org\\\/site\\\/2015\\\/04\\\/25\\\/limitation-de-la-duree-du-doctorat-quand-le-ministere-definit-lela-doctorant-e-ideal-e\\\/#primaryimage\",\"url\":\"https:\\\/\\\/solidaires-etudiant-e-s.org\\\/site\\\/wp-content\\\/uploads\\\/2015\\\/04\\\/doctorant-ideal.png\",\"contentUrl\":\"https:\\\/\\\/solidaires-etudiant-e-s.org\\\/site\\\/wp-content\\\/uploads\\\/2015\\\/04\\\/doctorant-ideal.png\",\"width\":289,\"height\":289},{\"@type\":\"BreadcrumbList\",\"@id\":\"https:\\\/\\\/solidaires-etudiant-e-s.org\\\/site\\\/2015\\\/04\\\/25\\\/limitation-de-la-duree-du-doctorat-quand-le-ministere-definit-lela-doctorant-e-ideal-e\\\/#breadcrumb\",\"itemListElement\":[{\"@type\":\"ListItem\",\"position\":1,\"name\":\"Accueil\",\"item\":\"https:\\\/\\\/solidaires-etudiant-e-s.org\\\/site\\\/\"},{\"@type\":\"ListItem\",\"position\":2,\"name\":\"Limitation de la dur\u00e9e du doctorat: quand le minist\u00e8re d\u00e9finit le\\\/la \u00ab\u00a0doctorant-e id\u00e9al-e\u00a0\u00bb\"}]},{\"@type\":\"WebSite\",\"@id\":\"https:\\\/\\\/solidaires-etudiant-e-s.org\\\/site\\\/#website\",\"url\":\"https:\\\/\\\/solidaires-etudiant-e-s.org\\\/site\\\/\",\"name\":\"Solidaires \u00e9tudiant-e-s\",\"description\":\"Syndicats pour un enseignement sup\u00e9rieur gratuit, ouvert, et \u00e9mancipateur !\",\"publisher\":{\"@id\":\"https:\\\/\\\/solidaires-etudiant-e-s.org\\\/site\\\/#organization\"},\"potentialAction\":[{\"@type\":\"SearchAction\",\"target\":{\"@type\":\"EntryPoint\",\"urlTemplate\":\"https:\\\/\\\/solidaires-etudiant-e-s.org\\\/site\\\/?s={search_term_string}\"},\"query-input\":{\"@type\":\"PropertyValueSpecification\",\"valueRequired\":true,\"valueName\":\"search_term_string\"}}],\"inLanguage\":\"fr-FR\"},{\"@type\":\"Organization\",\"@id\":\"https:\\\/\\\/solidaires-etudiant-e-s.org\\\/site\\\/#organization\",\"name\":\"Solidaires \u00e9tudiant-e-s\",\"url\":\"https:\\\/\\\/solidaires-etudiant-e-s.org\\\/site\\\/\",\"logo\":{\"@type\":\"ImageObject\",\"inLanguage\":\"fr-FR\",\"@id\":\"https:\\\/\\\/solidaires-etudiant-e-s.org\\\/site\\\/#\\\/schema\\\/logo\\\/image\\\/\",\"url\":\"https:\\\/\\\/solidaires-etudiant-e-s.org\\\/site\\\/wp-content\\\/uploads\\\/2025\\\/12\\\/13-1.png\",\"contentUrl\":\"https:\\\/\\\/solidaires-etudiant-e-s.org\\\/site\\\/wp-content\\\/uploads\\\/2025\\\/12\\\/13-1.png\",\"width\":1181,\"height\":827,\"caption\":\"Solidaires \u00e9tudiant-e-s\"},\"image\":{\"@id\":\"https:\\\/\\\/solidaires-etudiant-e-s.org\\\/site\\\/#\\\/schema\\\/logo\\\/image\\\/\"},\"sameAs\":[\"https:\\\/\\\/www.facebook.com\\\/solidairesetudiantes\",\"https:\\\/\\\/x.com\\\/SolidairesEtu\",\"https:\\\/\\\/www.instagram.com\\\/solidairesetu\\\/\",\"https:\\\/\\\/bsky.app\\\/profile\\\/solidaires-etudiant-e-s.org\",\"https:\\\/\\\/mastodon.social\\\/@solidairesetu\",\"https:\\\/\\\/www.youtube.com\\\/channel\\\/UC_iZN9gmVAAnXbBM7wAWOag\"]},{\"@type\":\"Person\",\"@id\":\"https:\\\/\\\/solidaires-etudiant-e-s.org\\\/site\\\/#\\\/schema\\\/person\\\/0efb3e0ff4e2f12b5a5abcd4352aa86c\",\"name\":\"Solidaires \u00e9tudiant-e-s\",\"image\":{\"@type\":\"ImageObject\",\"inLanguage\":\"fr-FR\",\"@id\":\"https:\\\/\\\/solidaires-etudiant-e-s.org\\\/site\\\/wp-content\\\/uploads\\\/2020\\\/01\\\/logo-SESL-rond-512-96x96.png\",\"url\":\"https:\\\/\\\/solidaires-etudiant-e-s.org\\\/site\\\/wp-content\\\/uploads\\\/2020\\\/01\\\/logo-SESL-rond-512-96x96.png\",\"contentUrl\":\"https:\\\/\\\/solidaires-etudiant-e-s.org\\\/site\\\/wp-content\\\/uploads\\\/2020\\\/01\\\/logo-SESL-rond-512-96x96.png\",\"caption\":\"Solidaires \u00e9tudiant-e-s\"},\"sameAs\":[\"https:\\\/\\\/solidaires-etudiant.org\\\/site\",\"https:\\\/\\\/www.facebook.com\\\/solidairesetudiantes\",\"https:\\\/\\\/www.instagram.com\\\/solidairesetu\",\"https:\\\/\\\/x.com\\\/SolidairesEtu\",\"https:\\\/\\\/fr.wikipedia.org\\\/wiki\\\/Solidaires_tudiant-e-s\"]}]}<\/script>\n<!-- \/ Yoast SEO plugin. -->","yoast_head_json":{"title":"Limitation de la dur\u00e9e du doctorat: quand le minist\u00e8re d\u00e9finit le\/la \u00ab\u00a0doctorant-e id\u00e9al-e\u00a0\u00bb - Solidaires \u00e9tudiant-e-s","robots":{"index":"index","follow":"follow","max-snippet":"max-snippet:-1","max-image-preview":"max-image-preview:large","max-video-preview":"max-video-preview:-1"},"canonical":"https:\/\/solidaires-etudiant-e-s.org\/site\/2015\/04\/25\/limitation-de-la-duree-du-doctorat-quand-le-ministere-definit-lela-doctorant-e-ideal-e\/","og_locale":"fr_FR","og_type":"article","og_title":"Limitation de la dur\u00e9e du doctorat: quand le minist\u00e8re d\u00e9finit le\/la \u00ab\u00a0doctorant-e id\u00e9al-e\u00a0\u00bb - Solidaires \u00e9tudiant-e-s","og_description":"Le minist\u00e8re de l&rsquo;\u00c9ducation nationale, de l&rsquo;Enseignement sup\u00e9rieur et de la recherche [&hellip;]","og_url":"https:\/\/solidaires-etudiant-e-s.org\/site\/2015\/04\/25\/limitation-de-la-duree-du-doctorat-quand-le-ministere-definit-lela-doctorant-e-ideal-e\/","og_site_name":"Solidaires \u00e9tudiant-e-s","article_publisher":"https:\/\/www.facebook.com\/solidairesetudiantes","article_author":"https:\/\/www.facebook.com\/solidairesetudiantes","article_published_time":"2015-04-25T17:32:28+00:00","og_image":[{"width":289,"height":289,"url":"https:\/\/solidaires-etudiant-e-s.org\/site\/wp-content\/uploads\/2015\/04\/doctorant-ideal.png","type":"image\/png"}],"author":"Solidaires \u00e9tudiant-e-s","twitter_card":"summary_large_image","twitter_creator":"@SolidairesEtu","twitter_site":"@SolidairesEtu","twitter_misc":{"\u00c9crit par":"Solidaires \u00e9tudiant-e-s","Dur\u00e9e de lecture estim\u00e9e":"3 minutes"},"schema":{"@context":"https:\/\/schema.org","@graph":[{"@type":"Article","@id":"https:\/\/solidaires-etudiant-e-s.org\/site\/2015\/04\/25\/limitation-de-la-duree-du-doctorat-quand-le-ministere-definit-lela-doctorant-e-ideal-e\/#article","isPartOf":{"@id":"https:\/\/solidaires-etudiant-e-s.org\/site\/2015\/04\/25\/limitation-de-la-duree-du-doctorat-quand-le-ministere-definit-lela-doctorant-e-ideal-e\/"},"author":{"name":"Solidaires \u00e9tudiant-e-s","@id":"https:\/\/solidaires-etudiant-e-s.org\/site\/#\/schema\/person\/0efb3e0ff4e2f12b5a5abcd4352aa86c"},"headline":"Limitation de la dur\u00e9e du doctorat: quand le minist\u00e8re d\u00e9finit le\/la \u00ab\u00a0doctorant-e id\u00e9al-e\u00a0\u00bb","datePublished":"2015-04-25T17:32:28+00:00","mainEntityOfPage":{"@id":"https:\/\/solidaires-etudiant-e-s.org\/site\/2015\/04\/25\/limitation-de-la-duree-du-doctorat-quand-le-ministere-definit-lela-doctorant-e-ideal-e\/"},"wordCount":734,"publisher":{"@id":"https:\/\/solidaires-etudiant-e-s.org\/site\/#organization"},"image":{"@id":"https:\/\/solidaires-etudiant-e-s.org\/site\/2015\/04\/25\/limitation-de-la-duree-du-doctorat-quand-le-ministere-definit-lela-doctorant-e-ideal-e\/#primaryimage"},"thumbnailUrl":"https:\/\/solidaires-etudiant-e-s.org\/site\/wp-content\/uploads\/2015\/04\/doctorant-ideal.png","keywords":["communiqu\u00e9s","doctorat","enseignement sup\u00e9rieur","slider"],"articleSection":["ENSEIGNEMENT SUPERIEUR"],"inLanguage":"fr-FR"},{"@type":"WebPage","@id":"https:\/\/solidaires-etudiant-e-s.org\/site\/2015\/04\/25\/limitation-de-la-duree-du-doctorat-quand-le-ministere-definit-lela-doctorant-e-ideal-e\/","url":"https:\/\/solidaires-etudiant-e-s.org\/site\/2015\/04\/25\/limitation-de-la-duree-du-doctorat-quand-le-ministere-definit-lela-doctorant-e-ideal-e\/","name":"Limitation de la dur\u00e9e du doctorat: quand le minist\u00e8re d\u00e9finit le\/la \u00ab\u00a0doctorant-e id\u00e9al-e\u00a0\u00bb - Solidaires \u00e9tudiant-e-s","isPartOf":{"@id":"https:\/\/solidaires-etudiant-e-s.org\/site\/#website"},"primaryImageOfPage":{"@id":"https:\/\/solidaires-etudiant-e-s.org\/site\/2015\/04\/25\/limitation-de-la-duree-du-doctorat-quand-le-ministere-definit-lela-doctorant-e-ideal-e\/#primaryimage"},"image":{"@id":"https:\/\/solidaires-etudiant-e-s.org\/site\/2015\/04\/25\/limitation-de-la-duree-du-doctorat-quand-le-ministere-definit-lela-doctorant-e-ideal-e\/#primaryimage"},"thumbnailUrl":"https:\/\/solidaires-etudiant-e-s.org\/site\/wp-content\/uploads\/2015\/04\/doctorant-ideal.png","datePublished":"2015-04-25T17:32:28+00:00","breadcrumb":{"@id":"https:\/\/solidaires-etudiant-e-s.org\/site\/2015\/04\/25\/limitation-de-la-duree-du-doctorat-quand-le-ministere-definit-lela-doctorant-e-ideal-e\/#breadcrumb"},"inLanguage":"fr-FR","potentialAction":[{"@type":"ReadAction","target":["https:\/\/solidaires-etudiant-e-s.org\/site\/2015\/04\/25\/limitation-de-la-duree-du-doctorat-quand-le-ministere-definit-lela-doctorant-e-ideal-e\/"]}]},{"@type":"ImageObject","inLanguage":"fr-FR","@id":"https:\/\/solidaires-etudiant-e-s.org\/site\/2015\/04\/25\/limitation-de-la-duree-du-doctorat-quand-le-ministere-definit-lela-doctorant-e-ideal-e\/#primaryimage","url":"https:\/\/solidaires-etudiant-e-s.org\/site\/wp-content\/uploads\/2015\/04\/doctorant-ideal.png","contentUrl":"https:\/\/solidaires-etudiant-e-s.org\/site\/wp-content\/uploads\/2015\/04\/doctorant-ideal.png","width":289,"height":289},{"@type":"BreadcrumbList","@id":"https:\/\/solidaires-etudiant-e-s.org\/site\/2015\/04\/25\/limitation-de-la-duree-du-doctorat-quand-le-ministere-definit-lela-doctorant-e-ideal-e\/#breadcrumb","itemListElement":[{"@type":"ListItem","position":1,"name":"Accueil","item":"https:\/\/solidaires-etudiant-e-s.org\/site\/"},{"@type":"ListItem","position":2,"name":"Limitation de la dur\u00e9e du doctorat: quand le minist\u00e8re d\u00e9finit le\/la \u00ab\u00a0doctorant-e id\u00e9al-e\u00a0\u00bb"}]},{"@type":"WebSite","@id":"https:\/\/solidaires-etudiant-e-s.org\/site\/#website","url":"https:\/\/solidaires-etudiant-e-s.org\/site\/","name":"Solidaires \u00e9tudiant-e-s","description":"Syndicats pour un enseignement sup\u00e9rieur gratuit, ouvert, et \u00e9mancipateur !","publisher":{"@id":"https:\/\/solidaires-etudiant-e-s.org\/site\/#organization"},"potentialAction":[{"@type":"SearchAction","target":{"@type":"EntryPoint","urlTemplate":"https:\/\/solidaires-etudiant-e-s.org\/site\/?s={search_term_string}"},"query-input":{"@type":"PropertyValueSpecification","valueRequired":true,"valueName":"search_term_string"}}],"inLanguage":"fr-FR"},{"@type":"Organization","@id":"https:\/\/solidaires-etudiant-e-s.org\/site\/#organization","name":"Solidaires \u00e9tudiant-e-s","url":"https:\/\/solidaires-etudiant-e-s.org\/site\/","logo":{"@type":"ImageObject","inLanguage":"fr-FR","@id":"https:\/\/solidaires-etudiant-e-s.org\/site\/#\/schema\/logo\/image\/","url":"https:\/\/solidaires-etudiant-e-s.org\/site\/wp-content\/uploads\/2025\/12\/13-1.png","contentUrl":"https:\/\/solidaires-etudiant-e-s.org\/site\/wp-content\/uploads\/2025\/12\/13-1.png","width":1181,"height":827,"caption":"Solidaires \u00e9tudiant-e-s"},"image":{"@id":"https:\/\/solidaires-etudiant-e-s.org\/site\/#\/schema\/logo\/image\/"},"sameAs":["https:\/\/www.facebook.com\/solidairesetudiantes","https:\/\/x.com\/SolidairesEtu","https:\/\/www.instagram.com\/solidairesetu\/","https:\/\/bsky.app\/profile\/solidaires-etudiant-e-s.org","https:\/\/mastodon.social\/@solidairesetu","https:\/\/www.youtube.com\/channel\/UC_iZN9gmVAAnXbBM7wAWOag"]},{"@type":"Person","@id":"https:\/\/solidaires-etudiant-e-s.org\/site\/#\/schema\/person\/0efb3e0ff4e2f12b5a5abcd4352aa86c","name":"Solidaires \u00e9tudiant-e-s","image":{"@type":"ImageObject","inLanguage":"fr-FR","@id":"https:\/\/solidaires-etudiant-e-s.org\/site\/wp-content\/uploads\/2020\/01\/logo-SESL-rond-512-96x96.png","url":"https:\/\/solidaires-etudiant-e-s.org\/site\/wp-content\/uploads\/2020\/01\/logo-SESL-rond-512-96x96.png","contentUrl":"https:\/\/solidaires-etudiant-e-s.org\/site\/wp-content\/uploads\/2020\/01\/logo-SESL-rond-512-96x96.png","caption":"Solidaires \u00e9tudiant-e-s"},"sameAs":["https:\/\/solidaires-etudiant.org\/site","https:\/\/www.facebook.com\/solidairesetudiantes","https:\/\/www.instagram.com\/solidairesetu","https:\/\/x.com\/SolidairesEtu","https:\/\/fr.wikipedia.org\/wiki\/Solidaires_tudiant-e-s"]}]}},"_links":{"self":[{"href":"https:\/\/solidaires-etudiant-e-s.org\/site\/wp-json\/wp\/v2\/posts\/2448","targetHints":{"allow":["GET"]}}],"collection":[{"href":"https:\/\/solidaires-etudiant-e-s.org\/site\/wp-json\/wp\/v2\/posts"}],"about":[{"href":"https:\/\/solidaires-etudiant-e-s.org\/site\/wp-json\/wp\/v2\/types\/post"}],"author":[{"embeddable":true,"href":"https:\/\/solidaires-etudiant-e-s.org\/site\/wp-json\/wp\/v2\/users\/1"}],"replies":[{"embeddable":true,"href":"https:\/\/solidaires-etudiant-e-s.org\/site\/wp-json\/wp\/v2\/comments?post=2448"}],"version-history":[{"count":0,"href":"https:\/\/solidaires-etudiant-e-s.org\/site\/wp-json\/wp\/v2\/posts\/2448\/revisions"}],"wp:featuredmedia":[{"embeddable":true,"href":"https:\/\/solidaires-etudiant-e-s.org\/site\/wp-json\/wp\/v2\/media\/2449"}],"wp:attachment":[{"href":"https:\/\/solidaires-etudiant-e-s.org\/site\/wp-json\/wp\/v2\/media?parent=2448"}],"wp:term":[{"taxonomy":"category","embeddable":true,"href":"https:\/\/solidaires-etudiant-e-s.org\/site\/wp-json\/wp\/v2\/categories?post=2448"},{"taxonomy":"post_tag","embeddable":true,"href":"https:\/\/solidaires-etudiant-e-s.org\/site\/wp-json\/wp\/v2\/tags?post=2448"}],"curies":[{"name":"wp","href":"https:\/\/api.w.org\/{rel}","templated":true}]}}