{"id":2407,"date":"2015-04-03T15:57:01","date_gmt":"2015-04-03T13:57:01","guid":{"rendered":"http:\/\/www.solidaires-etudiant.org\/?p=2407"},"modified":"2015-04-03T15:57:01","modified_gmt":"2015-04-03T13:57:01","slug":"soutien-aux-anciens-militant-e-s-de-luget-en-greve-de-la-faim","status":"publish","type":"post","link":"https:\/\/solidaires-etudiant-e-s.org\/site\/2015\/04\/03\/soutien-aux-anciens-militant-e-s-de-luget-en-greve-de-la-faim\/","title":{"rendered":"Soutien aux anciens militant-e-s de l\u2019UGET en gr\u00e8ve de la faim"},"content":{"rendered":"<p class=\"western\" align=\"justify\">Depuis la fin des ann\u00e9es 1990 en Tunisie, sous la dictature de Ben Ali, une liste noire officieuse recense les militant-e-s \u00e9tudiant-e-s de l\u2019Union G\u00e9n\u00e9rale des Etudiants Tunisiens (UGET), pour leur interdire de passer les concours de la fonction publique, qui sont le d\u00e9bouch\u00e9 presque exclusif des \u00e9tudes sup\u00e9rieures en Tunisie. Apr\u00e8s la chute de Ben Ali en janvier 2011, la liste a \u00e9t\u00e9 maintenue, et malgr\u00e9 les propos des gouvernements successifs, elle n\u2019a toujours pas \u00e9t\u00e9 supprim\u00e9e. Le comit\u00e9 des anciens de l\u2019UGET a recens\u00e9 186 personnes dans cette situation, contrainte au ch\u00f4mage ou \u00e0 des petits boulots depuis des ann\u00e9es\u00a0: certaines personnes sont dans cette situation depuis 2002\u00a0!<\/p>\n<p class=\"western\" align=\"justify\">Le dernier gouvernement avait enfin promis la suppression de la liste noire. Mais il a quitt\u00e9 le pouvoir sans rien faire. Face \u00e0 cette situation, une partie des anciens \u00e9tudiant-e-s a d\u00e9cid\u00e9 d\u2019entamer une gr\u00e8ve de la faim, derni\u00e8re arme contre l\u2019arbitraire\u00a0!<\/p>\n<p class=\"western\" align=\"justify\"><strong>Nous apportons notre entier soutien aux gr\u00e9vistes de la faim, \u00e0 leurs familles, et aux autres ancien-ne-s militant-e-s de l\u2019UGET victimes de la dictature et oubli\u00e9-e-s de la d\u00e9mocratie.<\/strong><\/p>\n<p class=\"western\" align=\"justify\">Les ministres tunisiens de l\u2019int\u00e9rieur, et de l\u2019emploi et de la formation ont le pouvoir et la responsabilit\u00e9 de mettre fin \u00e0 cette injustice insupportable.<\/p>\n<p class=\"western\" style=\"text-align: right;\" align=\"justify\">Paris, le 3 avril 2015<\/p>\n<p class=\"western\" style=\"text-align: right;\" align=\"justify\">\n<p class=\"western\" style=\"text-align: right;\" align=\"justify\"><a href=\"http:\/\/www.solidaires-etudiant.org\/wp-content\/uploads\/2015\/04\/10632825_929601763746803_3622437657088837491_n1.jpg\"><img loading=\"lazy\" decoding=\"async\" class=\"alignleft size-medium wp-image-2418\" src=\"http:\/\/www.solidaires-etudiant.org\/wp-content\/uploads\/2015\/04\/10632825_929601763746803_3622437657088837491_n1-300x225.jpg\" alt=\"10632825_929601763746803_3622437657088837491_n(1)\" width=\"300\" height=\"225\" srcset=\"https:\/\/solidaires-etudiant-e-s.org\/site\/wp-content\/uploads\/2015\/04\/10632825_929601763746803_3622437657088837491_n1-300x225.jpg 300w, https:\/\/solidaires-etudiant-e-s.org\/site\/wp-content\/uploads\/2015\/04\/10632825_929601763746803_3622437657088837491_n1.jpg 720w\" sizes=\"auto, (max-width: 300px) 100vw, 300px\" \/><\/a><\/p>\n","protected":false},"excerpt":{"rendered":"<p>Depuis la fin des ann\u00e9es 1990 en Tunisie, sous la dictature de [&hellip;]<\/p>\n","protected":false},"author":1,"featured_media":2416,"comment_status":"closed","ping_status":"closed","sticky":false,"template":"","format":"standard","meta":{"cybocfi_hide_featured_image":"","footnotes":""},"categories":[24],"tags":[586,638,1049],"class_list":["post-2407","post","type-post","status-publish","format-standard","has-post-thumbnail","hentry","category-international","tag-greve-de-la-faim","tag-international-2","tag-slider","col-md-4 col-sm-4"],"featured_image_src":"https:\/\/solidaires-etudiant-e-s.org\/site\/wp-content\/uploads\/2015\/04\/10418458_928567770516869_7248625217882740304_n.jpg","author_info":{"display_name":"Solidaires \u00e9tudiant-e-s","author_link":false},"yoast_head":"<!-- This site is optimized with the Yoast SEO plugin v27.4 - https:\/\/yoast.com\/product\/yoast-seo-wordpress\/ -->\n<title>Soutien aux anciens militant-e-s de l\u2019UGET en gr\u00e8ve de la faim - Solidaires \u00e9tudiant-e-s<\/title>\n<meta name=\"robots\" content=\"index, follow, max-snippet:-1, max-image-preview:large, max-video-preview:-1\" \/>\n<link rel=\"canonical\" href=\"https:\/\/solidaires-etudiant-e-s.org\/site\/2015\/04\/03\/soutien-aux-anciens-militant-e-s-de-luget-en-greve-de-la-faim\/\" \/>\n<meta property=\"og:locale\" content=\"fr_FR\" \/>\n<meta property=\"og:type\" content=\"article\" \/>\n<meta property=\"og:title\" content=\"Soutien aux anciens militant-e-s de l\u2019UGET en gr\u00e8ve de la faim - Solidaires \u00e9tudiant-e-s\" \/>\n<meta property=\"og:description\" content=\"Depuis la fin des ann\u00e9es 1990 en Tunisie, sous la dictature de [&hellip;]\" \/>\n<meta property=\"og:url\" content=\"https:\/\/solidaires-etudiant-e-s.org\/site\/2015\/04\/03\/soutien-aux-anciens-militant-e-s-de-luget-en-greve-de-la-faim\/\" \/>\n<meta property=\"og:site_name\" content=\"Solidaires \u00e9tudiant-e-s\" \/>\n<meta property=\"article:publisher\" content=\"https:\/\/www.facebook.com\/solidairesetudiantes\" \/>\n<meta property=\"article:author\" content=\"https:\/\/www.facebook.com\/solidairesetudiantes\" \/>\n<meta property=\"article:published_time\" content=\"2015-04-03T13:57:01+00:00\" \/>\n<meta property=\"og:image\" content=\"https:\/\/solidaires-etudiant-e-s.org\/site\/wp-content\/uploads\/2015\/04\/10418458_928567770516869_7248625217882740304_n.jpg\" \/>\n\t<meta property=\"og:image:width\" content=\"720\" \/>\n\t<meta property=\"og:image:height\" content=\"540\" \/>\n\t<meta property=\"og:image:type\" content=\"image\/jpeg\" \/>\n<meta name=\"author\" content=\"Solidaires \u00e9tudiant-e-s\" \/>\n<meta name=\"twitter:card\" content=\"summary_large_image\" \/>\n<meta name=\"twitter:creator\" content=\"@SolidairesEtu\" \/>\n<meta name=\"twitter:site\" content=\"@SolidairesEtu\" \/>\n<meta name=\"twitter:label1\" content=\"\u00c9crit par\" \/>\n\t<meta name=\"twitter:data1\" content=\"Solidaires \u00e9tudiant-e-s\" \/>\n\t<meta name=\"twitter:label2\" content=\"Dur\u00e9e de lecture estim\u00e9e\" \/>\n\t<meta name=\"twitter:data2\" content=\"1 minute\" \/>\n<script type=\"application\/ld+json\" class=\"yoast-schema-graph\">{\"@context\":\"https:\\\/\\\/schema.org\",\"@graph\":[{\"@type\":\"Article\",\"@id\":\"https:\\\/\\\/solidaires-etudiant-e-s.org\\\/site\\\/2015\\\/04\\\/03\\\/soutien-aux-anciens-militant-e-s-de-luget-en-greve-de-la-faim\\\/#article\",\"isPartOf\":{\"@id\":\"https:\\\/\\\/solidaires-etudiant-e-s.org\\\/site\\\/2015\\\/04\\\/03\\\/soutien-aux-anciens-militant-e-s-de-luget-en-greve-de-la-faim\\\/\"},\"author\":{\"name\":\"Solidaires \u00e9tudiant-e-s\",\"@id\":\"https:\\\/\\\/solidaires-etudiant-e-s.org\\\/site\\\/#\\\/schema\\\/person\\\/0efb3e0ff4e2f12b5a5abcd4352aa86c\"},\"headline\":\"Soutien aux anciens militant-e-s de l\u2019UGET en gr\u00e8ve de la faim\",\"datePublished\":\"2015-04-03T13:57:01+00:00\",\"mainEntityOfPage\":{\"@id\":\"https:\\\/\\\/solidaires-etudiant-e-s.org\\\/site\\\/2015\\\/04\\\/03\\\/soutien-aux-anciens-militant-e-s-de-luget-en-greve-de-la-faim\\\/\"},\"wordCount\":238,\"publisher\":{\"@id\":\"https:\\\/\\\/solidaires-etudiant-e-s.org\\\/site\\\/#organization\"},\"image\":{\"@id\":\"https:\\\/\\\/solidaires-etudiant-e-s.org\\\/site\\\/2015\\\/04\\\/03\\\/soutien-aux-anciens-militant-e-s-de-luget-en-greve-de-la-faim\\\/#primaryimage\"},\"thumbnailUrl\":\"https:\\\/\\\/solidaires-etudiant-e-s.org\\\/site\\\/wp-content\\\/uploads\\\/2015\\\/04\\\/10418458_928567770516869_7248625217882740304_n.jpg\",\"keywords\":[\"gr\u00e8ve de la faim\",\"international\",\"slider\"],\"articleSection\":[\"INTERNATIONAL\"],\"inLanguage\":\"fr-FR\"},{\"@type\":\"WebPage\",\"@id\":\"https:\\\/\\\/solidaires-etudiant-e-s.org\\\/site\\\/2015\\\/04\\\/03\\\/soutien-aux-anciens-militant-e-s-de-luget-en-greve-de-la-faim\\\/\",\"url\":\"https:\\\/\\\/solidaires-etudiant-e-s.org\\\/site\\\/2015\\\/04\\\/03\\\/soutien-aux-anciens-militant-e-s-de-luget-en-greve-de-la-faim\\\/\",\"name\":\"Soutien aux anciens militant-e-s de l\u2019UGET en gr\u00e8ve de la faim - Solidaires \u00e9tudiant-e-s\",\"isPartOf\":{\"@id\":\"https:\\\/\\\/solidaires-etudiant-e-s.org\\\/site\\\/#website\"},\"primaryImageOfPage\":{\"@id\":\"https:\\\/\\\/solidaires-etudiant-e-s.org\\\/site\\\/2015\\\/04\\\/03\\\/soutien-aux-anciens-militant-e-s-de-luget-en-greve-de-la-faim\\\/#primaryimage\"},\"image\":{\"@id\":\"https:\\\/\\\/solidaires-etudiant-e-s.org\\\/site\\\/2015\\\/04\\\/03\\\/soutien-aux-anciens-militant-e-s-de-luget-en-greve-de-la-faim\\\/#primaryimage\"},\"thumbnailUrl\":\"https:\\\/\\\/solidaires-etudiant-e-s.org\\\/site\\\/wp-content\\\/uploads\\\/2015\\\/04\\\/10418458_928567770516869_7248625217882740304_n.jpg\",\"datePublished\":\"2015-04-03T13:57:01+00:00\",\"breadcrumb\":{\"@id\":\"https:\\\/\\\/solidaires-etudiant-e-s.org\\\/site\\\/2015\\\/04\\\/03\\\/soutien-aux-anciens-militant-e-s-de-luget-en-greve-de-la-faim\\\/#breadcrumb\"},\"inLanguage\":\"fr-FR\",\"potentialAction\":[{\"@type\":\"ReadAction\",\"target\":[\"https:\\\/\\\/solidaires-etudiant-e-s.org\\\/site\\\/2015\\\/04\\\/03\\\/soutien-aux-anciens-militant-e-s-de-luget-en-greve-de-la-faim\\\/\"]}]},{\"@type\":\"ImageObject\",\"inLanguage\":\"fr-FR\",\"@id\":\"https:\\\/\\\/solidaires-etudiant-e-s.org\\\/site\\\/2015\\\/04\\\/03\\\/soutien-aux-anciens-militant-e-s-de-luget-en-greve-de-la-faim\\\/#primaryimage\",\"url\":\"https:\\\/\\\/solidaires-etudiant-e-s.org\\\/site\\\/wp-content\\\/uploads\\\/2015\\\/04\\\/10418458_928567770516869_7248625217882740304_n.jpg\",\"contentUrl\":\"https:\\\/\\\/solidaires-etudiant-e-s.org\\\/site\\\/wp-content\\\/uploads\\\/2015\\\/04\\\/10418458_928567770516869_7248625217882740304_n.jpg\",\"width\":720,\"height\":540},{\"@type\":\"BreadcrumbList\",\"@id\":\"https:\\\/\\\/solidaires-etudiant-e-s.org\\\/site\\\/2015\\\/04\\\/03\\\/soutien-aux-anciens-militant-e-s-de-luget-en-greve-de-la-faim\\\/#breadcrumb\",\"itemListElement\":[{\"@type\":\"ListItem\",\"position\":1,\"name\":\"Accueil\",\"item\":\"https:\\\/\\\/solidaires-etudiant-e-s.org\\\/site\\\/\"},{\"@type\":\"ListItem\",\"position\":2,\"name\":\"Soutien aux anciens militant-e-s de l\u2019UGET en gr\u00e8ve de la faim\"}]},{\"@type\":\"WebSite\",\"@id\":\"https:\\\/\\\/solidaires-etudiant-e-s.org\\\/site\\\/#website\",\"url\":\"https:\\\/\\\/solidaires-etudiant-e-s.org\\\/site\\\/\",\"name\":\"Solidaires \u00e9tudiant-e-s\",\"description\":\"Syndicats pour un enseignement sup\u00e9rieur gratuit, ouvert, et \u00e9mancipateur !\",\"publisher\":{\"@id\":\"https:\\\/\\\/solidaires-etudiant-e-s.org\\\/site\\\/#organization\"},\"potentialAction\":[{\"@type\":\"SearchAction\",\"target\":{\"@type\":\"EntryPoint\",\"urlTemplate\":\"https:\\\/\\\/solidaires-etudiant-e-s.org\\\/site\\\/?s={search_term_string}\"},\"query-input\":{\"@type\":\"PropertyValueSpecification\",\"valueRequired\":true,\"valueName\":\"search_term_string\"}}],\"inLanguage\":\"fr-FR\"},{\"@type\":\"Organization\",\"@id\":\"https:\\\/\\\/solidaires-etudiant-e-s.org\\\/site\\\/#organization\",\"name\":\"Solidaires \u00e9tudiant-e-s\",\"url\":\"https:\\\/\\\/solidaires-etudiant-e-s.org\\\/site\\\/\",\"logo\":{\"@type\":\"ImageObject\",\"inLanguage\":\"fr-FR\",\"@id\":\"https:\\\/\\\/solidaires-etudiant-e-s.org\\\/site\\\/#\\\/schema\\\/logo\\\/image\\\/\",\"url\":\"https:\\\/\\\/solidaires-etudiant-e-s.org\\\/site\\\/wp-content\\\/uploads\\\/2025\\\/12\\\/13-1.png\",\"contentUrl\":\"https:\\\/\\\/solidaires-etudiant-e-s.org\\\/site\\\/wp-content\\\/uploads\\\/2025\\\/12\\\/13-1.png\",\"width\":1181,\"height\":827,\"caption\":\"Solidaires \u00e9tudiant-e-s\"},\"image\":{\"@id\":\"https:\\\/\\\/solidaires-etudiant-e-s.org\\\/site\\\/#\\\/schema\\\/logo\\\/image\\\/\"},\"sameAs\":[\"https:\\\/\\\/www.facebook.com\\\/solidairesetudiantes\",\"https:\\\/\\\/x.com\\\/SolidairesEtu\",\"https:\\\/\\\/www.instagram.com\\\/solidairesetu\\\/\",\"https:\\\/\\\/bsky.app\\\/profile\\\/solidaires-etudiant-e-s.org\",\"https:\\\/\\\/mastodon.social\\\/@solidairesetu\",\"https:\\\/\\\/www.youtube.com\\\/channel\\\/UC_iZN9gmVAAnXbBM7wAWOag\"]},{\"@type\":\"Person\",\"@id\":\"https:\\\/\\\/solidaires-etudiant-e-s.org\\\/site\\\/#\\\/schema\\\/person\\\/0efb3e0ff4e2f12b5a5abcd4352aa86c\",\"name\":\"Solidaires \u00e9tudiant-e-s\",\"image\":{\"@type\":\"ImageObject\",\"inLanguage\":\"fr-FR\",\"@id\":\"https:\\\/\\\/solidaires-etudiant-e-s.org\\\/site\\\/wp-content\\\/uploads\\\/2020\\\/01\\\/logo-SESL-rond-512-96x96.png\",\"url\":\"https:\\\/\\\/solidaires-etudiant-e-s.org\\\/site\\\/wp-content\\\/uploads\\\/2020\\\/01\\\/logo-SESL-rond-512-96x96.png\",\"contentUrl\":\"https:\\\/\\\/solidaires-etudiant-e-s.org\\\/site\\\/wp-content\\\/uploads\\\/2020\\\/01\\\/logo-SESL-rond-512-96x96.png\",\"caption\":\"Solidaires \u00e9tudiant-e-s\"},\"sameAs\":[\"https:\\\/\\\/solidaires-etudiant.org\\\/site\",\"https:\\\/\\\/www.facebook.com\\\/solidairesetudiantes\",\"https:\\\/\\\/www.instagram.com\\\/solidairesetu\",\"https:\\\/\\\/x.com\\\/SolidairesEtu\",\"https:\\\/\\\/fr.wikipedia.org\\\/wiki\\\/Solidaires_tudiant-e-s\"]}]}<\/script>\n<!-- \/ Yoast SEO plugin. -->","yoast_head_json":{"title":"Soutien aux anciens militant-e-s de l\u2019UGET en gr\u00e8ve de la faim - Solidaires \u00e9tudiant-e-s","robots":{"index":"index","follow":"follow","max-snippet":"max-snippet:-1","max-image-preview":"max-image-preview:large","max-video-preview":"max-video-preview:-1"},"canonical":"https:\/\/solidaires-etudiant-e-s.org\/site\/2015\/04\/03\/soutien-aux-anciens-militant-e-s-de-luget-en-greve-de-la-faim\/","og_locale":"fr_FR","og_type":"article","og_title":"Soutien aux anciens militant-e-s de l\u2019UGET en gr\u00e8ve de la faim - Solidaires \u00e9tudiant-e-s","og_description":"Depuis la fin des ann\u00e9es 1990 en Tunisie, sous la dictature de [&hellip;]","og_url":"https:\/\/solidaires-etudiant-e-s.org\/site\/2015\/04\/03\/soutien-aux-anciens-militant-e-s-de-luget-en-greve-de-la-faim\/","og_site_name":"Solidaires \u00e9tudiant-e-s","article_publisher":"https:\/\/www.facebook.com\/solidairesetudiantes","article_author":"https:\/\/www.facebook.com\/solidairesetudiantes","article_published_time":"2015-04-03T13:57:01+00:00","og_image":[{"width":720,"height":540,"url":"https:\/\/solidaires-etudiant-e-s.org\/site\/wp-content\/uploads\/2015\/04\/10418458_928567770516869_7248625217882740304_n.jpg","type":"image\/jpeg"}],"author":"Solidaires \u00e9tudiant-e-s","twitter_card":"summary_large_image","twitter_creator":"@SolidairesEtu","twitter_site":"@SolidairesEtu","twitter_misc":{"\u00c9crit par":"Solidaires \u00e9tudiant-e-s","Dur\u00e9e de lecture estim\u00e9e":"1 minute"},"schema":{"@context":"https:\/\/schema.org","@graph":[{"@type":"Article","@id":"https:\/\/solidaires-etudiant-e-s.org\/site\/2015\/04\/03\/soutien-aux-anciens-militant-e-s-de-luget-en-greve-de-la-faim\/#article","isPartOf":{"@id":"https:\/\/solidaires-etudiant-e-s.org\/site\/2015\/04\/03\/soutien-aux-anciens-militant-e-s-de-luget-en-greve-de-la-faim\/"},"author":{"name":"Solidaires \u00e9tudiant-e-s","@id":"https:\/\/solidaires-etudiant-e-s.org\/site\/#\/schema\/person\/0efb3e0ff4e2f12b5a5abcd4352aa86c"},"headline":"Soutien aux anciens militant-e-s de l\u2019UGET en gr\u00e8ve de la faim","datePublished":"2015-04-03T13:57:01+00:00","mainEntityOfPage":{"@id":"https:\/\/solidaires-etudiant-e-s.org\/site\/2015\/04\/03\/soutien-aux-anciens-militant-e-s-de-luget-en-greve-de-la-faim\/"},"wordCount":238,"publisher":{"@id":"https:\/\/solidaires-etudiant-e-s.org\/site\/#organization"},"image":{"@id":"https:\/\/solidaires-etudiant-e-s.org\/site\/2015\/04\/03\/soutien-aux-anciens-militant-e-s-de-luget-en-greve-de-la-faim\/#primaryimage"},"thumbnailUrl":"https:\/\/solidaires-etudiant-e-s.org\/site\/wp-content\/uploads\/2015\/04\/10418458_928567770516869_7248625217882740304_n.jpg","keywords":["gr\u00e8ve de la faim","international","slider"],"articleSection":["INTERNATIONAL"],"inLanguage":"fr-FR"},{"@type":"WebPage","@id":"https:\/\/solidaires-etudiant-e-s.org\/site\/2015\/04\/03\/soutien-aux-anciens-militant-e-s-de-luget-en-greve-de-la-faim\/","url":"https:\/\/solidaires-etudiant-e-s.org\/site\/2015\/04\/03\/soutien-aux-anciens-militant-e-s-de-luget-en-greve-de-la-faim\/","name":"Soutien aux anciens militant-e-s de l\u2019UGET en gr\u00e8ve de la faim - Solidaires \u00e9tudiant-e-s","isPartOf":{"@id":"https:\/\/solidaires-etudiant-e-s.org\/site\/#website"},"primaryImageOfPage":{"@id":"https:\/\/solidaires-etudiant-e-s.org\/site\/2015\/04\/03\/soutien-aux-anciens-militant-e-s-de-luget-en-greve-de-la-faim\/#primaryimage"},"image":{"@id":"https:\/\/solidaires-etudiant-e-s.org\/site\/2015\/04\/03\/soutien-aux-anciens-militant-e-s-de-luget-en-greve-de-la-faim\/#primaryimage"},"thumbnailUrl":"https:\/\/solidaires-etudiant-e-s.org\/site\/wp-content\/uploads\/2015\/04\/10418458_928567770516869_7248625217882740304_n.jpg","datePublished":"2015-04-03T13:57:01+00:00","breadcrumb":{"@id":"https:\/\/solidaires-etudiant-e-s.org\/site\/2015\/04\/03\/soutien-aux-anciens-militant-e-s-de-luget-en-greve-de-la-faim\/#breadcrumb"},"inLanguage":"fr-FR","potentialAction":[{"@type":"ReadAction","target":["https:\/\/solidaires-etudiant-e-s.org\/site\/2015\/04\/03\/soutien-aux-anciens-militant-e-s-de-luget-en-greve-de-la-faim\/"]}]},{"@type":"ImageObject","inLanguage":"fr-FR","@id":"https:\/\/solidaires-etudiant-e-s.org\/site\/2015\/04\/03\/soutien-aux-anciens-militant-e-s-de-luget-en-greve-de-la-faim\/#primaryimage","url":"https:\/\/solidaires-etudiant-e-s.org\/site\/wp-content\/uploads\/2015\/04\/10418458_928567770516869_7248625217882740304_n.jpg","contentUrl":"https:\/\/solidaires-etudiant-e-s.org\/site\/wp-content\/uploads\/2015\/04\/10418458_928567770516869_7248625217882740304_n.jpg","width":720,"height":540},{"@type":"BreadcrumbList","@id":"https:\/\/solidaires-etudiant-e-s.org\/site\/2015\/04\/03\/soutien-aux-anciens-militant-e-s-de-luget-en-greve-de-la-faim\/#breadcrumb","itemListElement":[{"@type":"ListItem","position":1,"name":"Accueil","item":"https:\/\/solidaires-etudiant-e-s.org\/site\/"},{"@type":"ListItem","position":2,"name":"Soutien aux anciens militant-e-s de l\u2019UGET en gr\u00e8ve de la faim"}]},{"@type":"WebSite","@id":"https:\/\/solidaires-etudiant-e-s.org\/site\/#website","url":"https:\/\/solidaires-etudiant-e-s.org\/site\/","name":"Solidaires \u00e9tudiant-e-s","description":"Syndicats pour un enseignement sup\u00e9rieur gratuit, ouvert, et \u00e9mancipateur !","publisher":{"@id":"https:\/\/solidaires-etudiant-e-s.org\/site\/#organization"},"potentialAction":[{"@type":"SearchAction","target":{"@type":"EntryPoint","urlTemplate":"https:\/\/solidaires-etudiant-e-s.org\/site\/?s={search_term_string}"},"query-input":{"@type":"PropertyValueSpecification","valueRequired":true,"valueName":"search_term_string"}}],"inLanguage":"fr-FR"},{"@type":"Organization","@id":"https:\/\/solidaires-etudiant-e-s.org\/site\/#organization","name":"Solidaires \u00e9tudiant-e-s","url":"https:\/\/solidaires-etudiant-e-s.org\/site\/","logo":{"@type":"ImageObject","inLanguage":"fr-FR","@id":"https:\/\/solidaires-etudiant-e-s.org\/site\/#\/schema\/logo\/image\/","url":"https:\/\/solidaires-etudiant-e-s.org\/site\/wp-content\/uploads\/2025\/12\/13-1.png","contentUrl":"https:\/\/solidaires-etudiant-e-s.org\/site\/wp-content\/uploads\/2025\/12\/13-1.png","width":1181,"height":827,"caption":"Solidaires \u00e9tudiant-e-s"},"image":{"@id":"https:\/\/solidaires-etudiant-e-s.org\/site\/#\/schema\/logo\/image\/"},"sameAs":["https:\/\/www.facebook.com\/solidairesetudiantes","https:\/\/x.com\/SolidairesEtu","https:\/\/www.instagram.com\/solidairesetu\/","https:\/\/bsky.app\/profile\/solidaires-etudiant-e-s.org","https:\/\/mastodon.social\/@solidairesetu","https:\/\/www.youtube.com\/channel\/UC_iZN9gmVAAnXbBM7wAWOag"]},{"@type":"Person","@id":"https:\/\/solidaires-etudiant-e-s.org\/site\/#\/schema\/person\/0efb3e0ff4e2f12b5a5abcd4352aa86c","name":"Solidaires \u00e9tudiant-e-s","image":{"@type":"ImageObject","inLanguage":"fr-FR","@id":"https:\/\/solidaires-etudiant-e-s.org\/site\/wp-content\/uploads\/2020\/01\/logo-SESL-rond-512-96x96.png","url":"https:\/\/solidaires-etudiant-e-s.org\/site\/wp-content\/uploads\/2020\/01\/logo-SESL-rond-512-96x96.png","contentUrl":"https:\/\/solidaires-etudiant-e-s.org\/site\/wp-content\/uploads\/2020\/01\/logo-SESL-rond-512-96x96.png","caption":"Solidaires \u00e9tudiant-e-s"},"sameAs":["https:\/\/solidaires-etudiant.org\/site","https:\/\/www.facebook.com\/solidairesetudiantes","https:\/\/www.instagram.com\/solidairesetu","https:\/\/x.com\/SolidairesEtu","https:\/\/fr.wikipedia.org\/wiki\/Solidaires_tudiant-e-s"]}]}},"_links":{"self":[{"href":"https:\/\/solidaires-etudiant-e-s.org\/site\/wp-json\/wp\/v2\/posts\/2407","targetHints":{"allow":["GET"]}}],"collection":[{"href":"https:\/\/solidaires-etudiant-e-s.org\/site\/wp-json\/wp\/v2\/posts"}],"about":[{"href":"https:\/\/solidaires-etudiant-e-s.org\/site\/wp-json\/wp\/v2\/types\/post"}],"author":[{"embeddable":true,"href":"https:\/\/solidaires-etudiant-e-s.org\/site\/wp-json\/wp\/v2\/users\/1"}],"replies":[{"embeddable":true,"href":"https:\/\/solidaires-etudiant-e-s.org\/site\/wp-json\/wp\/v2\/comments?post=2407"}],"version-history":[{"count":0,"href":"https:\/\/solidaires-etudiant-e-s.org\/site\/wp-json\/wp\/v2\/posts\/2407\/revisions"}],"wp:featuredmedia":[{"embeddable":true,"href":"https:\/\/solidaires-etudiant-e-s.org\/site\/wp-json\/wp\/v2\/media\/2416"}],"wp:attachment":[{"href":"https:\/\/solidaires-etudiant-e-s.org\/site\/wp-json\/wp\/v2\/media?parent=2407"}],"wp:term":[{"taxonomy":"category","embeddable":true,"href":"https:\/\/solidaires-etudiant-e-s.org\/site\/wp-json\/wp\/v2\/categories?post=2407"},{"taxonomy":"post_tag","embeddable":true,"href":"https:\/\/solidaires-etudiant-e-s.org\/site\/wp-json\/wp\/v2\/tags?post=2407"}],"curies":[{"name":"wp","href":"https:\/\/api.w.org\/{rel}","templated":true}]}}