{"id":2405,"date":"2015-04-03T13:11:09","date_gmt":"2015-04-03T11:11:09","guid":{"rendered":"http:\/\/www.solidaires-etudiant.org\/?p=2405"},"modified":"2015-04-03T13:11:09","modified_gmt":"2015-04-03T11:11:09","slug":"solidarite-avec-ines-une-carte-detudiante-un-titre-de-sejour","status":"publish","type":"post","link":"https:\/\/solidaires-etudiant-e-s.org\/site\/2015\/04\/03\/solidarite-avec-ines-une-carte-detudiante-un-titre-de-sejour\/","title":{"rendered":"Solidarit\u00e9 avec Ines !  Une carte d&#039;\u00e9tudiante = un titre de s\u00e9jour"},"content":{"rendered":"<p>Nous avons appris lundi que notre camarade Ines, membre du SLB Skol-veur, syndicat des travailleurs\/euses de Bretagne et \u00e9tudiante en math\u00e9matiques \u00e0 Rennes 1 \u00e9tait expulsable. De nationalit\u00e9 tunisienne elle r\u00e9side en France depuis 2010, o\u00f9 elle vie, \u00e9tudie et travaille. Pourtant le pr\u00e9fet d\u2019Ille et Vilaine a prononc\u00e9 une Obligation a Quitter le Territoire Fran\u00e7ais (OQTF) \u00e0 son encontre deux jour apr\u00e8s son mariage \u00e0 Rennes. La pr\u00e9fecture justifie cette OQTF par le fait que Ines aurait manqu\u00e9 \u00e0 ses devoirs d\u2019\u00e9tudiante en ne validant pas son ann\u00e9e et pour cause puisque n\u2019\u00e9tant \u00e9ligible \u00e0 aucune aide de type bourse en tant qu&rsquo; \u00ab \u00e9trang\u00e8re \u00bb, elle \u00e9tait oblig\u00e9e de travailler pour financer ses \u00e9tudes, comme de nombreux autres \u00e9tudiant-e-s.<br \/>\nLe syndicat Solidaires \u00e9tudiant-e-s Rennes tient \u00e0 apporter tout son soutien \u00e0 notre camarade Ines, sa famille et ses ami-e-s. Nous d\u00e9non\u00e7ons vivement les m\u00e9thodes de l\u2019administration qui s\u2019arroge le droit de juger des r\u00e9sultats scolaire d\u2019une personne et de d\u00e9cr\u00e9ter qui a le droit ou non d\u2019\u00e9tudier en France. Nous exigeons que la carte \u00e9tudiante sois valable comme titre de s\u00e9jour. Arr\u00eat imm\u00e9diat des expulsions. R\u00e9gularisation de tous\/toutes les Sans-Papier.<\/p>\n<p style=\"text-align: right;\">02\/04\/2014<\/p>\n<p style=\"text-align: center;\">Solidaires \u00e9tudiant-e-s Rennes<\/p>\n<p style=\"text-align: center;\">f\u00e9d\u00e9ration Solidaires \u00e9tudiant-e-s, syndicats de luttes \/ Porte-parolat\u00a0: 06.86.80.24.45 \/<br \/>\nhttps:\/\/solidaires-etudiant.org\/site \/ contact@solidaires-etudiant-e-s.org<\/p>\n","protected":false},"excerpt":{"rendered":"<p>Nous avons appris lundi que notre camarade Ines, membre du SLB Skol-veur, [&hellip;]<\/p>\n","protected":false},"author":1,"featured_media":1646,"comment_status":"closed","ping_status":"closed","sticky":false,"template":"","format":"standard","meta":{"cybocfi_hide_featured_image":"","footnotes":""},"categories":[10],"tags":[308,825,966,1017,1049],"class_list":["post-2405","post","type-post","status-publish","format-standard","has-post-thumbnail","hentry","category-communiques","tag-communiques-2","tag-oqtf","tag-rennes","tag-sans-papiers","tag-slider","col-md-4 col-sm-4"],"featured_image_src":"https:\/\/solidaires-etudiant-e-s.org\/site\/wp-content\/uploads\/2014\/12\/solidarite-est-notre-arme.jpg","author_info":{"display_name":"Solidaires \u00e9tudiant-e-s","author_link":false},"yoast_head":"<!-- This site is optimized with the Yoast SEO plugin v27.4 - https:\/\/yoast.com\/product\/yoast-seo-wordpress\/ -->\n<title>Solidarit\u00e9 avec Ines ! Une carte d&#039;\u00e9tudiante = un titre de s\u00e9jour - Solidaires \u00e9tudiant-e-s<\/title>\n<meta name=\"robots\" content=\"index, follow, max-snippet:-1, max-image-preview:large, max-video-preview:-1\" \/>\n<link rel=\"canonical\" href=\"https:\/\/solidaires-etudiant-e-s.org\/site\/2015\/04\/03\/solidarite-avec-ines-une-carte-detudiante-un-titre-de-sejour\/\" \/>\n<meta property=\"og:locale\" content=\"fr_FR\" \/>\n<meta property=\"og:type\" content=\"article\" \/>\n<meta property=\"og:title\" content=\"Solidarit\u00e9 avec Ines ! Une carte d&#039;\u00e9tudiante = un titre de s\u00e9jour - Solidaires \u00e9tudiant-e-s\" \/>\n<meta property=\"og:description\" content=\"Nous avons appris lundi que notre camarade Ines, membre du SLB Skol-veur, [&hellip;]\" \/>\n<meta property=\"og:url\" content=\"https:\/\/solidaires-etudiant-e-s.org\/site\/2015\/04\/03\/solidarite-avec-ines-une-carte-detudiante-un-titre-de-sejour\/\" \/>\n<meta property=\"og:site_name\" content=\"Solidaires \u00e9tudiant-e-s\" \/>\n<meta property=\"article:publisher\" content=\"https:\/\/www.facebook.com\/solidairesetudiantes\" \/>\n<meta property=\"article:author\" content=\"https:\/\/www.facebook.com\/solidairesetudiantes\" \/>\n<meta property=\"article:published_time\" content=\"2015-04-03T11:11:09+00:00\" \/>\n<meta property=\"og:image\" content=\"https:\/\/solidaires-etudiant-e-s.org\/site\/wp-content\/uploads\/2014\/12\/solidarite-est-notre-arme.jpg\" \/>\n\t<meta property=\"og:image:width\" content=\"720\" \/>\n\t<meta property=\"og:image:height\" content=\"540\" \/>\n\t<meta property=\"og:image:type\" content=\"image\/jpeg\" \/>\n<meta name=\"author\" content=\"Solidaires \u00e9tudiant-e-s\" \/>\n<meta name=\"twitter:card\" content=\"summary_large_image\" \/>\n<meta name=\"twitter:creator\" content=\"@SolidairesEtu\" \/>\n<meta name=\"twitter:site\" content=\"@SolidairesEtu\" \/>\n<meta name=\"twitter:label1\" content=\"\u00c9crit par\" \/>\n\t<meta name=\"twitter:data1\" content=\"Solidaires \u00e9tudiant-e-s\" \/>\n\t<meta name=\"twitter:label2\" content=\"Dur\u00e9e de lecture estim\u00e9e\" \/>\n\t<meta name=\"twitter:data2\" content=\"1 minute\" \/>\n<script type=\"application\/ld+json\" class=\"yoast-schema-graph\">{\"@context\":\"https:\\\/\\\/schema.org\",\"@graph\":[{\"@type\":\"Article\",\"@id\":\"https:\\\/\\\/solidaires-etudiant-e-s.org\\\/site\\\/2015\\\/04\\\/03\\\/solidarite-avec-ines-une-carte-detudiante-un-titre-de-sejour\\\/#article\",\"isPartOf\":{\"@id\":\"https:\\\/\\\/solidaires-etudiant-e-s.org\\\/site\\\/2015\\\/04\\\/03\\\/solidarite-avec-ines-une-carte-detudiante-un-titre-de-sejour\\\/\"},\"author\":{\"name\":\"Solidaires \u00e9tudiant-e-s\",\"@id\":\"https:\\\/\\\/solidaires-etudiant-e-s.org\\\/site\\\/#\\\/schema\\\/person\\\/0efb3e0ff4e2f12b5a5abcd4352aa86c\"},\"headline\":\"Solidarit\u00e9 avec Ines ! Une carte d&#039;\u00e9tudiante = un titre de s\u00e9jour\",\"datePublished\":\"2015-04-03T11:11:09+00:00\",\"mainEntityOfPage\":{\"@id\":\"https:\\\/\\\/solidaires-etudiant-e-s.org\\\/site\\\/2015\\\/04\\\/03\\\/solidarite-avec-ines-une-carte-detudiante-un-titre-de-sejour\\\/\"},\"wordCount\":240,\"publisher\":{\"@id\":\"https:\\\/\\\/solidaires-etudiant-e-s.org\\\/site\\\/#organization\"},\"image\":{\"@id\":\"https:\\\/\\\/solidaires-etudiant-e-s.org\\\/site\\\/2015\\\/04\\\/03\\\/solidarite-avec-ines-une-carte-detudiante-un-titre-de-sejour\\\/#primaryimage\"},\"thumbnailUrl\":\"https:\\\/\\\/solidaires-etudiant-e-s.org\\\/site\\\/wp-content\\\/uploads\\\/2014\\\/12\\\/solidarite-est-notre-arme.jpg\",\"keywords\":[\"communiqu\u00e9s\",\"OQTF\",\"rennes\",\"sans papiers\",\"slider\"],\"articleSection\":[\"COMMUNIQUES NATIONAUX\"],\"inLanguage\":\"fr-FR\"},{\"@type\":\"WebPage\",\"@id\":\"https:\\\/\\\/solidaires-etudiant-e-s.org\\\/site\\\/2015\\\/04\\\/03\\\/solidarite-avec-ines-une-carte-detudiante-un-titre-de-sejour\\\/\",\"url\":\"https:\\\/\\\/solidaires-etudiant-e-s.org\\\/site\\\/2015\\\/04\\\/03\\\/solidarite-avec-ines-une-carte-detudiante-un-titre-de-sejour\\\/\",\"name\":\"Solidarit\u00e9 avec Ines ! Une carte d&#039;\u00e9tudiante = un titre de s\u00e9jour - Solidaires \u00e9tudiant-e-s\",\"isPartOf\":{\"@id\":\"https:\\\/\\\/solidaires-etudiant-e-s.org\\\/site\\\/#website\"},\"primaryImageOfPage\":{\"@id\":\"https:\\\/\\\/solidaires-etudiant-e-s.org\\\/site\\\/2015\\\/04\\\/03\\\/solidarite-avec-ines-une-carte-detudiante-un-titre-de-sejour\\\/#primaryimage\"},\"image\":{\"@id\":\"https:\\\/\\\/solidaires-etudiant-e-s.org\\\/site\\\/2015\\\/04\\\/03\\\/solidarite-avec-ines-une-carte-detudiante-un-titre-de-sejour\\\/#primaryimage\"},\"thumbnailUrl\":\"https:\\\/\\\/solidaires-etudiant-e-s.org\\\/site\\\/wp-content\\\/uploads\\\/2014\\\/12\\\/solidarite-est-notre-arme.jpg\",\"datePublished\":\"2015-04-03T11:11:09+00:00\",\"breadcrumb\":{\"@id\":\"https:\\\/\\\/solidaires-etudiant-e-s.org\\\/site\\\/2015\\\/04\\\/03\\\/solidarite-avec-ines-une-carte-detudiante-un-titre-de-sejour\\\/#breadcrumb\"},\"inLanguage\":\"fr-FR\",\"potentialAction\":[{\"@type\":\"ReadAction\",\"target\":[\"https:\\\/\\\/solidaires-etudiant-e-s.org\\\/site\\\/2015\\\/04\\\/03\\\/solidarite-avec-ines-une-carte-detudiante-un-titre-de-sejour\\\/\"]}]},{\"@type\":\"ImageObject\",\"inLanguage\":\"fr-FR\",\"@id\":\"https:\\\/\\\/solidaires-etudiant-e-s.org\\\/site\\\/2015\\\/04\\\/03\\\/solidarite-avec-ines-une-carte-detudiante-un-titre-de-sejour\\\/#primaryimage\",\"url\":\"https:\\\/\\\/solidaires-etudiant-e-s.org\\\/site\\\/wp-content\\\/uploads\\\/2014\\\/12\\\/solidarite-est-notre-arme.jpg\",\"contentUrl\":\"https:\\\/\\\/solidaires-etudiant-e-s.org\\\/site\\\/wp-content\\\/uploads\\\/2014\\\/12\\\/solidarite-est-notre-arme.jpg\",\"width\":720,\"height\":540},{\"@type\":\"BreadcrumbList\",\"@id\":\"https:\\\/\\\/solidaires-etudiant-e-s.org\\\/site\\\/2015\\\/04\\\/03\\\/solidarite-avec-ines-une-carte-detudiante-un-titre-de-sejour\\\/#breadcrumb\",\"itemListElement\":[{\"@type\":\"ListItem\",\"position\":1,\"name\":\"Accueil\",\"item\":\"https:\\\/\\\/solidaires-etudiant-e-s.org\\\/site\\\/\"},{\"@type\":\"ListItem\",\"position\":2,\"name\":\"Solidarit\u00e9 avec Ines ! Une carte d&#039;\u00e9tudiante = un titre de s\u00e9jour\"}]},{\"@type\":\"WebSite\",\"@id\":\"https:\\\/\\\/solidaires-etudiant-e-s.org\\\/site\\\/#website\",\"url\":\"https:\\\/\\\/solidaires-etudiant-e-s.org\\\/site\\\/\",\"name\":\"Solidaires \u00e9tudiant-e-s\",\"description\":\"Syndicats pour un enseignement sup\u00e9rieur gratuit, ouvert, et \u00e9mancipateur !\",\"publisher\":{\"@id\":\"https:\\\/\\\/solidaires-etudiant-e-s.org\\\/site\\\/#organization\"},\"potentialAction\":[{\"@type\":\"SearchAction\",\"target\":{\"@type\":\"EntryPoint\",\"urlTemplate\":\"https:\\\/\\\/solidaires-etudiant-e-s.org\\\/site\\\/?s={search_term_string}\"},\"query-input\":{\"@type\":\"PropertyValueSpecification\",\"valueRequired\":true,\"valueName\":\"search_term_string\"}}],\"inLanguage\":\"fr-FR\"},{\"@type\":\"Organization\",\"@id\":\"https:\\\/\\\/solidaires-etudiant-e-s.org\\\/site\\\/#organization\",\"name\":\"Solidaires \u00e9tudiant-e-s\",\"url\":\"https:\\\/\\\/solidaires-etudiant-e-s.org\\\/site\\\/\",\"logo\":{\"@type\":\"ImageObject\",\"inLanguage\":\"fr-FR\",\"@id\":\"https:\\\/\\\/solidaires-etudiant-e-s.org\\\/site\\\/#\\\/schema\\\/logo\\\/image\\\/\",\"url\":\"https:\\\/\\\/solidaires-etudiant-e-s.org\\\/site\\\/wp-content\\\/uploads\\\/2025\\\/12\\\/13-1.png\",\"contentUrl\":\"https:\\\/\\\/solidaires-etudiant-e-s.org\\\/site\\\/wp-content\\\/uploads\\\/2025\\\/12\\\/13-1.png\",\"width\":1181,\"height\":827,\"caption\":\"Solidaires \u00e9tudiant-e-s\"},\"image\":{\"@id\":\"https:\\\/\\\/solidaires-etudiant-e-s.org\\\/site\\\/#\\\/schema\\\/logo\\\/image\\\/\"},\"sameAs\":[\"https:\\\/\\\/www.facebook.com\\\/solidairesetudiantes\",\"https:\\\/\\\/x.com\\\/SolidairesEtu\",\"https:\\\/\\\/www.instagram.com\\\/solidairesetu\\\/\",\"https:\\\/\\\/bsky.app\\\/profile\\\/solidaires-etudiant-e-s.org\",\"https:\\\/\\\/mastodon.social\\\/@solidairesetu\",\"https:\\\/\\\/www.youtube.com\\\/channel\\\/UC_iZN9gmVAAnXbBM7wAWOag\"]},{\"@type\":\"Person\",\"@id\":\"https:\\\/\\\/solidaires-etudiant-e-s.org\\\/site\\\/#\\\/schema\\\/person\\\/0efb3e0ff4e2f12b5a5abcd4352aa86c\",\"name\":\"Solidaires \u00e9tudiant-e-s\",\"image\":{\"@type\":\"ImageObject\",\"inLanguage\":\"fr-FR\",\"@id\":\"https:\\\/\\\/solidaires-etudiant-e-s.org\\\/site\\\/wp-content\\\/uploads\\\/2020\\\/01\\\/logo-SESL-rond-512-96x96.png\",\"url\":\"https:\\\/\\\/solidaires-etudiant-e-s.org\\\/site\\\/wp-content\\\/uploads\\\/2020\\\/01\\\/logo-SESL-rond-512-96x96.png\",\"contentUrl\":\"https:\\\/\\\/solidaires-etudiant-e-s.org\\\/site\\\/wp-content\\\/uploads\\\/2020\\\/01\\\/logo-SESL-rond-512-96x96.png\",\"caption\":\"Solidaires \u00e9tudiant-e-s\"},\"sameAs\":[\"https:\\\/\\\/solidaires-etudiant.org\\\/site\",\"https:\\\/\\\/www.facebook.com\\\/solidairesetudiantes\",\"https:\\\/\\\/www.instagram.com\\\/solidairesetu\",\"https:\\\/\\\/x.com\\\/SolidairesEtu\",\"https:\\\/\\\/fr.wikipedia.org\\\/wiki\\\/Solidaires_tudiant-e-s\"]}]}<\/script>\n<!-- \/ Yoast SEO plugin. -->","yoast_head_json":{"title":"Solidarit\u00e9 avec Ines ! Une carte d&#039;\u00e9tudiante = un titre de s\u00e9jour - Solidaires \u00e9tudiant-e-s","robots":{"index":"index","follow":"follow","max-snippet":"max-snippet:-1","max-image-preview":"max-image-preview:large","max-video-preview":"max-video-preview:-1"},"canonical":"https:\/\/solidaires-etudiant-e-s.org\/site\/2015\/04\/03\/solidarite-avec-ines-une-carte-detudiante-un-titre-de-sejour\/","og_locale":"fr_FR","og_type":"article","og_title":"Solidarit\u00e9 avec Ines ! Une carte d&#039;\u00e9tudiante = un titre de s\u00e9jour - Solidaires \u00e9tudiant-e-s","og_description":"Nous avons appris lundi que notre camarade Ines, membre du SLB Skol-veur, [&hellip;]","og_url":"https:\/\/solidaires-etudiant-e-s.org\/site\/2015\/04\/03\/solidarite-avec-ines-une-carte-detudiante-un-titre-de-sejour\/","og_site_name":"Solidaires \u00e9tudiant-e-s","article_publisher":"https:\/\/www.facebook.com\/solidairesetudiantes","article_author":"https:\/\/www.facebook.com\/solidairesetudiantes","article_published_time":"2015-04-03T11:11:09+00:00","og_image":[{"width":720,"height":540,"url":"https:\/\/solidaires-etudiant-e-s.org\/site\/wp-content\/uploads\/2014\/12\/solidarite-est-notre-arme.jpg","type":"image\/jpeg"}],"author":"Solidaires \u00e9tudiant-e-s","twitter_card":"summary_large_image","twitter_creator":"@SolidairesEtu","twitter_site":"@SolidairesEtu","twitter_misc":{"\u00c9crit par":"Solidaires \u00e9tudiant-e-s","Dur\u00e9e de lecture estim\u00e9e":"1 minute"},"schema":{"@context":"https:\/\/schema.org","@graph":[{"@type":"Article","@id":"https:\/\/solidaires-etudiant-e-s.org\/site\/2015\/04\/03\/solidarite-avec-ines-une-carte-detudiante-un-titre-de-sejour\/#article","isPartOf":{"@id":"https:\/\/solidaires-etudiant-e-s.org\/site\/2015\/04\/03\/solidarite-avec-ines-une-carte-detudiante-un-titre-de-sejour\/"},"author":{"name":"Solidaires \u00e9tudiant-e-s","@id":"https:\/\/solidaires-etudiant-e-s.org\/site\/#\/schema\/person\/0efb3e0ff4e2f12b5a5abcd4352aa86c"},"headline":"Solidarit\u00e9 avec Ines ! Une carte d&#039;\u00e9tudiante = un titre de s\u00e9jour","datePublished":"2015-04-03T11:11:09+00:00","mainEntityOfPage":{"@id":"https:\/\/solidaires-etudiant-e-s.org\/site\/2015\/04\/03\/solidarite-avec-ines-une-carte-detudiante-un-titre-de-sejour\/"},"wordCount":240,"publisher":{"@id":"https:\/\/solidaires-etudiant-e-s.org\/site\/#organization"},"image":{"@id":"https:\/\/solidaires-etudiant-e-s.org\/site\/2015\/04\/03\/solidarite-avec-ines-une-carte-detudiante-un-titre-de-sejour\/#primaryimage"},"thumbnailUrl":"https:\/\/solidaires-etudiant-e-s.org\/site\/wp-content\/uploads\/2014\/12\/solidarite-est-notre-arme.jpg","keywords":["communiqu\u00e9s","OQTF","rennes","sans papiers","slider"],"articleSection":["COMMUNIQUES NATIONAUX"],"inLanguage":"fr-FR"},{"@type":"WebPage","@id":"https:\/\/solidaires-etudiant-e-s.org\/site\/2015\/04\/03\/solidarite-avec-ines-une-carte-detudiante-un-titre-de-sejour\/","url":"https:\/\/solidaires-etudiant-e-s.org\/site\/2015\/04\/03\/solidarite-avec-ines-une-carte-detudiante-un-titre-de-sejour\/","name":"Solidarit\u00e9 avec Ines ! Une carte d&#039;\u00e9tudiante = un titre de s\u00e9jour - Solidaires \u00e9tudiant-e-s","isPartOf":{"@id":"https:\/\/solidaires-etudiant-e-s.org\/site\/#website"},"primaryImageOfPage":{"@id":"https:\/\/solidaires-etudiant-e-s.org\/site\/2015\/04\/03\/solidarite-avec-ines-une-carte-detudiante-un-titre-de-sejour\/#primaryimage"},"image":{"@id":"https:\/\/solidaires-etudiant-e-s.org\/site\/2015\/04\/03\/solidarite-avec-ines-une-carte-detudiante-un-titre-de-sejour\/#primaryimage"},"thumbnailUrl":"https:\/\/solidaires-etudiant-e-s.org\/site\/wp-content\/uploads\/2014\/12\/solidarite-est-notre-arme.jpg","datePublished":"2015-04-03T11:11:09+00:00","breadcrumb":{"@id":"https:\/\/solidaires-etudiant-e-s.org\/site\/2015\/04\/03\/solidarite-avec-ines-une-carte-detudiante-un-titre-de-sejour\/#breadcrumb"},"inLanguage":"fr-FR","potentialAction":[{"@type":"ReadAction","target":["https:\/\/solidaires-etudiant-e-s.org\/site\/2015\/04\/03\/solidarite-avec-ines-une-carte-detudiante-un-titre-de-sejour\/"]}]},{"@type":"ImageObject","inLanguage":"fr-FR","@id":"https:\/\/solidaires-etudiant-e-s.org\/site\/2015\/04\/03\/solidarite-avec-ines-une-carte-detudiante-un-titre-de-sejour\/#primaryimage","url":"https:\/\/solidaires-etudiant-e-s.org\/site\/wp-content\/uploads\/2014\/12\/solidarite-est-notre-arme.jpg","contentUrl":"https:\/\/solidaires-etudiant-e-s.org\/site\/wp-content\/uploads\/2014\/12\/solidarite-est-notre-arme.jpg","width":720,"height":540},{"@type":"BreadcrumbList","@id":"https:\/\/solidaires-etudiant-e-s.org\/site\/2015\/04\/03\/solidarite-avec-ines-une-carte-detudiante-un-titre-de-sejour\/#breadcrumb","itemListElement":[{"@type":"ListItem","position":1,"name":"Accueil","item":"https:\/\/solidaires-etudiant-e-s.org\/site\/"},{"@type":"ListItem","position":2,"name":"Solidarit\u00e9 avec Ines ! Une carte d&#039;\u00e9tudiante = un titre de s\u00e9jour"}]},{"@type":"WebSite","@id":"https:\/\/solidaires-etudiant-e-s.org\/site\/#website","url":"https:\/\/solidaires-etudiant-e-s.org\/site\/","name":"Solidaires \u00e9tudiant-e-s","description":"Syndicats pour un enseignement sup\u00e9rieur gratuit, ouvert, et \u00e9mancipateur !","publisher":{"@id":"https:\/\/solidaires-etudiant-e-s.org\/site\/#organization"},"potentialAction":[{"@type":"SearchAction","target":{"@type":"EntryPoint","urlTemplate":"https:\/\/solidaires-etudiant-e-s.org\/site\/?s={search_term_string}"},"query-input":{"@type":"PropertyValueSpecification","valueRequired":true,"valueName":"search_term_string"}}],"inLanguage":"fr-FR"},{"@type":"Organization","@id":"https:\/\/solidaires-etudiant-e-s.org\/site\/#organization","name":"Solidaires \u00e9tudiant-e-s","url":"https:\/\/solidaires-etudiant-e-s.org\/site\/","logo":{"@type":"ImageObject","inLanguage":"fr-FR","@id":"https:\/\/solidaires-etudiant-e-s.org\/site\/#\/schema\/logo\/image\/","url":"https:\/\/solidaires-etudiant-e-s.org\/site\/wp-content\/uploads\/2025\/12\/13-1.png","contentUrl":"https:\/\/solidaires-etudiant-e-s.org\/site\/wp-content\/uploads\/2025\/12\/13-1.png","width":1181,"height":827,"caption":"Solidaires \u00e9tudiant-e-s"},"image":{"@id":"https:\/\/solidaires-etudiant-e-s.org\/site\/#\/schema\/logo\/image\/"},"sameAs":["https:\/\/www.facebook.com\/solidairesetudiantes","https:\/\/x.com\/SolidairesEtu","https:\/\/www.instagram.com\/solidairesetu\/","https:\/\/bsky.app\/profile\/solidaires-etudiant-e-s.org","https:\/\/mastodon.social\/@solidairesetu","https:\/\/www.youtube.com\/channel\/UC_iZN9gmVAAnXbBM7wAWOag"]},{"@type":"Person","@id":"https:\/\/solidaires-etudiant-e-s.org\/site\/#\/schema\/person\/0efb3e0ff4e2f12b5a5abcd4352aa86c","name":"Solidaires \u00e9tudiant-e-s","image":{"@type":"ImageObject","inLanguage":"fr-FR","@id":"https:\/\/solidaires-etudiant-e-s.org\/site\/wp-content\/uploads\/2020\/01\/logo-SESL-rond-512-96x96.png","url":"https:\/\/solidaires-etudiant-e-s.org\/site\/wp-content\/uploads\/2020\/01\/logo-SESL-rond-512-96x96.png","contentUrl":"https:\/\/solidaires-etudiant-e-s.org\/site\/wp-content\/uploads\/2020\/01\/logo-SESL-rond-512-96x96.png","caption":"Solidaires \u00e9tudiant-e-s"},"sameAs":["https:\/\/solidaires-etudiant.org\/site","https:\/\/www.facebook.com\/solidairesetudiantes","https:\/\/www.instagram.com\/solidairesetu","https:\/\/x.com\/SolidairesEtu","https:\/\/fr.wikipedia.org\/wiki\/Solidaires_tudiant-e-s"]}]}},"_links":{"self":[{"href":"https:\/\/solidaires-etudiant-e-s.org\/site\/wp-json\/wp\/v2\/posts\/2405","targetHints":{"allow":["GET"]}}],"collection":[{"href":"https:\/\/solidaires-etudiant-e-s.org\/site\/wp-json\/wp\/v2\/posts"}],"about":[{"href":"https:\/\/solidaires-etudiant-e-s.org\/site\/wp-json\/wp\/v2\/types\/post"}],"author":[{"embeddable":true,"href":"https:\/\/solidaires-etudiant-e-s.org\/site\/wp-json\/wp\/v2\/users\/1"}],"replies":[{"embeddable":true,"href":"https:\/\/solidaires-etudiant-e-s.org\/site\/wp-json\/wp\/v2\/comments?post=2405"}],"version-history":[{"count":0,"href":"https:\/\/solidaires-etudiant-e-s.org\/site\/wp-json\/wp\/v2\/posts\/2405\/revisions"}],"wp:featuredmedia":[{"embeddable":true,"href":"https:\/\/solidaires-etudiant-e-s.org\/site\/wp-json\/wp\/v2\/media\/1646"}],"wp:attachment":[{"href":"https:\/\/solidaires-etudiant-e-s.org\/site\/wp-json\/wp\/v2\/media?parent=2405"}],"wp:term":[{"taxonomy":"category","embeddable":true,"href":"https:\/\/solidaires-etudiant-e-s.org\/site\/wp-json\/wp\/v2\/categories?post=2405"},{"taxonomy":"post_tag","embeddable":true,"href":"https:\/\/solidaires-etudiant-e-s.org\/site\/wp-json\/wp\/v2\/tags?post=2405"}],"curies":[{"name":"wp","href":"https:\/\/api.w.org\/{rel}","templated":true}]}}