{"id":2312,"date":"2015-03-14T16:48:06","date_gmt":"2015-03-14T15:48:06","guid":{"rendered":"http:\/\/www.solidaires-etudiant.org\/?p=2312"},"modified":"2015-03-14T16:48:06","modified_gmt":"2015-03-14T15:48:06","slug":"les-espe-sont-parties-integrantes-de-lenseignement-superieur-non-a-linterdiction-du-voile-aux-etudiantes-stagiaires","status":"publish","type":"post","link":"https:\/\/solidaires-etudiant-e-s.org\/site\/2015\/03\/14\/les-espe-sont-parties-integrantes-de-lenseignement-superieur-non-a-linterdiction-du-voile-aux-etudiantes-stagiaires\/","title":{"rendered":"Les ESPE sont parties int\u00e9grantes de l&#039;Enseignement sup\u00e9rieur : non \u00e0 l&#039;interdiction du voile aux \u00e9tudiantes stagiaires"},"content":{"rendered":"<p style=\"text-align: left;\" align=\"justify\"><span style=\"font-family: Calibri,sans-serif;\">Solidaires \u00e9tudiant-e-s consid\u00e8re comme inacceptable l&rsquo;initiative prise par l&rsquo;intersyndicale de formateurs-rices de l\u2019\u00c9cole sup\u00e9rieure du professorat et de l&rsquo;\u00e9ducation (ESPE) de Cr\u00e9teil visant \u00e0 interdire le port de signes religieux aux \u00e9tudiant-e-s stagiaires.<\/span><\/p>\n<p style=\"text-align: left;\" align=\"justify\"><span style=\"font-family: Calibri,sans-serif;\">L\u2019ESPE de Cr\u00e9teil est membre de l\u2019Universit\u00e9 Paris-Est Cr\u00e9teil (UPEC) : nous rappelons qu\u2019il n\u2019existe pas de l\u00e9gislation interdisant le port de signes religieux au sein de l&rsquo;enseignement sup\u00e9rieur, et il est crucial que cela reste le cas<b>.<\/b> Nous avons d\u00e9nonc\u00e9 les vell\u00e9it\u00e9s de projet de loi visant \u00e0 interdire le port des signes religieux \u00e0 l\u2019universit\u00e9 r\u00e9cemment \u00e9voqu\u00e9es par la secr\u00e9taire d\u2019Etat Madame Pascale Boistard, et <b>nous d\u00e9non\u00e7ons donc cette mesure qui vise \u00e0 cr\u00e9er une br\u00e8che dans l\u2019enseignement sup\u00e9rieur \u00e0 ce sujet. <\/b><\/span><\/p>\n<p style=\"text-align: left;\" align=\"justify\"><span style=\"font-family: Calibri,sans-serif;\"><b>Dans les autres formations, il n&rsquo;a jamais \u00e9t\u00e9 question que des r\u00e8gles valables lors des stages s&rsquo;appliquent aux \u00e9tudiant-e-s lorsqu&rsquo;ils et elles se rendent en cours. Il n&rsquo;y a pas de raison pour que cette situation soit diff\u00e9rente dans le cadre des masters d&rsquo;enseignement. <\/b>Nous exigeons par ailleurs que cessent les humiliations des \u00e9tudiantes portant le voile &#8211; des remarques racistes au refus de les accepter en cours. <\/span><\/p>\n<p style=\"text-align: left;\" align=\"justify\"><span style=\"font-family: Calibri,sans-serif;\">Par ailleurs, nous sommes afflig\u00e9-e-s de constater que cette initiative \u00e9mane d&rsquo;une intersyndicale, qui ne semble pas consid\u00e9rer que <b>les luttes contre les conditions d&rsquo;\u00e9tudes d\u00e9plorables des \u00e9tudiant-e-s-stagiaires, la baisse structurelle des financements des \u00e9tablissement de l&rsquo;enseignement sup\u00e9rieur, la mast\u00e9risation, la pr\u00e9carit\u00e9 des personnels (pour ne citer que cela) sont des combats autrement plus pertinents \u00e0 mener.<\/b><\/span><\/p>\n<p style=\"text-align: left;\" align=\"justify\"><span style=\"font-family: Calibri,sans-serif;\">Le vote sur cette interdiction aura lieu lors du conseil d&rsquo;ESPE, jeudi 19 mars, \u00e0 13h30 sur le site de Bonneuil-sur-Marne.<\/span><\/p>\n","protected":false},"excerpt":{"rendered":"<p>Solidaires \u00e9tudiant-e-s consid\u00e8re comme inacceptable l&rsquo;initiative prise par l&rsquo;intersyndicale de formateurs-rices de [&hellip;]<\/p>\n","protected":false},"author":1,"featured_media":2266,"comment_status":"closed","ping_status":"closed","sticky":false,"template":"","format":"standard","meta":{"cybocfi_hide_featured_image":"","footnotes":""},"categories":[1],"tags":[467,679,884,1049,1050,1181],"class_list":["post-2312","post","type-post","status-publish","format-standard","has-post-thumbnail","hentry","category-uncategorized","tag-enseignement-superieur","tag-laicite","tag-port-du-voile","tag-slider","tag-slideshow","tag-voile","col-md-4 col-sm-4"],"featured_image_src":"https:\/\/solidaires-etudiant-e-s.org\/site\/wp-content\/uploads\/2015\/03\/pour-toutes-et-tous1.png","author_info":{"display_name":"Solidaires \u00e9tudiant-e-s","author_link":false},"yoast_head":"<!-- This site is optimized with the Yoast SEO plugin v27.4 - https:\/\/yoast.com\/product\/yoast-seo-wordpress\/ -->\n<title>Les ESPE sont parties int\u00e9grantes de l&#039;Enseignement sup\u00e9rieur : non \u00e0 l&#039;interdiction du voile aux \u00e9tudiantes stagiaires - Solidaires \u00e9tudiant-e-s<\/title>\n<meta name=\"robots\" content=\"index, follow, max-snippet:-1, max-image-preview:large, max-video-preview:-1\" \/>\n<link rel=\"canonical\" href=\"https:\/\/solidaires-etudiant-e-s.org\/site\/2015\/03\/14\/les-espe-sont-parties-integrantes-de-lenseignement-superieur-non-a-linterdiction-du-voile-aux-etudiantes-stagiaires\/\" \/>\n<meta property=\"og:locale\" content=\"fr_FR\" \/>\n<meta property=\"og:type\" content=\"article\" \/>\n<meta property=\"og:title\" content=\"Les ESPE sont parties int\u00e9grantes de l&#039;Enseignement sup\u00e9rieur : non \u00e0 l&#039;interdiction du voile aux \u00e9tudiantes stagiaires - Solidaires \u00e9tudiant-e-s\" \/>\n<meta property=\"og:description\" content=\"Solidaires \u00e9tudiant-e-s consid\u00e8re comme inacceptable l&rsquo;initiative prise par l&rsquo;intersyndicale de formateurs-rices de [&hellip;]\" \/>\n<meta property=\"og:url\" content=\"https:\/\/solidaires-etudiant-e-s.org\/site\/2015\/03\/14\/les-espe-sont-parties-integrantes-de-lenseignement-superieur-non-a-linterdiction-du-voile-aux-etudiantes-stagiaires\/\" \/>\n<meta property=\"og:site_name\" content=\"Solidaires \u00e9tudiant-e-s\" \/>\n<meta property=\"article:publisher\" content=\"https:\/\/www.facebook.com\/solidairesetudiantes\" \/>\n<meta property=\"article:author\" content=\"https:\/\/www.facebook.com\/solidairesetudiantes\" \/>\n<meta property=\"article:published_time\" content=\"2015-03-14T15:48:06+00:00\" \/>\n<meta property=\"og:image\" content=\"https:\/\/solidaires-etudiant-e-s.org\/site\/wp-content\/uploads\/2015\/03\/pour-toutes-et-tous1.png\" \/>\n\t<meta property=\"og:image:width\" content=\"551\" \/>\n\t<meta property=\"og:image:height\" content=\"370\" \/>\n\t<meta property=\"og:image:type\" content=\"image\/png\" \/>\n<meta name=\"author\" content=\"Solidaires \u00e9tudiant-e-s\" \/>\n<meta name=\"twitter:card\" content=\"summary_large_image\" \/>\n<meta name=\"twitter:creator\" content=\"@SolidairesEtu\" \/>\n<meta name=\"twitter:site\" content=\"@SolidairesEtu\" \/>\n<meta name=\"twitter:label1\" content=\"\u00c9crit par\" \/>\n\t<meta name=\"twitter:data1\" content=\"Solidaires \u00e9tudiant-e-s\" \/>\n\t<meta name=\"twitter:label2\" content=\"Dur\u00e9e de lecture estim\u00e9e\" \/>\n\t<meta name=\"twitter:data2\" content=\"1 minute\" \/>\n<script type=\"application\/ld+json\" class=\"yoast-schema-graph\">{\"@context\":\"https:\\\/\\\/schema.org\",\"@graph\":[{\"@type\":\"Article\",\"@id\":\"https:\\\/\\\/solidaires-etudiant-e-s.org\\\/site\\\/2015\\\/03\\\/14\\\/les-espe-sont-parties-integrantes-de-lenseignement-superieur-non-a-linterdiction-du-voile-aux-etudiantes-stagiaires\\\/#article\",\"isPartOf\":{\"@id\":\"https:\\\/\\\/solidaires-etudiant-e-s.org\\\/site\\\/2015\\\/03\\\/14\\\/les-espe-sont-parties-integrantes-de-lenseignement-superieur-non-a-linterdiction-du-voile-aux-etudiantes-stagiaires\\\/\"},\"author\":{\"name\":\"Solidaires \u00e9tudiant-e-s\",\"@id\":\"https:\\\/\\\/solidaires-etudiant-e-s.org\\\/site\\\/#\\\/schema\\\/person\\\/0efb3e0ff4e2f12b5a5abcd4352aa86c\"},\"headline\":\"Les ESPE sont parties int\u00e9grantes de l&#039;Enseignement sup\u00e9rieur : non \u00e0 l&#039;interdiction du voile aux \u00e9tudiantes stagiaires\",\"datePublished\":\"2015-03-14T15:48:06+00:00\",\"mainEntityOfPage\":{\"@id\":\"https:\\\/\\\/solidaires-etudiant-e-s.org\\\/site\\\/2015\\\/03\\\/14\\\/les-espe-sont-parties-integrantes-de-lenseignement-superieur-non-a-linterdiction-du-voile-aux-etudiantes-stagiaires\\\/\"},\"wordCount\":320,\"publisher\":{\"@id\":\"https:\\\/\\\/solidaires-etudiant-e-s.org\\\/site\\\/#organization\"},\"image\":{\"@id\":\"https:\\\/\\\/solidaires-etudiant-e-s.org\\\/site\\\/2015\\\/03\\\/14\\\/les-espe-sont-parties-integrantes-de-lenseignement-superieur-non-a-linterdiction-du-voile-aux-etudiantes-stagiaires\\\/#primaryimage\"},\"thumbnailUrl\":\"https:\\\/\\\/solidaires-etudiant-e-s.org\\\/site\\\/wp-content\\\/uploads\\\/2015\\\/03\\\/pour-toutes-et-tous1.png\",\"keywords\":[\"enseignement sup\u00e9rieur\",\"laicit\u00e9\",\"port du voile\",\"slider\",\"slideshow\",\"voile\"],\"articleSection\":[\"Uncategorized\"],\"inLanguage\":\"fr-FR\"},{\"@type\":\"WebPage\",\"@id\":\"https:\\\/\\\/solidaires-etudiant-e-s.org\\\/site\\\/2015\\\/03\\\/14\\\/les-espe-sont-parties-integrantes-de-lenseignement-superieur-non-a-linterdiction-du-voile-aux-etudiantes-stagiaires\\\/\",\"url\":\"https:\\\/\\\/solidaires-etudiant-e-s.org\\\/site\\\/2015\\\/03\\\/14\\\/les-espe-sont-parties-integrantes-de-lenseignement-superieur-non-a-linterdiction-du-voile-aux-etudiantes-stagiaires\\\/\",\"name\":\"Les ESPE sont parties int\u00e9grantes de l&#039;Enseignement sup\u00e9rieur : non \u00e0 l&#039;interdiction du voile aux \u00e9tudiantes stagiaires - Solidaires \u00e9tudiant-e-s\",\"isPartOf\":{\"@id\":\"https:\\\/\\\/solidaires-etudiant-e-s.org\\\/site\\\/#website\"},\"primaryImageOfPage\":{\"@id\":\"https:\\\/\\\/solidaires-etudiant-e-s.org\\\/site\\\/2015\\\/03\\\/14\\\/les-espe-sont-parties-integrantes-de-lenseignement-superieur-non-a-linterdiction-du-voile-aux-etudiantes-stagiaires\\\/#primaryimage\"},\"image\":{\"@id\":\"https:\\\/\\\/solidaires-etudiant-e-s.org\\\/site\\\/2015\\\/03\\\/14\\\/les-espe-sont-parties-integrantes-de-lenseignement-superieur-non-a-linterdiction-du-voile-aux-etudiantes-stagiaires\\\/#primaryimage\"},\"thumbnailUrl\":\"https:\\\/\\\/solidaires-etudiant-e-s.org\\\/site\\\/wp-content\\\/uploads\\\/2015\\\/03\\\/pour-toutes-et-tous1.png\",\"datePublished\":\"2015-03-14T15:48:06+00:00\",\"breadcrumb\":{\"@id\":\"https:\\\/\\\/solidaires-etudiant-e-s.org\\\/site\\\/2015\\\/03\\\/14\\\/les-espe-sont-parties-integrantes-de-lenseignement-superieur-non-a-linterdiction-du-voile-aux-etudiantes-stagiaires\\\/#breadcrumb\"},\"inLanguage\":\"fr-FR\",\"potentialAction\":[{\"@type\":\"ReadAction\",\"target\":[\"https:\\\/\\\/solidaires-etudiant-e-s.org\\\/site\\\/2015\\\/03\\\/14\\\/les-espe-sont-parties-integrantes-de-lenseignement-superieur-non-a-linterdiction-du-voile-aux-etudiantes-stagiaires\\\/\"]}]},{\"@type\":\"ImageObject\",\"inLanguage\":\"fr-FR\",\"@id\":\"https:\\\/\\\/solidaires-etudiant-e-s.org\\\/site\\\/2015\\\/03\\\/14\\\/les-espe-sont-parties-integrantes-de-lenseignement-superieur-non-a-linterdiction-du-voile-aux-etudiantes-stagiaires\\\/#primaryimage\",\"url\":\"https:\\\/\\\/solidaires-etudiant-e-s.org\\\/site\\\/wp-content\\\/uploads\\\/2015\\\/03\\\/pour-toutes-et-tous1.png\",\"contentUrl\":\"https:\\\/\\\/solidaires-etudiant-e-s.org\\\/site\\\/wp-content\\\/uploads\\\/2015\\\/03\\\/pour-toutes-et-tous1.png\",\"width\":551,\"height\":370},{\"@type\":\"BreadcrumbList\",\"@id\":\"https:\\\/\\\/solidaires-etudiant-e-s.org\\\/site\\\/2015\\\/03\\\/14\\\/les-espe-sont-parties-integrantes-de-lenseignement-superieur-non-a-linterdiction-du-voile-aux-etudiantes-stagiaires\\\/#breadcrumb\",\"itemListElement\":[{\"@type\":\"ListItem\",\"position\":1,\"name\":\"Accueil\",\"item\":\"https:\\\/\\\/solidaires-etudiant-e-s.org\\\/site\\\/\"},{\"@type\":\"ListItem\",\"position\":2,\"name\":\"Les ESPE sont parties int\u00e9grantes de l&#039;Enseignement sup\u00e9rieur : non \u00e0 l&#039;interdiction du voile aux \u00e9tudiantes stagiaires\"}]},{\"@type\":\"WebSite\",\"@id\":\"https:\\\/\\\/solidaires-etudiant-e-s.org\\\/site\\\/#website\",\"url\":\"https:\\\/\\\/solidaires-etudiant-e-s.org\\\/site\\\/\",\"name\":\"Solidaires \u00e9tudiant-e-s\",\"description\":\"Syndicats pour un enseignement sup\u00e9rieur gratuit, ouvert, et \u00e9mancipateur !\",\"publisher\":{\"@id\":\"https:\\\/\\\/solidaires-etudiant-e-s.org\\\/site\\\/#organization\"},\"potentialAction\":[{\"@type\":\"SearchAction\",\"target\":{\"@type\":\"EntryPoint\",\"urlTemplate\":\"https:\\\/\\\/solidaires-etudiant-e-s.org\\\/site\\\/?s={search_term_string}\"},\"query-input\":{\"@type\":\"PropertyValueSpecification\",\"valueRequired\":true,\"valueName\":\"search_term_string\"}}],\"inLanguage\":\"fr-FR\"},{\"@type\":\"Organization\",\"@id\":\"https:\\\/\\\/solidaires-etudiant-e-s.org\\\/site\\\/#organization\",\"name\":\"Solidaires \u00e9tudiant-e-s\",\"url\":\"https:\\\/\\\/solidaires-etudiant-e-s.org\\\/site\\\/\",\"logo\":{\"@type\":\"ImageObject\",\"inLanguage\":\"fr-FR\",\"@id\":\"https:\\\/\\\/solidaires-etudiant-e-s.org\\\/site\\\/#\\\/schema\\\/logo\\\/image\\\/\",\"url\":\"https:\\\/\\\/solidaires-etudiant-e-s.org\\\/site\\\/wp-content\\\/uploads\\\/2025\\\/12\\\/13-1.png\",\"contentUrl\":\"https:\\\/\\\/solidaires-etudiant-e-s.org\\\/site\\\/wp-content\\\/uploads\\\/2025\\\/12\\\/13-1.png\",\"width\":1181,\"height\":827,\"caption\":\"Solidaires \u00e9tudiant-e-s\"},\"image\":{\"@id\":\"https:\\\/\\\/solidaires-etudiant-e-s.org\\\/site\\\/#\\\/schema\\\/logo\\\/image\\\/\"},\"sameAs\":[\"https:\\\/\\\/www.facebook.com\\\/solidairesetudiantes\",\"https:\\\/\\\/x.com\\\/SolidairesEtu\",\"https:\\\/\\\/www.instagram.com\\\/solidairesetu\\\/\",\"https:\\\/\\\/bsky.app\\\/profile\\\/solidaires-etudiant-e-s.org\",\"https:\\\/\\\/mastodon.social\\\/@solidairesetu\",\"https:\\\/\\\/www.youtube.com\\\/channel\\\/UC_iZN9gmVAAnXbBM7wAWOag\"]},{\"@type\":\"Person\",\"@id\":\"https:\\\/\\\/solidaires-etudiant-e-s.org\\\/site\\\/#\\\/schema\\\/person\\\/0efb3e0ff4e2f12b5a5abcd4352aa86c\",\"name\":\"Solidaires \u00e9tudiant-e-s\",\"image\":{\"@type\":\"ImageObject\",\"inLanguage\":\"fr-FR\",\"@id\":\"https:\\\/\\\/solidaires-etudiant-e-s.org\\\/site\\\/wp-content\\\/uploads\\\/2020\\\/01\\\/logo-SESL-rond-512-96x96.png\",\"url\":\"https:\\\/\\\/solidaires-etudiant-e-s.org\\\/site\\\/wp-content\\\/uploads\\\/2020\\\/01\\\/logo-SESL-rond-512-96x96.png\",\"contentUrl\":\"https:\\\/\\\/solidaires-etudiant-e-s.org\\\/site\\\/wp-content\\\/uploads\\\/2020\\\/01\\\/logo-SESL-rond-512-96x96.png\",\"caption\":\"Solidaires \u00e9tudiant-e-s\"},\"sameAs\":[\"https:\\\/\\\/solidaires-etudiant.org\\\/site\",\"https:\\\/\\\/www.facebook.com\\\/solidairesetudiantes\",\"https:\\\/\\\/www.instagram.com\\\/solidairesetu\",\"https:\\\/\\\/x.com\\\/SolidairesEtu\",\"https:\\\/\\\/fr.wikipedia.org\\\/wiki\\\/Solidaires_tudiant-e-s\"]}]}<\/script>\n<!-- \/ Yoast SEO plugin. -->","yoast_head_json":{"title":"Les ESPE sont parties int\u00e9grantes de l&#039;Enseignement sup\u00e9rieur : non \u00e0 l&#039;interdiction du voile aux \u00e9tudiantes stagiaires - Solidaires \u00e9tudiant-e-s","robots":{"index":"index","follow":"follow","max-snippet":"max-snippet:-1","max-image-preview":"max-image-preview:large","max-video-preview":"max-video-preview:-1"},"canonical":"https:\/\/solidaires-etudiant-e-s.org\/site\/2015\/03\/14\/les-espe-sont-parties-integrantes-de-lenseignement-superieur-non-a-linterdiction-du-voile-aux-etudiantes-stagiaires\/","og_locale":"fr_FR","og_type":"article","og_title":"Les ESPE sont parties int\u00e9grantes de l&#039;Enseignement sup\u00e9rieur : non \u00e0 l&#039;interdiction du voile aux \u00e9tudiantes stagiaires - Solidaires \u00e9tudiant-e-s","og_description":"Solidaires \u00e9tudiant-e-s consid\u00e8re comme inacceptable l&rsquo;initiative prise par l&rsquo;intersyndicale de formateurs-rices de [&hellip;]","og_url":"https:\/\/solidaires-etudiant-e-s.org\/site\/2015\/03\/14\/les-espe-sont-parties-integrantes-de-lenseignement-superieur-non-a-linterdiction-du-voile-aux-etudiantes-stagiaires\/","og_site_name":"Solidaires \u00e9tudiant-e-s","article_publisher":"https:\/\/www.facebook.com\/solidairesetudiantes","article_author":"https:\/\/www.facebook.com\/solidairesetudiantes","article_published_time":"2015-03-14T15:48:06+00:00","og_image":[{"width":551,"height":370,"url":"https:\/\/solidaires-etudiant-e-s.org\/site\/wp-content\/uploads\/2015\/03\/pour-toutes-et-tous1.png","type":"image\/png"}],"author":"Solidaires \u00e9tudiant-e-s","twitter_card":"summary_large_image","twitter_creator":"@SolidairesEtu","twitter_site":"@SolidairesEtu","twitter_misc":{"\u00c9crit par":"Solidaires \u00e9tudiant-e-s","Dur\u00e9e de lecture estim\u00e9e":"1 minute"},"schema":{"@context":"https:\/\/schema.org","@graph":[{"@type":"Article","@id":"https:\/\/solidaires-etudiant-e-s.org\/site\/2015\/03\/14\/les-espe-sont-parties-integrantes-de-lenseignement-superieur-non-a-linterdiction-du-voile-aux-etudiantes-stagiaires\/#article","isPartOf":{"@id":"https:\/\/solidaires-etudiant-e-s.org\/site\/2015\/03\/14\/les-espe-sont-parties-integrantes-de-lenseignement-superieur-non-a-linterdiction-du-voile-aux-etudiantes-stagiaires\/"},"author":{"name":"Solidaires \u00e9tudiant-e-s","@id":"https:\/\/solidaires-etudiant-e-s.org\/site\/#\/schema\/person\/0efb3e0ff4e2f12b5a5abcd4352aa86c"},"headline":"Les ESPE sont parties int\u00e9grantes de l&#039;Enseignement sup\u00e9rieur : non \u00e0 l&#039;interdiction du voile aux \u00e9tudiantes stagiaires","datePublished":"2015-03-14T15:48:06+00:00","mainEntityOfPage":{"@id":"https:\/\/solidaires-etudiant-e-s.org\/site\/2015\/03\/14\/les-espe-sont-parties-integrantes-de-lenseignement-superieur-non-a-linterdiction-du-voile-aux-etudiantes-stagiaires\/"},"wordCount":320,"publisher":{"@id":"https:\/\/solidaires-etudiant-e-s.org\/site\/#organization"},"image":{"@id":"https:\/\/solidaires-etudiant-e-s.org\/site\/2015\/03\/14\/les-espe-sont-parties-integrantes-de-lenseignement-superieur-non-a-linterdiction-du-voile-aux-etudiantes-stagiaires\/#primaryimage"},"thumbnailUrl":"https:\/\/solidaires-etudiant-e-s.org\/site\/wp-content\/uploads\/2015\/03\/pour-toutes-et-tous1.png","keywords":["enseignement sup\u00e9rieur","laicit\u00e9","port du voile","slider","slideshow","voile"],"articleSection":["Uncategorized"],"inLanguage":"fr-FR"},{"@type":"WebPage","@id":"https:\/\/solidaires-etudiant-e-s.org\/site\/2015\/03\/14\/les-espe-sont-parties-integrantes-de-lenseignement-superieur-non-a-linterdiction-du-voile-aux-etudiantes-stagiaires\/","url":"https:\/\/solidaires-etudiant-e-s.org\/site\/2015\/03\/14\/les-espe-sont-parties-integrantes-de-lenseignement-superieur-non-a-linterdiction-du-voile-aux-etudiantes-stagiaires\/","name":"Les ESPE sont parties int\u00e9grantes de l&#039;Enseignement sup\u00e9rieur : non \u00e0 l&#039;interdiction du voile aux \u00e9tudiantes stagiaires - Solidaires \u00e9tudiant-e-s","isPartOf":{"@id":"https:\/\/solidaires-etudiant-e-s.org\/site\/#website"},"primaryImageOfPage":{"@id":"https:\/\/solidaires-etudiant-e-s.org\/site\/2015\/03\/14\/les-espe-sont-parties-integrantes-de-lenseignement-superieur-non-a-linterdiction-du-voile-aux-etudiantes-stagiaires\/#primaryimage"},"image":{"@id":"https:\/\/solidaires-etudiant-e-s.org\/site\/2015\/03\/14\/les-espe-sont-parties-integrantes-de-lenseignement-superieur-non-a-linterdiction-du-voile-aux-etudiantes-stagiaires\/#primaryimage"},"thumbnailUrl":"https:\/\/solidaires-etudiant-e-s.org\/site\/wp-content\/uploads\/2015\/03\/pour-toutes-et-tous1.png","datePublished":"2015-03-14T15:48:06+00:00","breadcrumb":{"@id":"https:\/\/solidaires-etudiant-e-s.org\/site\/2015\/03\/14\/les-espe-sont-parties-integrantes-de-lenseignement-superieur-non-a-linterdiction-du-voile-aux-etudiantes-stagiaires\/#breadcrumb"},"inLanguage":"fr-FR","potentialAction":[{"@type":"ReadAction","target":["https:\/\/solidaires-etudiant-e-s.org\/site\/2015\/03\/14\/les-espe-sont-parties-integrantes-de-lenseignement-superieur-non-a-linterdiction-du-voile-aux-etudiantes-stagiaires\/"]}]},{"@type":"ImageObject","inLanguage":"fr-FR","@id":"https:\/\/solidaires-etudiant-e-s.org\/site\/2015\/03\/14\/les-espe-sont-parties-integrantes-de-lenseignement-superieur-non-a-linterdiction-du-voile-aux-etudiantes-stagiaires\/#primaryimage","url":"https:\/\/solidaires-etudiant-e-s.org\/site\/wp-content\/uploads\/2015\/03\/pour-toutes-et-tous1.png","contentUrl":"https:\/\/solidaires-etudiant-e-s.org\/site\/wp-content\/uploads\/2015\/03\/pour-toutes-et-tous1.png","width":551,"height":370},{"@type":"BreadcrumbList","@id":"https:\/\/solidaires-etudiant-e-s.org\/site\/2015\/03\/14\/les-espe-sont-parties-integrantes-de-lenseignement-superieur-non-a-linterdiction-du-voile-aux-etudiantes-stagiaires\/#breadcrumb","itemListElement":[{"@type":"ListItem","position":1,"name":"Accueil","item":"https:\/\/solidaires-etudiant-e-s.org\/site\/"},{"@type":"ListItem","position":2,"name":"Les ESPE sont parties int\u00e9grantes de l&#039;Enseignement sup\u00e9rieur : non \u00e0 l&#039;interdiction du voile aux \u00e9tudiantes stagiaires"}]},{"@type":"WebSite","@id":"https:\/\/solidaires-etudiant-e-s.org\/site\/#website","url":"https:\/\/solidaires-etudiant-e-s.org\/site\/","name":"Solidaires \u00e9tudiant-e-s","description":"Syndicats pour un enseignement sup\u00e9rieur gratuit, ouvert, et \u00e9mancipateur !","publisher":{"@id":"https:\/\/solidaires-etudiant-e-s.org\/site\/#organization"},"potentialAction":[{"@type":"SearchAction","target":{"@type":"EntryPoint","urlTemplate":"https:\/\/solidaires-etudiant-e-s.org\/site\/?s={search_term_string}"},"query-input":{"@type":"PropertyValueSpecification","valueRequired":true,"valueName":"search_term_string"}}],"inLanguage":"fr-FR"},{"@type":"Organization","@id":"https:\/\/solidaires-etudiant-e-s.org\/site\/#organization","name":"Solidaires \u00e9tudiant-e-s","url":"https:\/\/solidaires-etudiant-e-s.org\/site\/","logo":{"@type":"ImageObject","inLanguage":"fr-FR","@id":"https:\/\/solidaires-etudiant-e-s.org\/site\/#\/schema\/logo\/image\/","url":"https:\/\/solidaires-etudiant-e-s.org\/site\/wp-content\/uploads\/2025\/12\/13-1.png","contentUrl":"https:\/\/solidaires-etudiant-e-s.org\/site\/wp-content\/uploads\/2025\/12\/13-1.png","width":1181,"height":827,"caption":"Solidaires \u00e9tudiant-e-s"},"image":{"@id":"https:\/\/solidaires-etudiant-e-s.org\/site\/#\/schema\/logo\/image\/"},"sameAs":["https:\/\/www.facebook.com\/solidairesetudiantes","https:\/\/x.com\/SolidairesEtu","https:\/\/www.instagram.com\/solidairesetu\/","https:\/\/bsky.app\/profile\/solidaires-etudiant-e-s.org","https:\/\/mastodon.social\/@solidairesetu","https:\/\/www.youtube.com\/channel\/UC_iZN9gmVAAnXbBM7wAWOag"]},{"@type":"Person","@id":"https:\/\/solidaires-etudiant-e-s.org\/site\/#\/schema\/person\/0efb3e0ff4e2f12b5a5abcd4352aa86c","name":"Solidaires \u00e9tudiant-e-s","image":{"@type":"ImageObject","inLanguage":"fr-FR","@id":"https:\/\/solidaires-etudiant-e-s.org\/site\/wp-content\/uploads\/2020\/01\/logo-SESL-rond-512-96x96.png","url":"https:\/\/solidaires-etudiant-e-s.org\/site\/wp-content\/uploads\/2020\/01\/logo-SESL-rond-512-96x96.png","contentUrl":"https:\/\/solidaires-etudiant-e-s.org\/site\/wp-content\/uploads\/2020\/01\/logo-SESL-rond-512-96x96.png","caption":"Solidaires \u00e9tudiant-e-s"},"sameAs":["https:\/\/solidaires-etudiant.org\/site","https:\/\/www.facebook.com\/solidairesetudiantes","https:\/\/www.instagram.com\/solidairesetu","https:\/\/x.com\/SolidairesEtu","https:\/\/fr.wikipedia.org\/wiki\/Solidaires_tudiant-e-s"]}]}},"_links":{"self":[{"href":"https:\/\/solidaires-etudiant-e-s.org\/site\/wp-json\/wp\/v2\/posts\/2312","targetHints":{"allow":["GET"]}}],"collection":[{"href":"https:\/\/solidaires-etudiant-e-s.org\/site\/wp-json\/wp\/v2\/posts"}],"about":[{"href":"https:\/\/solidaires-etudiant-e-s.org\/site\/wp-json\/wp\/v2\/types\/post"}],"author":[{"embeddable":true,"href":"https:\/\/solidaires-etudiant-e-s.org\/site\/wp-json\/wp\/v2\/users\/1"}],"replies":[{"embeddable":true,"href":"https:\/\/solidaires-etudiant-e-s.org\/site\/wp-json\/wp\/v2\/comments?post=2312"}],"version-history":[{"count":0,"href":"https:\/\/solidaires-etudiant-e-s.org\/site\/wp-json\/wp\/v2\/posts\/2312\/revisions"}],"wp:featuredmedia":[{"embeddable":true,"href":"https:\/\/solidaires-etudiant-e-s.org\/site\/wp-json\/wp\/v2\/media\/2266"}],"wp:attachment":[{"href":"https:\/\/solidaires-etudiant-e-s.org\/site\/wp-json\/wp\/v2\/media?parent=2312"}],"wp:term":[{"taxonomy":"category","embeddable":true,"href":"https:\/\/solidaires-etudiant-e-s.org\/site\/wp-json\/wp\/v2\/categories?post=2312"},{"taxonomy":"post_tag","embeddable":true,"href":"https:\/\/solidaires-etudiant-e-s.org\/site\/wp-json\/wp\/v2\/tags?post=2312"}],"curies":[{"name":"wp","href":"https:\/\/api.w.org\/{rel}","templated":true}]}}