{"id":2280,"date":"2015-03-09T12:52:18","date_gmt":"2015-03-09T11:52:18","guid":{"rendered":"http:\/\/www.solidaires-etudiant.org\/?p=2280"},"modified":"2015-03-09T12:52:18","modified_gmt":"2015-03-09T11:52:18","slug":"halte-a-la-censure-a-luniversite","status":"publish","type":"post","link":"https:\/\/solidaires-etudiant-e-s.org\/site\/2015\/03\/09\/halte-a-la-censure-a-luniversite\/","title":{"rendered":"Halte \u00e0 la censure \u00e0 l\u2019universit\u00e9 !"},"content":{"rendered":"<p id=\"yui_3_5_0_1_1425900161270_14348\" style=\"text-align: justify;\">Actualisation lundi 9 mars \u00e0 13h30 :<br \/>\nGr\u00e2ce \u00e0 la mobilisation la pr\u00e9sidente a finalement autoris\u00e9 la conf\u00e9rence !<br \/>\nRDV \u00e0 18h \u00e0 l&rsquo;entr\u00e9e de la fac pour permettre l&rsquo;entr\u00e9e de tou-te-s dans l&rsquo;Universit\u00e9 (le contr\u00f4le des cartes est toujours en vigueur) et ensuite pour la conf\u00e9rence !<\/p>\n<p style=\"text-align: justify;\">&#8212;<\/p>\n<p style=\"text-align: justify;\">Une nouvelle fois, la pr\u00e9sidence de l\u2019universit\u00e9 de Paris 8 Saint-Denis bafoue le principe de libert\u00e9 d\u2019expression, en interdisant deux jours avant la date pr\u00e9vue, une conf\u00e9rence organis\u00e9e par le collectif Palestine Paris 8, en partenariat avec d\u2019autres organisations de soutien au peuple palestinien. Cette conf\u00e9rence a pour objectif de d\u00e9noncer la politique d\u2019apartheid de l\u2019Etat isra\u00e9lien \u00e0 l\u2019\u00e9gard des Palestinien-ne-s. Elle compte parmi ses invit\u00e9-e-s Bilal Afandi, jeune militant palestinien, Max Blumenthal, journaliste \u00e9tasunien, et une intervenante de la campagne BDS (Boycott D\u00e9sinvestissement Sanctions contre la politique d\u2019apartheid de l\u2019Etat isra\u00e9lien).<\/p>\n<p style=\"text-align: justify;\">Les motivations de la pr\u00e9sidence \u00e0 censurer cet \u00e9v\u00e9nement n\u2019ont jamais \u00e9t\u00e9 claires. S\u2019exprimant par la biais de la Maison de l\u2019\u00e9tudiant, qui lui sert d\u2019interm\u00e9diaire pour mettre sous tutelle et contr\u00f4ler l\u2019initiative \u00e9tudiante, la pr\u00e9sidence de l\u2019universit\u00e9 a tant\u00f4t \u00e9voqu\u00e9 un manque de salle disponible, un intervenant (en la personne de Max Blumenthal, dont les textes sont pourtant publi\u00e9s dans de nombreux journaux aux Etats-Unis) \u00ab controvers\u00e9 \u00bb, une communication \u00ab non conforme \u00bb, des risques de troubles \u00e0 l\u2019ordre public\u2026 Outre cette censure bureaucratique, la pr\u00e9sidence n\u2019h\u00e9site pas non plus \u00e0 employer des moyens r\u00e9pressifs directs, comme le fait de mandater des agents de l\u2019universit\u00e9 pour arracher nos supports de communication de l\u2019\u00e9v\u00e9nement.<\/p>\n<p style=\"text-align: justify;\">Dans le contexte actuel, interdire une telle conf\u00e9rence revient \u00e0 s\u2019aligner sur la politique de r\u00e9cup\u00e9ration des attentats des 7 et 9 janvier 2015, qui veut imposer d\u00e9finitivement une libert\u00e9 d\u2019expression \u00e0 g\u00e9om\u00e9trie variable. \u00ab Nous sommes Charlie \u00bb, peut-on encore lire sur des grandes affiches placard\u00e9es sur les murs de la fac. Ce message ne signifie-t-il pas que l\u2019universit\u00e9 affiche son soutien \u00e0 un journal controvers\u00e9 ? Faut-il comprendre que la controverse n\u2019est valable que lorsqu\u2019elle va dans le sens de l\u2019id\u00e9ologie dominante ?<\/p>\n<p style=\"text-align: justify;\">Ainsi, selon la pr\u00e9sidence, la libert\u00e9 d\u2019expression s\u2019arr\u00eate au moindre risque d\u2019\u00e9branler, \u00e0 l\u2019\u00e9chelle de la fac, la politique de l\u2019Etat isra\u00e9lien. Pire encore, cette conf\u00e9rence a l\u2019audace de s\u2019inscrire dans le cadre de la \u00ab Israeli Apartheid Week \u00bb, une semaine internationale de lutte et de r\u00e9flexion contre la politique d\u2019apartheid d\u2019Isra\u00ebl, qui se tient dans de nombreuses autres universit\u00e9s dans le monde, notamment en Angleterre, aux Etats-Unis, en Palestine, en Afrique du Sud, et dans plusieurs pays d\u2019Am\u00e9rique Latine. Depuis 2012 (la pr\u00e9sidence de l\u2019universit\u00e9 avait alors d\u00e9cid\u00e9 de fermer l\u2019universit\u00e9 pour interdire un colloque), les pressions et les tentatives de censure sont devenues syst\u00e9matiques, lorsqu\u2019il est question d\u2019\u00e9voquer la sujet de l\u2019apartheid en Palestine<\/p>\n<p style=\"text-align: justify;\">Mais nous ne nous laisserons pas domestiquer par la pr\u00e9sidence de l\u2019universit\u00e9, vautr\u00e9e dans ses objectifs de normalisation (s\u00e9curitaire, \u00ab aust\u00e9ritaire \u00bb, bureaucratique et id\u00e9ologique) de la fac de Saint-Denis. Et puisqu\u2019elle pr\u00e9f\u00e8re c\u00e9der aux pressions et donner raison aux d\u00e9fenseurs de la politique isra\u00e9lienne, nous prenons de notre c\u00f4t\u00e9 nos responsabilit\u00e9s. Nous appelons donc au maintien de cette conf\u00e9rence et \u00e0 une participation massive, d\u00e8s 18h, \u00e0 un rassemblement devant le b\u00e2timent D de la fac pour affirmer notre droit de parler de sujets \u00ab controvers\u00e9s \u00bb, notre droit d\u2019exprimer notre solidarit\u00e9 \u00e0 l\u2019\u00e9gard du peuple palestinien, notre droit \u00e0 l\u2019auto-organisation et \u00e0 l\u2019ind\u00e9pendance du mouvement \u00e9tudiant.<\/p>\n<p style=\"text-align: justify;\">Signataires :<br \/>\nAssociation des universitaires pour le respect du Droit international en Palestine (AURDIP), Americans against the war (AAW France), F\u00e9d\u00e9ration Solidaires \u00e9tudiant-e-s \u2013 Syndicats de lutte, Collectif Palestine Paris 8, G\u00e9n\u00e9ration Palestine, Union Juive fran\u00e7aise pour la paix (UJFP), Nouveau Parti anticapitaliste Paris 8, CEDETIM, CPPI Saint-Denis, Association des Marocains de France (AMF), Association France Palestine Solidarit\u00e9 (AFPS Paris centre, 63, 81), Sortir du colonialisme, Collectif Caladois pour le peuple palestinien, Collectif Jud\u00e9o-arabe et citoyen pour la Palestine, Campagne BDS,\u2026<\/p>\n","protected":false},"excerpt":{"rendered":"<p>Actualisation lundi 9 mars \u00e0 13h30 : Gr\u00e2ce \u00e0 la mobilisation la [&hellip;]<\/p>\n","protected":false},"author":1,"featured_media":1326,"comment_status":"closed","ping_status":"closed","sticky":false,"template":"","format":"standard","meta":{"cybocfi_hide_featured_image":"","footnotes":""},"categories":[1],"tags":[145,227,258,649,650,690,850,1049,1050],"class_list":["post-2280","post","type-post","status-publish","format-standard","has-post-thumbnail","hentry","category-uncategorized","tag-apartheid","tag-boycott","tag-censure","tag-israel","tag-israeli-apartheid-week","tag-liberte-dexpression","tag-paris-8","tag-slider","tag-slideshow","col-md-4 col-sm-4"],"featured_image_src":"https:\/\/solidaires-etudiant-e-s.org\/site\/wp-content\/uploads\/2014\/09\/image.jpeg","author_info":{"display_name":"Solidaires \u00e9tudiant-e-s","author_link":false},"yoast_head":"<!-- This site is optimized with the Yoast SEO plugin v27.4 - https:\/\/yoast.com\/product\/yoast-seo-wordpress\/ -->\n<title>Halte \u00e0 la censure \u00e0 l\u2019universit\u00e9 ! - Solidaires \u00e9tudiant-e-s<\/title>\n<meta name=\"robots\" content=\"index, follow, max-snippet:-1, max-image-preview:large, max-video-preview:-1\" \/>\n<link rel=\"canonical\" href=\"https:\/\/solidaires-etudiant-e-s.org\/site\/2015\/03\/09\/halte-a-la-censure-a-luniversite\/\" \/>\n<meta property=\"og:locale\" content=\"fr_FR\" \/>\n<meta property=\"og:type\" content=\"article\" \/>\n<meta property=\"og:title\" content=\"Halte \u00e0 la censure \u00e0 l\u2019universit\u00e9 ! - Solidaires \u00e9tudiant-e-s\" \/>\n<meta property=\"og:description\" content=\"Actualisation lundi 9 mars \u00e0 13h30 : Gr\u00e2ce \u00e0 la mobilisation la [&hellip;]\" \/>\n<meta property=\"og:url\" content=\"https:\/\/solidaires-etudiant-e-s.org\/site\/2015\/03\/09\/halte-a-la-censure-a-luniversite\/\" \/>\n<meta property=\"og:site_name\" content=\"Solidaires \u00e9tudiant-e-s\" \/>\n<meta property=\"article:publisher\" content=\"https:\/\/www.facebook.com\/solidairesetudiantes\" \/>\n<meta property=\"article:author\" content=\"https:\/\/www.facebook.com\/solidairesetudiantes\" \/>\n<meta property=\"article:published_time\" content=\"2015-03-09T11:52:18+00:00\" \/>\n<meta property=\"og:image\" content=\"https:\/\/solidaires-etudiant-e-s.org\/site\/wp-content\/uploads\/2014\/09\/image.jpeg\" \/>\n\t<meta property=\"og:image:width\" content=\"589\" \/>\n\t<meta property=\"og:image:height\" content=\"398\" \/>\n\t<meta property=\"og:image:type\" content=\"image\/jpeg\" \/>\n<meta name=\"author\" content=\"Solidaires \u00e9tudiant-e-s\" \/>\n<meta name=\"twitter:card\" content=\"summary_large_image\" \/>\n<meta name=\"twitter:creator\" content=\"@SolidairesEtu\" \/>\n<meta name=\"twitter:site\" content=\"@SolidairesEtu\" \/>\n<meta name=\"twitter:label1\" content=\"\u00c9crit par\" \/>\n\t<meta name=\"twitter:data1\" content=\"Solidaires \u00e9tudiant-e-s\" \/>\n\t<meta name=\"twitter:label2\" content=\"Dur\u00e9e de lecture estim\u00e9e\" \/>\n\t<meta name=\"twitter:data2\" content=\"4 minutes\" \/>\n<script type=\"application\/ld+json\" class=\"yoast-schema-graph\">{\"@context\":\"https:\\\/\\\/schema.org\",\"@graph\":[{\"@type\":\"Article\",\"@id\":\"https:\\\/\\\/solidaires-etudiant-e-s.org\\\/site\\\/2015\\\/03\\\/09\\\/halte-a-la-censure-a-luniversite\\\/#article\",\"isPartOf\":{\"@id\":\"https:\\\/\\\/solidaires-etudiant-e-s.org\\\/site\\\/2015\\\/03\\\/09\\\/halte-a-la-censure-a-luniversite\\\/\"},\"author\":{\"name\":\"Solidaires \u00e9tudiant-e-s\",\"@id\":\"https:\\\/\\\/solidaires-etudiant-e-s.org\\\/site\\\/#\\\/schema\\\/person\\\/0efb3e0ff4e2f12b5a5abcd4352aa86c\"},\"headline\":\"Halte \u00e0 la censure \u00e0 l\u2019universit\u00e9 !\",\"datePublished\":\"2015-03-09T11:52:18+00:00\",\"mainEntityOfPage\":{\"@id\":\"https:\\\/\\\/solidaires-etudiant-e-s.org\\\/site\\\/2015\\\/03\\\/09\\\/halte-a-la-censure-a-luniversite\\\/\"},\"wordCount\":723,\"publisher\":{\"@id\":\"https:\\\/\\\/solidaires-etudiant-e-s.org\\\/site\\\/#organization\"},\"image\":{\"@id\":\"https:\\\/\\\/solidaires-etudiant-e-s.org\\\/site\\\/2015\\\/03\\\/09\\\/halte-a-la-censure-a-luniversite\\\/#primaryimage\"},\"thumbnailUrl\":\"https:\\\/\\\/solidaires-etudiant-e-s.org\\\/site\\\/wp-content\\\/uploads\\\/2014\\\/09\\\/image.jpeg\",\"keywords\":[\"apartheid\",\"boycott\",\"censure\",\"isra\u00ebl\",\"israeli apartheid week\",\"libert\u00e9 d'expression\",\"paris 8\",\"slider\",\"slideshow\"],\"articleSection\":[\"Uncategorized\"],\"inLanguage\":\"fr-FR\"},{\"@type\":\"WebPage\",\"@id\":\"https:\\\/\\\/solidaires-etudiant-e-s.org\\\/site\\\/2015\\\/03\\\/09\\\/halte-a-la-censure-a-luniversite\\\/\",\"url\":\"https:\\\/\\\/solidaires-etudiant-e-s.org\\\/site\\\/2015\\\/03\\\/09\\\/halte-a-la-censure-a-luniversite\\\/\",\"name\":\"Halte \u00e0 la censure \u00e0 l\u2019universit\u00e9 ! - Solidaires \u00e9tudiant-e-s\",\"isPartOf\":{\"@id\":\"https:\\\/\\\/solidaires-etudiant-e-s.org\\\/site\\\/#website\"},\"primaryImageOfPage\":{\"@id\":\"https:\\\/\\\/solidaires-etudiant-e-s.org\\\/site\\\/2015\\\/03\\\/09\\\/halte-a-la-censure-a-luniversite\\\/#primaryimage\"},\"image\":{\"@id\":\"https:\\\/\\\/solidaires-etudiant-e-s.org\\\/site\\\/2015\\\/03\\\/09\\\/halte-a-la-censure-a-luniversite\\\/#primaryimage\"},\"thumbnailUrl\":\"https:\\\/\\\/solidaires-etudiant-e-s.org\\\/site\\\/wp-content\\\/uploads\\\/2014\\\/09\\\/image.jpeg\",\"datePublished\":\"2015-03-09T11:52:18+00:00\",\"breadcrumb\":{\"@id\":\"https:\\\/\\\/solidaires-etudiant-e-s.org\\\/site\\\/2015\\\/03\\\/09\\\/halte-a-la-censure-a-luniversite\\\/#breadcrumb\"},\"inLanguage\":\"fr-FR\",\"potentialAction\":[{\"@type\":\"ReadAction\",\"target\":[\"https:\\\/\\\/solidaires-etudiant-e-s.org\\\/site\\\/2015\\\/03\\\/09\\\/halte-a-la-censure-a-luniversite\\\/\"]}]},{\"@type\":\"ImageObject\",\"inLanguage\":\"fr-FR\",\"@id\":\"https:\\\/\\\/solidaires-etudiant-e-s.org\\\/site\\\/2015\\\/03\\\/09\\\/halte-a-la-censure-a-luniversite\\\/#primaryimage\",\"url\":\"https:\\\/\\\/solidaires-etudiant-e-s.org\\\/site\\\/wp-content\\\/uploads\\\/2014\\\/09\\\/image.jpeg\",\"contentUrl\":\"https:\\\/\\\/solidaires-etudiant-e-s.org\\\/site\\\/wp-content\\\/uploads\\\/2014\\\/09\\\/image.jpeg\",\"width\":589,\"height\":398},{\"@type\":\"BreadcrumbList\",\"@id\":\"https:\\\/\\\/solidaires-etudiant-e-s.org\\\/site\\\/2015\\\/03\\\/09\\\/halte-a-la-censure-a-luniversite\\\/#breadcrumb\",\"itemListElement\":[{\"@type\":\"ListItem\",\"position\":1,\"name\":\"Accueil\",\"item\":\"https:\\\/\\\/solidaires-etudiant-e-s.org\\\/site\\\/\"},{\"@type\":\"ListItem\",\"position\":2,\"name\":\"Halte \u00e0 la censure \u00e0 l\u2019universit\u00e9 !\"}]},{\"@type\":\"WebSite\",\"@id\":\"https:\\\/\\\/solidaires-etudiant-e-s.org\\\/site\\\/#website\",\"url\":\"https:\\\/\\\/solidaires-etudiant-e-s.org\\\/site\\\/\",\"name\":\"Solidaires \u00e9tudiant-e-s\",\"description\":\"Syndicats pour un enseignement sup\u00e9rieur gratuit, ouvert, et \u00e9mancipateur !\",\"publisher\":{\"@id\":\"https:\\\/\\\/solidaires-etudiant-e-s.org\\\/site\\\/#organization\"},\"potentialAction\":[{\"@type\":\"SearchAction\",\"target\":{\"@type\":\"EntryPoint\",\"urlTemplate\":\"https:\\\/\\\/solidaires-etudiant-e-s.org\\\/site\\\/?s={search_term_string}\"},\"query-input\":{\"@type\":\"PropertyValueSpecification\",\"valueRequired\":true,\"valueName\":\"search_term_string\"}}],\"inLanguage\":\"fr-FR\"},{\"@type\":\"Organization\",\"@id\":\"https:\\\/\\\/solidaires-etudiant-e-s.org\\\/site\\\/#organization\",\"name\":\"Solidaires \u00e9tudiant-e-s\",\"url\":\"https:\\\/\\\/solidaires-etudiant-e-s.org\\\/site\\\/\",\"logo\":{\"@type\":\"ImageObject\",\"inLanguage\":\"fr-FR\",\"@id\":\"https:\\\/\\\/solidaires-etudiant-e-s.org\\\/site\\\/#\\\/schema\\\/logo\\\/image\\\/\",\"url\":\"https:\\\/\\\/solidaires-etudiant-e-s.org\\\/site\\\/wp-content\\\/uploads\\\/2025\\\/12\\\/13-1.png\",\"contentUrl\":\"https:\\\/\\\/solidaires-etudiant-e-s.org\\\/site\\\/wp-content\\\/uploads\\\/2025\\\/12\\\/13-1.png\",\"width\":1181,\"height\":827,\"caption\":\"Solidaires \u00e9tudiant-e-s\"},\"image\":{\"@id\":\"https:\\\/\\\/solidaires-etudiant-e-s.org\\\/site\\\/#\\\/schema\\\/logo\\\/image\\\/\"},\"sameAs\":[\"https:\\\/\\\/www.facebook.com\\\/solidairesetudiantes\",\"https:\\\/\\\/x.com\\\/SolidairesEtu\",\"https:\\\/\\\/www.instagram.com\\\/solidairesetu\\\/\",\"https:\\\/\\\/bsky.app\\\/profile\\\/solidaires-etudiant-e-s.org\",\"https:\\\/\\\/mastodon.social\\\/@solidairesetu\",\"https:\\\/\\\/www.youtube.com\\\/channel\\\/UC_iZN9gmVAAnXbBM7wAWOag\"]},{\"@type\":\"Person\",\"@id\":\"https:\\\/\\\/solidaires-etudiant-e-s.org\\\/site\\\/#\\\/schema\\\/person\\\/0efb3e0ff4e2f12b5a5abcd4352aa86c\",\"name\":\"Solidaires \u00e9tudiant-e-s\",\"image\":{\"@type\":\"ImageObject\",\"inLanguage\":\"fr-FR\",\"@id\":\"https:\\\/\\\/solidaires-etudiant-e-s.org\\\/site\\\/wp-content\\\/uploads\\\/2020\\\/01\\\/logo-SESL-rond-512-96x96.png\",\"url\":\"https:\\\/\\\/solidaires-etudiant-e-s.org\\\/site\\\/wp-content\\\/uploads\\\/2020\\\/01\\\/logo-SESL-rond-512-96x96.png\",\"contentUrl\":\"https:\\\/\\\/solidaires-etudiant-e-s.org\\\/site\\\/wp-content\\\/uploads\\\/2020\\\/01\\\/logo-SESL-rond-512-96x96.png\",\"caption\":\"Solidaires \u00e9tudiant-e-s\"},\"sameAs\":[\"https:\\\/\\\/solidaires-etudiant.org\\\/site\",\"https:\\\/\\\/www.facebook.com\\\/solidairesetudiantes\",\"https:\\\/\\\/www.instagram.com\\\/solidairesetu\",\"https:\\\/\\\/x.com\\\/SolidairesEtu\",\"https:\\\/\\\/fr.wikipedia.org\\\/wiki\\\/Solidaires_tudiant-e-s\"]}]}<\/script>\n<!-- \/ Yoast SEO plugin. -->","yoast_head_json":{"title":"Halte \u00e0 la censure \u00e0 l\u2019universit\u00e9 ! - Solidaires \u00e9tudiant-e-s","robots":{"index":"index","follow":"follow","max-snippet":"max-snippet:-1","max-image-preview":"max-image-preview:large","max-video-preview":"max-video-preview:-1"},"canonical":"https:\/\/solidaires-etudiant-e-s.org\/site\/2015\/03\/09\/halte-a-la-censure-a-luniversite\/","og_locale":"fr_FR","og_type":"article","og_title":"Halte \u00e0 la censure \u00e0 l\u2019universit\u00e9 ! - Solidaires \u00e9tudiant-e-s","og_description":"Actualisation lundi 9 mars \u00e0 13h30 : Gr\u00e2ce \u00e0 la mobilisation la [&hellip;]","og_url":"https:\/\/solidaires-etudiant-e-s.org\/site\/2015\/03\/09\/halte-a-la-censure-a-luniversite\/","og_site_name":"Solidaires \u00e9tudiant-e-s","article_publisher":"https:\/\/www.facebook.com\/solidairesetudiantes","article_author":"https:\/\/www.facebook.com\/solidairesetudiantes","article_published_time":"2015-03-09T11:52:18+00:00","og_image":[{"width":589,"height":398,"url":"https:\/\/solidaires-etudiant-e-s.org\/site\/wp-content\/uploads\/2014\/09\/image.jpeg","type":"image\/jpeg"}],"author":"Solidaires \u00e9tudiant-e-s","twitter_card":"summary_large_image","twitter_creator":"@SolidairesEtu","twitter_site":"@SolidairesEtu","twitter_misc":{"\u00c9crit par":"Solidaires \u00e9tudiant-e-s","Dur\u00e9e de lecture estim\u00e9e":"4 minutes"},"schema":{"@context":"https:\/\/schema.org","@graph":[{"@type":"Article","@id":"https:\/\/solidaires-etudiant-e-s.org\/site\/2015\/03\/09\/halte-a-la-censure-a-luniversite\/#article","isPartOf":{"@id":"https:\/\/solidaires-etudiant-e-s.org\/site\/2015\/03\/09\/halte-a-la-censure-a-luniversite\/"},"author":{"name":"Solidaires \u00e9tudiant-e-s","@id":"https:\/\/solidaires-etudiant-e-s.org\/site\/#\/schema\/person\/0efb3e0ff4e2f12b5a5abcd4352aa86c"},"headline":"Halte \u00e0 la censure \u00e0 l\u2019universit\u00e9 !","datePublished":"2015-03-09T11:52:18+00:00","mainEntityOfPage":{"@id":"https:\/\/solidaires-etudiant-e-s.org\/site\/2015\/03\/09\/halte-a-la-censure-a-luniversite\/"},"wordCount":723,"publisher":{"@id":"https:\/\/solidaires-etudiant-e-s.org\/site\/#organization"},"image":{"@id":"https:\/\/solidaires-etudiant-e-s.org\/site\/2015\/03\/09\/halte-a-la-censure-a-luniversite\/#primaryimage"},"thumbnailUrl":"https:\/\/solidaires-etudiant-e-s.org\/site\/wp-content\/uploads\/2014\/09\/image.jpeg","keywords":["apartheid","boycott","censure","isra\u00ebl","israeli apartheid week","libert\u00e9 d'expression","paris 8","slider","slideshow"],"articleSection":["Uncategorized"],"inLanguage":"fr-FR"},{"@type":"WebPage","@id":"https:\/\/solidaires-etudiant-e-s.org\/site\/2015\/03\/09\/halte-a-la-censure-a-luniversite\/","url":"https:\/\/solidaires-etudiant-e-s.org\/site\/2015\/03\/09\/halte-a-la-censure-a-luniversite\/","name":"Halte \u00e0 la censure \u00e0 l\u2019universit\u00e9 ! - Solidaires \u00e9tudiant-e-s","isPartOf":{"@id":"https:\/\/solidaires-etudiant-e-s.org\/site\/#website"},"primaryImageOfPage":{"@id":"https:\/\/solidaires-etudiant-e-s.org\/site\/2015\/03\/09\/halte-a-la-censure-a-luniversite\/#primaryimage"},"image":{"@id":"https:\/\/solidaires-etudiant-e-s.org\/site\/2015\/03\/09\/halte-a-la-censure-a-luniversite\/#primaryimage"},"thumbnailUrl":"https:\/\/solidaires-etudiant-e-s.org\/site\/wp-content\/uploads\/2014\/09\/image.jpeg","datePublished":"2015-03-09T11:52:18+00:00","breadcrumb":{"@id":"https:\/\/solidaires-etudiant-e-s.org\/site\/2015\/03\/09\/halte-a-la-censure-a-luniversite\/#breadcrumb"},"inLanguage":"fr-FR","potentialAction":[{"@type":"ReadAction","target":["https:\/\/solidaires-etudiant-e-s.org\/site\/2015\/03\/09\/halte-a-la-censure-a-luniversite\/"]}]},{"@type":"ImageObject","inLanguage":"fr-FR","@id":"https:\/\/solidaires-etudiant-e-s.org\/site\/2015\/03\/09\/halte-a-la-censure-a-luniversite\/#primaryimage","url":"https:\/\/solidaires-etudiant-e-s.org\/site\/wp-content\/uploads\/2014\/09\/image.jpeg","contentUrl":"https:\/\/solidaires-etudiant-e-s.org\/site\/wp-content\/uploads\/2014\/09\/image.jpeg","width":589,"height":398},{"@type":"BreadcrumbList","@id":"https:\/\/solidaires-etudiant-e-s.org\/site\/2015\/03\/09\/halte-a-la-censure-a-luniversite\/#breadcrumb","itemListElement":[{"@type":"ListItem","position":1,"name":"Accueil","item":"https:\/\/solidaires-etudiant-e-s.org\/site\/"},{"@type":"ListItem","position":2,"name":"Halte \u00e0 la censure \u00e0 l\u2019universit\u00e9 !"}]},{"@type":"WebSite","@id":"https:\/\/solidaires-etudiant-e-s.org\/site\/#website","url":"https:\/\/solidaires-etudiant-e-s.org\/site\/","name":"Solidaires \u00e9tudiant-e-s","description":"Syndicats pour un enseignement sup\u00e9rieur gratuit, ouvert, et \u00e9mancipateur !","publisher":{"@id":"https:\/\/solidaires-etudiant-e-s.org\/site\/#organization"},"potentialAction":[{"@type":"SearchAction","target":{"@type":"EntryPoint","urlTemplate":"https:\/\/solidaires-etudiant-e-s.org\/site\/?s={search_term_string}"},"query-input":{"@type":"PropertyValueSpecification","valueRequired":true,"valueName":"search_term_string"}}],"inLanguage":"fr-FR"},{"@type":"Organization","@id":"https:\/\/solidaires-etudiant-e-s.org\/site\/#organization","name":"Solidaires \u00e9tudiant-e-s","url":"https:\/\/solidaires-etudiant-e-s.org\/site\/","logo":{"@type":"ImageObject","inLanguage":"fr-FR","@id":"https:\/\/solidaires-etudiant-e-s.org\/site\/#\/schema\/logo\/image\/","url":"https:\/\/solidaires-etudiant-e-s.org\/site\/wp-content\/uploads\/2025\/12\/13-1.png","contentUrl":"https:\/\/solidaires-etudiant-e-s.org\/site\/wp-content\/uploads\/2025\/12\/13-1.png","width":1181,"height":827,"caption":"Solidaires \u00e9tudiant-e-s"},"image":{"@id":"https:\/\/solidaires-etudiant-e-s.org\/site\/#\/schema\/logo\/image\/"},"sameAs":["https:\/\/www.facebook.com\/solidairesetudiantes","https:\/\/x.com\/SolidairesEtu","https:\/\/www.instagram.com\/solidairesetu\/","https:\/\/bsky.app\/profile\/solidaires-etudiant-e-s.org","https:\/\/mastodon.social\/@solidairesetu","https:\/\/www.youtube.com\/channel\/UC_iZN9gmVAAnXbBM7wAWOag"]},{"@type":"Person","@id":"https:\/\/solidaires-etudiant-e-s.org\/site\/#\/schema\/person\/0efb3e0ff4e2f12b5a5abcd4352aa86c","name":"Solidaires \u00e9tudiant-e-s","image":{"@type":"ImageObject","inLanguage":"fr-FR","@id":"https:\/\/solidaires-etudiant-e-s.org\/site\/wp-content\/uploads\/2020\/01\/logo-SESL-rond-512-96x96.png","url":"https:\/\/solidaires-etudiant-e-s.org\/site\/wp-content\/uploads\/2020\/01\/logo-SESL-rond-512-96x96.png","contentUrl":"https:\/\/solidaires-etudiant-e-s.org\/site\/wp-content\/uploads\/2020\/01\/logo-SESL-rond-512-96x96.png","caption":"Solidaires \u00e9tudiant-e-s"},"sameAs":["https:\/\/solidaires-etudiant.org\/site","https:\/\/www.facebook.com\/solidairesetudiantes","https:\/\/www.instagram.com\/solidairesetu","https:\/\/x.com\/SolidairesEtu","https:\/\/fr.wikipedia.org\/wiki\/Solidaires_tudiant-e-s"]}]}},"_links":{"self":[{"href":"https:\/\/solidaires-etudiant-e-s.org\/site\/wp-json\/wp\/v2\/posts\/2280","targetHints":{"allow":["GET"]}}],"collection":[{"href":"https:\/\/solidaires-etudiant-e-s.org\/site\/wp-json\/wp\/v2\/posts"}],"about":[{"href":"https:\/\/solidaires-etudiant-e-s.org\/site\/wp-json\/wp\/v2\/types\/post"}],"author":[{"embeddable":true,"href":"https:\/\/solidaires-etudiant-e-s.org\/site\/wp-json\/wp\/v2\/users\/1"}],"replies":[{"embeddable":true,"href":"https:\/\/solidaires-etudiant-e-s.org\/site\/wp-json\/wp\/v2\/comments?post=2280"}],"version-history":[{"count":0,"href":"https:\/\/solidaires-etudiant-e-s.org\/site\/wp-json\/wp\/v2\/posts\/2280\/revisions"}],"wp:featuredmedia":[{"embeddable":true,"href":"https:\/\/solidaires-etudiant-e-s.org\/site\/wp-json\/wp\/v2\/media\/1326"}],"wp:attachment":[{"href":"https:\/\/solidaires-etudiant-e-s.org\/site\/wp-json\/wp\/v2\/media?parent=2280"}],"wp:term":[{"taxonomy":"category","embeddable":true,"href":"https:\/\/solidaires-etudiant-e-s.org\/site\/wp-json\/wp\/v2\/categories?post=2280"},{"taxonomy":"post_tag","embeddable":true,"href":"https:\/\/solidaires-etudiant-e-s.org\/site\/wp-json\/wp\/v2\/tags?post=2280"}],"curies":[{"name":"wp","href":"https:\/\/api.w.org\/{rel}","templated":true}]}}