{"id":2271,"date":"2015-03-05T21:48:15","date_gmt":"2015-03-05T20:48:15","guid":{"rendered":"http:\/\/www.solidaires-etudiant.org\/?p=2271"},"modified":"2015-03-05T21:48:15","modified_gmt":"2015-03-05T20:48:15","slug":"2271","status":"publish","type":"post","link":"https:\/\/solidaires-etudiant-e-s.org\/site\/2015\/03\/05\/2271\/","title":{"rendered":"Un \u00ab doctorat professionnel \u00bb \u00e0 Sciences Po ?"},"content":{"rendered":"<p align=\"justify\"><span style=\"font-family: Calibri,sans-serif;\">Lors du dernier conseil de l\u2019Ecole Doctorale, les \u00e9lu-e-s doctorant-e-s ont pris connaissance de la volont\u00e9 de Sciences Po de cr\u00e9er un \u00ab\u00a0doctorat professionnel\u00a0\u00bb.<\/span><\/p>\n<p align=\"justify\"><span style=\"font-family: Calibri,sans-serif;\">D\u2019apr\u00e8s les (rares) \u00e9l\u00e9ments communiqu\u00e9s par Sciences Po, il s\u2019agirait de doctorats courts (environ 2 ans), qui viseraient un public ayant une exp\u00e9rience de travail de 10 ans minimum, et qui aurait surtout les moyens de se payer un dipl\u00f4me extr\u00eamement co\u00fbteux. En effet, de tels doctorats professionnels existent d\u00e9j\u00e0 \u00e0 l\u2019universit\u00e9 Paris-Dauphine, et le co\u00fbt annuel d\u2019inscription y est de 29\u00a0000\u20ac, contre les 400\u20ac que payent normalement les doctorant-e-s en doctorat scientifique\u00a0!<\/span><\/p>\n<p align=\"justify\"><span style=\"font-family: Calibri,sans-serif;\">Un doctorat pour les plus riches, qui permettrait d\u2019\u00a0\u00ab\u00a0acheter\u00a0\u00bb une ligne en plus pour son CV\u00a0: c\u2019est l\u00e0 la nouvelle id\u00e9e de Sciences Po, jamais \u00e0 court d\u2019id\u00e9es pour remplir ses caisses.<\/span><\/p>\n<p align=\"justify\"><strong><span style=\"font-family: Calibri,sans-serif;\">La continuation du processus de Bologne\u00a0: les logiques capitalistes appliqu\u00e9es \u00e0 l\u2019Universit\u00e9<\/span><\/strong><\/p>\n<p align=\"justify\"><span style=\"font-family: Calibri,sans-serif;\">Les doctorats professionnels font partie des projets mis avant par le processus de Bologne, qui applique \u00e0 l\u2019enseignement et au savoir les logiques \u00e9conomiques de profit, de \u00ab\u00a0comp\u00e9titivit\u00e9\u00a0\u00bb et de \u00ab\u00a0rentabilit\u00e9\u00a0\u00bb, en g\u00e9n\u00e9ralisant notamment les partenariats publics-priv\u00e9s, dont le couple IEP\/FNSP est le parfait exemple.<\/span><\/p>\n<p align=\"justify\"><span style=\"font-family: Calibri,sans-serif;\">Dans la r\u00e9cente loi Fioraso, il est \u00e9crit clairement que \u00ab\u00a0les r\u00e9sultats de la recherche doivent \u00eatre transf\u00e9rables au monde socio-\u00e9conomique\u00a0\u00bb. C\u2019est exactement cette logique qui sous-tend la cr\u00e9ation d\u2019un doctorat professionnel. Et c\u2019est cette logique qui menace dangereusement une ind\u00e9pendance de la recherche d\u00e9j\u00e0 fortement mise \u00e0 mal, qui va se voir de plus en plus soumise \u00e0 des logiques \u00e9conomiques et politiques.<\/span><\/p>\n<p align=\"justify\"><span style=\"font-family: Calibri,sans-serif;\">Encore une fois, Sciences Po se fait la pointe avanc\u00e9e de la lib\u00e9ralisation et de la marchandisation de l\u2019enseignement sup\u00e9rieur en France, et de l\u2019application des logiques capitalistes \u00e0 l\u2019universit\u00e9.<\/span><\/p>\n<p align=\"justify\"><strong><span style=\"font-family: Calibri,sans-serif;\">Contre le \u00ab\u00a0doctorat professionnel\u00a0\u00bb, pour un savoir critique et \u00e9mancipateur, lib\u00e9r\u00e9 des logiques marchandes<\/span><\/strong><\/p>\n<p align=\"justify\"><span style=\"font-family: Calibri,sans-serif;\">Contrairement aux \u00e9lu-e-s UNEF de l\u2019Ecole Doctorale, il ne s\u2019agit pas pour nous de d\u00e9noncer d\u2019abord une \u00ab\u00a0perte de prestige\u00a0\u00bb de \u00ab\u00a0nos\u00a0\u00bb dipl\u00f4mes\u00a0 \u00e9ventuellement entra\u00een\u00e9e par la cr\u00e9ation de ce doctorat professionnel, ou de s\u2019inqui\u00e9ter de la \u00ab\u00a0nuisance\u00a0\u00bb \u00e0 la \u00ab\u00a0r\u00e9putation\u00a0\u00bb de l\u2019IEP mais bien de s\u2019alarmer de l\u2019importance grandissante que donne Sciences Po \u00e0 des logiques priv\u00e9es, fond\u00e9es sur la recherche de profit.<\/span><\/p>\n<p align=\"justify\"><span style=\"font-family: Calibri,sans-serif;\"><b>Nous nous opposons fermement \u00e0 la cr\u00e9ation de ce doctorat professionnel. Nous sommes favorables \u00e0 ce que les doctorant-e-s de l\u2019IEP s\u2019organisent contre ce projet, et rappellent l\u2019urgence de d\u00e9fendre un savoir public, critique et \u00e9mancipateur, contre le savoir-marchandise dont Sciences Po s\u2019\u00e9vertue \u00e0 se poser comme le d\u00e9fenseur avant-gardiste.<\/b><\/span><\/p>\n<p align=\"center\"><span style=\"font-family: Calibri,sans-serif;\">Contacts locaux\u00a0: <\/span><\/p>\n<p align=\"center\"><span style=\"font-family: Calibri,sans-serif;\"><span style=\"color: #000000;\"><span style=\"font-size: small;\"><i>Solidaires \u00e9tudiant-e-s <\/i><\/span><\/span><span style=\"color: #000000;\"><span style=\"font-size: small;\"><i>IEP Paris \u2013 <\/i><\/span><\/span><span style=\"color: #000000;\"><span style=\"font-size: small;\"><i>06 <\/i><\/span><\/span><span style=\"color: #000000;\"><span style=\"font-size: small;\"><i>04 19 58 18<\/i><\/span><\/span><\/span><\/p>\n<p align=\"center\"><span style=\"color: #000000;\"><span style=\"font-family: Calibri,sans-serif;\"><span style=\"font-size: small;\"><i>https:\/\/sudsciencespo.wordpress.com<\/i><\/span><\/span><\/span><\/p>\n","protected":false},"excerpt":{"rendered":"<p>Lors du dernier conseil de l\u2019Ecole Doctorale, les \u00e9lu-e-s doctorant-e-s ont pris [&hellip;]<\/p>\n","protected":false},"author":1,"featured_media":0,"comment_status":"closed","ping_status":"closed","sticky":false,"template":"","format":"standard","meta":{"cybocfi_hide_featured_image":"","footnotes":""},"categories":[10],"tags":[],"class_list":["post-2271","post","type-post","status-publish","format-standard","hentry","category-communiques","col-md-4 col-sm-4"],"featured_image_src":null,"author_info":{"display_name":"Solidaires \u00e9tudiant-e-s","author_link":false},"yoast_head":"<!-- This site is optimized with the Yoast SEO plugin v27.5 - https:\/\/yoast.com\/product\/yoast-seo-wordpress\/ -->\n<title>Un \u00ab doctorat professionnel \u00bb \u00e0 Sciences Po ? - Solidaires \u00e9tudiant-e-s<\/title>\n<meta name=\"robots\" content=\"index, follow, max-snippet:-1, max-image-preview:large, max-video-preview:-1\" \/>\n<link rel=\"canonical\" href=\"https:\/\/solidaires-etudiant-e-s.org\/site\/2015\/03\/05\/2271\/\" \/>\n<meta property=\"og:locale\" content=\"fr_FR\" \/>\n<meta property=\"og:type\" content=\"article\" \/>\n<meta property=\"og:title\" content=\"Un \u00ab doctorat professionnel \u00bb \u00e0 Sciences Po ? - Solidaires \u00e9tudiant-e-s\" \/>\n<meta property=\"og:description\" content=\"Lors du dernier conseil de l\u2019Ecole Doctorale, les \u00e9lu-e-s doctorant-e-s ont pris [&hellip;]\" \/>\n<meta property=\"og:url\" content=\"https:\/\/solidaires-etudiant-e-s.org\/site\/2015\/03\/05\/2271\/\" \/>\n<meta property=\"og:site_name\" content=\"Solidaires \u00e9tudiant-e-s\" \/>\n<meta property=\"article:publisher\" content=\"https:\/\/www.facebook.com\/solidairesetudiantes\" \/>\n<meta property=\"article:author\" content=\"https:\/\/www.facebook.com\/solidairesetudiantes\" \/>\n<meta property=\"article:published_time\" content=\"2015-03-05T20:48:15+00:00\" \/>\n<meta name=\"author\" content=\"Solidaires \u00e9tudiant-e-s\" \/>\n<meta name=\"twitter:card\" content=\"summary_large_image\" \/>\n<meta name=\"twitter:creator\" content=\"@SolidairesEtu\" \/>\n<meta name=\"twitter:site\" content=\"@SolidairesEtu\" \/>\n<meta name=\"twitter:label1\" content=\"\u00c9crit par\" \/>\n\t<meta name=\"twitter:data1\" content=\"Solidaires \u00e9tudiant-e-s\" \/>\n\t<meta name=\"twitter:label2\" content=\"Dur\u00e9e de lecture estim\u00e9e\" \/>\n\t<meta name=\"twitter:data2\" content=\"2 minutes\" \/>\n<script type=\"application\/ld+json\" class=\"yoast-schema-graph\">{\"@context\":\"https:\\\/\\\/schema.org\",\"@graph\":[{\"@type\":\"Article\",\"@id\":\"https:\\\/\\\/solidaires-etudiant-e-s.org\\\/site\\\/2015\\\/03\\\/05\\\/2271\\\/#article\",\"isPartOf\":{\"@id\":\"https:\\\/\\\/solidaires-etudiant-e-s.org\\\/site\\\/2015\\\/03\\\/05\\\/2271\\\/\"},\"author\":{\"name\":\"Solidaires \u00e9tudiant-e-s\",\"@id\":\"https:\\\/\\\/solidaires-etudiant-e-s.org\\\/site\\\/#\\\/schema\\\/person\\\/0efb3e0ff4e2f12b5a5abcd4352aa86c\"},\"headline\":\"Un \u00ab doctorat professionnel \u00bb \u00e0 Sciences Po ?\",\"datePublished\":\"2015-03-05T20:48:15+00:00\",\"mainEntityOfPage\":{\"@id\":\"https:\\\/\\\/solidaires-etudiant-e-s.org\\\/site\\\/2015\\\/03\\\/05\\\/2271\\\/\"},\"wordCount\":475,\"publisher\":{\"@id\":\"https:\\\/\\\/solidaires-etudiant-e-s.org\\\/site\\\/#organization\"},\"articleSection\":[\"COMMUNIQUES NATIONAUX\"],\"inLanguage\":\"fr-FR\"},{\"@type\":\"WebPage\",\"@id\":\"https:\\\/\\\/solidaires-etudiant-e-s.org\\\/site\\\/2015\\\/03\\\/05\\\/2271\\\/\",\"url\":\"https:\\\/\\\/solidaires-etudiant-e-s.org\\\/site\\\/2015\\\/03\\\/05\\\/2271\\\/\",\"name\":\"Un \u00ab doctorat professionnel \u00bb \u00e0 Sciences Po ? - Solidaires \u00e9tudiant-e-s\",\"isPartOf\":{\"@id\":\"https:\\\/\\\/solidaires-etudiant-e-s.org\\\/site\\\/#website\"},\"datePublished\":\"2015-03-05T20:48:15+00:00\",\"breadcrumb\":{\"@id\":\"https:\\\/\\\/solidaires-etudiant-e-s.org\\\/site\\\/2015\\\/03\\\/05\\\/2271\\\/#breadcrumb\"},\"inLanguage\":\"fr-FR\",\"potentialAction\":[{\"@type\":\"ReadAction\",\"target\":[\"https:\\\/\\\/solidaires-etudiant-e-s.org\\\/site\\\/2015\\\/03\\\/05\\\/2271\\\/\"]}]},{\"@type\":\"BreadcrumbList\",\"@id\":\"https:\\\/\\\/solidaires-etudiant-e-s.org\\\/site\\\/2015\\\/03\\\/05\\\/2271\\\/#breadcrumb\",\"itemListElement\":[{\"@type\":\"ListItem\",\"position\":1,\"name\":\"Accueil\",\"item\":\"https:\\\/\\\/solidaires-etudiant-e-s.org\\\/site\\\/\"},{\"@type\":\"ListItem\",\"position\":2,\"name\":\"Un \u00ab doctorat professionnel \u00bb \u00e0 Sciences Po ?\"}]},{\"@type\":\"WebSite\",\"@id\":\"https:\\\/\\\/solidaires-etudiant-e-s.org\\\/site\\\/#website\",\"url\":\"https:\\\/\\\/solidaires-etudiant-e-s.org\\\/site\\\/\",\"name\":\"Solidaires \u00e9tudiant-e-s\",\"description\":\"Syndicats pour un enseignement sup\u00e9rieur gratuit, ouvert, et \u00e9mancipateur !\",\"publisher\":{\"@id\":\"https:\\\/\\\/solidaires-etudiant-e-s.org\\\/site\\\/#organization\"},\"potentialAction\":[{\"@type\":\"SearchAction\",\"target\":{\"@type\":\"EntryPoint\",\"urlTemplate\":\"https:\\\/\\\/solidaires-etudiant-e-s.org\\\/site\\\/?s={search_term_string}\"},\"query-input\":{\"@type\":\"PropertyValueSpecification\",\"valueRequired\":true,\"valueName\":\"search_term_string\"}}],\"inLanguage\":\"fr-FR\"},{\"@type\":\"Organization\",\"@id\":\"https:\\\/\\\/solidaires-etudiant-e-s.org\\\/site\\\/#organization\",\"name\":\"Solidaires \u00e9tudiant-e-s\",\"url\":\"https:\\\/\\\/solidaires-etudiant-e-s.org\\\/site\\\/\",\"logo\":{\"@type\":\"ImageObject\",\"inLanguage\":\"fr-FR\",\"@id\":\"https:\\\/\\\/solidaires-etudiant-e-s.org\\\/site\\\/#\\\/schema\\\/logo\\\/image\\\/\",\"url\":\"https:\\\/\\\/solidaires-etudiant-e-s.org\\\/site\\\/wp-content\\\/uploads\\\/2025\\\/12\\\/13-1.png\",\"contentUrl\":\"https:\\\/\\\/solidaires-etudiant-e-s.org\\\/site\\\/wp-content\\\/uploads\\\/2025\\\/12\\\/13-1.png\",\"width\":1181,\"height\":827,\"caption\":\"Solidaires \u00e9tudiant-e-s\"},\"image\":{\"@id\":\"https:\\\/\\\/solidaires-etudiant-e-s.org\\\/site\\\/#\\\/schema\\\/logo\\\/image\\\/\"},\"sameAs\":[\"https:\\\/\\\/www.facebook.com\\\/solidairesetudiantes\",\"https:\\\/\\\/x.com\\\/SolidairesEtu\",\"https:\\\/\\\/www.instagram.com\\\/solidairesetu\\\/\",\"https:\\\/\\\/bsky.app\\\/profile\\\/solidaires-etudiant-e-s.org\",\"https:\\\/\\\/mastodon.social\\\/@solidairesetu\",\"https:\\\/\\\/www.youtube.com\\\/channel\\\/UC_iZN9gmVAAnXbBM7wAWOag\"]},{\"@type\":\"Person\",\"@id\":\"https:\\\/\\\/solidaires-etudiant-e-s.org\\\/site\\\/#\\\/schema\\\/person\\\/0efb3e0ff4e2f12b5a5abcd4352aa86c\",\"name\":\"Solidaires \u00e9tudiant-e-s\",\"image\":{\"@type\":\"ImageObject\",\"inLanguage\":\"fr-FR\",\"@id\":\"https:\\\/\\\/solidaires-etudiant-e-s.org\\\/site\\\/wp-content\\\/uploads\\\/2020\\\/01\\\/logo-SESL-rond-512-96x96.png\",\"url\":\"https:\\\/\\\/solidaires-etudiant-e-s.org\\\/site\\\/wp-content\\\/uploads\\\/2020\\\/01\\\/logo-SESL-rond-512-96x96.png\",\"contentUrl\":\"https:\\\/\\\/solidaires-etudiant-e-s.org\\\/site\\\/wp-content\\\/uploads\\\/2020\\\/01\\\/logo-SESL-rond-512-96x96.png\",\"caption\":\"Solidaires \u00e9tudiant-e-s\"},\"sameAs\":[\"https:\\\/\\\/solidaires-etudiant.org\\\/site\",\"https:\\\/\\\/www.facebook.com\\\/solidairesetudiantes\",\"https:\\\/\\\/www.instagram.com\\\/solidairesetu\",\"https:\\\/\\\/x.com\\\/SolidairesEtu\",\"https:\\\/\\\/fr.wikipedia.org\\\/wiki\\\/Solidaires_tudiant-e-s\"]}]}<\/script>\n<!-- \/ Yoast SEO plugin. -->","yoast_head_json":{"title":"Un \u00ab doctorat professionnel \u00bb \u00e0 Sciences Po ? - Solidaires \u00e9tudiant-e-s","robots":{"index":"index","follow":"follow","max-snippet":"max-snippet:-1","max-image-preview":"max-image-preview:large","max-video-preview":"max-video-preview:-1"},"canonical":"https:\/\/solidaires-etudiant-e-s.org\/site\/2015\/03\/05\/2271\/","og_locale":"fr_FR","og_type":"article","og_title":"Un \u00ab doctorat professionnel \u00bb \u00e0 Sciences Po ? - Solidaires \u00e9tudiant-e-s","og_description":"Lors du dernier conseil de l\u2019Ecole Doctorale, les \u00e9lu-e-s doctorant-e-s ont pris [&hellip;]","og_url":"https:\/\/solidaires-etudiant-e-s.org\/site\/2015\/03\/05\/2271\/","og_site_name":"Solidaires \u00e9tudiant-e-s","article_publisher":"https:\/\/www.facebook.com\/solidairesetudiantes","article_author":"https:\/\/www.facebook.com\/solidairesetudiantes","article_published_time":"2015-03-05T20:48:15+00:00","author":"Solidaires \u00e9tudiant-e-s","twitter_card":"summary_large_image","twitter_creator":"@SolidairesEtu","twitter_site":"@SolidairesEtu","twitter_misc":{"\u00c9crit par":"Solidaires \u00e9tudiant-e-s","Dur\u00e9e de lecture estim\u00e9e":"2 minutes"},"schema":{"@context":"https:\/\/schema.org","@graph":[{"@type":"Article","@id":"https:\/\/solidaires-etudiant-e-s.org\/site\/2015\/03\/05\/2271\/#article","isPartOf":{"@id":"https:\/\/solidaires-etudiant-e-s.org\/site\/2015\/03\/05\/2271\/"},"author":{"name":"Solidaires \u00e9tudiant-e-s","@id":"https:\/\/solidaires-etudiant-e-s.org\/site\/#\/schema\/person\/0efb3e0ff4e2f12b5a5abcd4352aa86c"},"headline":"Un \u00ab doctorat professionnel \u00bb \u00e0 Sciences Po ?","datePublished":"2015-03-05T20:48:15+00:00","mainEntityOfPage":{"@id":"https:\/\/solidaires-etudiant-e-s.org\/site\/2015\/03\/05\/2271\/"},"wordCount":475,"publisher":{"@id":"https:\/\/solidaires-etudiant-e-s.org\/site\/#organization"},"articleSection":["COMMUNIQUES NATIONAUX"],"inLanguage":"fr-FR"},{"@type":"WebPage","@id":"https:\/\/solidaires-etudiant-e-s.org\/site\/2015\/03\/05\/2271\/","url":"https:\/\/solidaires-etudiant-e-s.org\/site\/2015\/03\/05\/2271\/","name":"Un \u00ab doctorat professionnel \u00bb \u00e0 Sciences Po ? - Solidaires \u00e9tudiant-e-s","isPartOf":{"@id":"https:\/\/solidaires-etudiant-e-s.org\/site\/#website"},"datePublished":"2015-03-05T20:48:15+00:00","breadcrumb":{"@id":"https:\/\/solidaires-etudiant-e-s.org\/site\/2015\/03\/05\/2271\/#breadcrumb"},"inLanguage":"fr-FR","potentialAction":[{"@type":"ReadAction","target":["https:\/\/solidaires-etudiant-e-s.org\/site\/2015\/03\/05\/2271\/"]}]},{"@type":"BreadcrumbList","@id":"https:\/\/solidaires-etudiant-e-s.org\/site\/2015\/03\/05\/2271\/#breadcrumb","itemListElement":[{"@type":"ListItem","position":1,"name":"Accueil","item":"https:\/\/solidaires-etudiant-e-s.org\/site\/"},{"@type":"ListItem","position":2,"name":"Un \u00ab doctorat professionnel \u00bb \u00e0 Sciences Po ?"}]},{"@type":"WebSite","@id":"https:\/\/solidaires-etudiant-e-s.org\/site\/#website","url":"https:\/\/solidaires-etudiant-e-s.org\/site\/","name":"Solidaires \u00e9tudiant-e-s","description":"Syndicats pour un enseignement sup\u00e9rieur gratuit, ouvert, et \u00e9mancipateur !","publisher":{"@id":"https:\/\/solidaires-etudiant-e-s.org\/site\/#organization"},"potentialAction":[{"@type":"SearchAction","target":{"@type":"EntryPoint","urlTemplate":"https:\/\/solidaires-etudiant-e-s.org\/site\/?s={search_term_string}"},"query-input":{"@type":"PropertyValueSpecification","valueRequired":true,"valueName":"search_term_string"}}],"inLanguage":"fr-FR"},{"@type":"Organization","@id":"https:\/\/solidaires-etudiant-e-s.org\/site\/#organization","name":"Solidaires \u00e9tudiant-e-s","url":"https:\/\/solidaires-etudiant-e-s.org\/site\/","logo":{"@type":"ImageObject","inLanguage":"fr-FR","@id":"https:\/\/solidaires-etudiant-e-s.org\/site\/#\/schema\/logo\/image\/","url":"https:\/\/solidaires-etudiant-e-s.org\/site\/wp-content\/uploads\/2025\/12\/13-1.png","contentUrl":"https:\/\/solidaires-etudiant-e-s.org\/site\/wp-content\/uploads\/2025\/12\/13-1.png","width":1181,"height":827,"caption":"Solidaires \u00e9tudiant-e-s"},"image":{"@id":"https:\/\/solidaires-etudiant-e-s.org\/site\/#\/schema\/logo\/image\/"},"sameAs":["https:\/\/www.facebook.com\/solidairesetudiantes","https:\/\/x.com\/SolidairesEtu","https:\/\/www.instagram.com\/solidairesetu\/","https:\/\/bsky.app\/profile\/solidaires-etudiant-e-s.org","https:\/\/mastodon.social\/@solidairesetu","https:\/\/www.youtube.com\/channel\/UC_iZN9gmVAAnXbBM7wAWOag"]},{"@type":"Person","@id":"https:\/\/solidaires-etudiant-e-s.org\/site\/#\/schema\/person\/0efb3e0ff4e2f12b5a5abcd4352aa86c","name":"Solidaires \u00e9tudiant-e-s","image":{"@type":"ImageObject","inLanguage":"fr-FR","@id":"https:\/\/solidaires-etudiant-e-s.org\/site\/wp-content\/uploads\/2020\/01\/logo-SESL-rond-512-96x96.png","url":"https:\/\/solidaires-etudiant-e-s.org\/site\/wp-content\/uploads\/2020\/01\/logo-SESL-rond-512-96x96.png","contentUrl":"https:\/\/solidaires-etudiant-e-s.org\/site\/wp-content\/uploads\/2020\/01\/logo-SESL-rond-512-96x96.png","caption":"Solidaires \u00e9tudiant-e-s"},"sameAs":["https:\/\/solidaires-etudiant.org\/site","https:\/\/www.facebook.com\/solidairesetudiantes","https:\/\/www.instagram.com\/solidairesetu","https:\/\/x.com\/SolidairesEtu","https:\/\/fr.wikipedia.org\/wiki\/Solidaires_tudiant-e-s"]}]}},"_links":{"self":[{"href":"https:\/\/solidaires-etudiant-e-s.org\/site\/wp-json\/wp\/v2\/posts\/2271","targetHints":{"allow":["GET"]}}],"collection":[{"href":"https:\/\/solidaires-etudiant-e-s.org\/site\/wp-json\/wp\/v2\/posts"}],"about":[{"href":"https:\/\/solidaires-etudiant-e-s.org\/site\/wp-json\/wp\/v2\/types\/post"}],"author":[{"embeddable":true,"href":"https:\/\/solidaires-etudiant-e-s.org\/site\/wp-json\/wp\/v2\/users\/1"}],"replies":[{"embeddable":true,"href":"https:\/\/solidaires-etudiant-e-s.org\/site\/wp-json\/wp\/v2\/comments?post=2271"}],"version-history":[{"count":0,"href":"https:\/\/solidaires-etudiant-e-s.org\/site\/wp-json\/wp\/v2\/posts\/2271\/revisions"}],"wp:attachment":[{"href":"https:\/\/solidaires-etudiant-e-s.org\/site\/wp-json\/wp\/v2\/media?parent=2271"}],"wp:term":[{"taxonomy":"category","embeddable":true,"href":"https:\/\/solidaires-etudiant-e-s.org\/site\/wp-json\/wp\/v2\/categories?post=2271"},{"taxonomy":"post_tag","embeddable":true,"href":"https:\/\/solidaires-etudiant-e-s.org\/site\/wp-json\/wp\/v2\/tags?post=2271"}],"curies":[{"name":"wp","href":"https:\/\/api.w.org\/{rel}","templated":true}]}}