{"id":225,"date":"2013-11-13T11:17:38","date_gmt":"2013-11-13T10:17:38","guid":{"rendered":"http:\/\/cluster013.ovh.net\/~solidairmn\/?p=225"},"modified":"2013-11-13T11:17:38","modified_gmt":"2013-11-13T10:17:38","slug":"victoire-de-la-mobilisation-en-guyane","status":"publish","type":"post","link":"https:\/\/solidaires-etudiant-e-s.org\/site\/2013\/11\/13\/victoire-de-la-mobilisation-en-guyane\/","title":{"rendered":"Victoire de la mobilisation en Guyane !"},"content":{"rendered":"<p style=\"text-align: center;\">Apr\u00e8s cinq semaines de lutte mobilisant \u00e9tudiant-e-s, personnel-le-s et enseignant-e-s, le mouvement a obtenu une victoire compl\u00e8te\u00a0: le p\u00f4le acad\u00e9mique de Guyane verra le jour en 2015\u00a0!<\/p>\n<p style=\"text-align: center;\">Les gr\u00e9vistes ont tenu bon, en organisant trois manifestations dans les rues de Cayenne, un piquet de gr\u00e8ve permanent \u00e0 l\u2019entr\u00e9e de la facult\u00e9 de Cayenne et devant<br \/>\nles lyc\u00e9es de Kourou, Cayenne et Saint-Laurent\u00a0; le tout en maintenant la coh\u00e9sion du<br \/>\nmouvement, du collectif \u00e9tudiant et de l\u2019intersyndicale.<\/p>\n<p style=\"text-align: center;\">La situation universitaire en Guyane est en effet d\u00e9sastreuse\u00a0: sous-effectifs dans le<br \/>\ncorps enseignant, absence de restauration universitaire, corruption et client\u00e9lisme<br \/>\ndans l\u2019administration et pr\u00e9carit\u00e9 des personnel-le-s.<\/p>\n<p style=\"text-align: center;\">Gr\u00e2ce \u00e0 la mobilisation et \u00e0 la menace d\u2019une amplification du mouvement, les<br \/>\ngr\u00e9vistes obtiennent du gouvernement\u00a0: la mise en place du p\u00f4le acad\u00e9mique de Guyane, ind\u00e9pendant de celui des Antilles (fin de l\u2019UAG) pour la rentr\u00e9e 2015, la<br \/>\ncr\u00e9ation d\u2019une cinquantaine de postes de personnels (parmi lesquels une moiti\u00e9 de<br \/>\nBIATSS -Biblioth\u00e9caires, ing\u00e9nieurs, administratifs, techniciens, personnels sociaux et de sant\u00e9- et une moiti\u00e9 d\u2019enseignant-e-s) , mais aussi l\u2019am\u00e9lioration des conditions de vie \u00e9tudiante via la mise en place d\u2019une restauration universitaire, de logements<br \/>\n\u00e9tudiants et d\u2019aides au transport. Enfin les gr\u00e9vistes ont obtenu le paiement int\u00e9gral<br \/>\ndes jours de gr\u00eave pour tous les gr\u00e9vistes, et l\u2019annulation de toutes les poursuites<\/p>\n<p style=\"text-align: center;\"><strong>En Guyane comme ailleurs, seules les luttes payent\u00a0!<\/strong><\/p>\n","protected":false},"excerpt":{"rendered":"<p>Apr\u00e8s cinq semaines de lutte mobilisant \u00e9tudiant-e-s, personnel-le-s et enseignant-e-s, le mouvement [&hellip;]<\/p>\n","protected":false},"author":1,"featured_media":226,"comment_status":"open","ping_status":"open","sticky":false,"template":"","format":"standard","meta":{"cybocfi_hide_featured_image":"","footnotes":""},"categories":[18,24],"tags":[472],"class_list":["post-225","post","type-post","status-publish","format-standard","has-post-thumbnail","hentry","category-esr","category-international","tag-esr-2","col-md-4 col-sm-4"],"featured_image_src":"https:\/\/solidaires-etudiant-e-s.org\/site\/wp-content\/uploads\/2014\/02\/vlcsnap-2013-10-13-12h02m20s93.png","author_info":{"display_name":"Solidaires \u00e9tudiant-e-s","author_link":false},"yoast_head":"<!-- This site is optimized with the Yoast SEO plugin v27.5 - https:\/\/yoast.com\/product\/yoast-seo-wordpress\/ -->\n<title>Victoire de la mobilisation en Guyane ! - Solidaires \u00e9tudiant-e-s<\/title>\n<meta name=\"robots\" content=\"index, follow, max-snippet:-1, max-image-preview:large, max-video-preview:-1\" \/>\n<link rel=\"canonical\" href=\"https:\/\/solidaires-etudiant-e-s.org\/site\/2013\/11\/13\/victoire-de-la-mobilisation-en-guyane\/\" \/>\n<meta property=\"og:locale\" content=\"fr_FR\" \/>\n<meta property=\"og:type\" content=\"article\" \/>\n<meta property=\"og:title\" content=\"Victoire de la mobilisation en Guyane ! - Solidaires \u00e9tudiant-e-s\" \/>\n<meta property=\"og:description\" content=\"Apr\u00e8s cinq semaines de lutte mobilisant \u00e9tudiant-e-s, personnel-le-s et enseignant-e-s, le mouvement [&hellip;]\" \/>\n<meta property=\"og:url\" content=\"https:\/\/solidaires-etudiant-e-s.org\/site\/2013\/11\/13\/victoire-de-la-mobilisation-en-guyane\/\" \/>\n<meta property=\"og:site_name\" content=\"Solidaires \u00e9tudiant-e-s\" \/>\n<meta property=\"article:publisher\" content=\"https:\/\/www.facebook.com\/solidairesetudiantes\" \/>\n<meta property=\"article:author\" content=\"https:\/\/www.facebook.com\/solidairesetudiantes\" \/>\n<meta property=\"article:published_time\" content=\"2013-11-13T10:17:38+00:00\" \/>\n<meta property=\"og:image\" content=\"https:\/\/solidaires-etudiant-e-s.org\/site\/wp-content\/uploads\/2014\/02\/vlcsnap-2013-10-13-12h02m20s93.png\" \/>\n\t<meta property=\"og:image:width\" content=\"521\" \/>\n\t<meta property=\"og:image:height\" content=\"293\" \/>\n\t<meta property=\"og:image:type\" content=\"image\/png\" \/>\n<meta name=\"author\" content=\"Solidaires \u00e9tudiant-e-s\" \/>\n<meta name=\"twitter:card\" content=\"summary_large_image\" \/>\n<meta name=\"twitter:creator\" content=\"@SolidairesEtu\" \/>\n<meta name=\"twitter:site\" content=\"@SolidairesEtu\" \/>\n<meta name=\"twitter:label1\" content=\"\u00c9crit par\" \/>\n\t<meta name=\"twitter:data1\" content=\"Solidaires \u00e9tudiant-e-s\" \/>\n\t<meta name=\"twitter:label2\" content=\"Dur\u00e9e de lecture estim\u00e9e\" \/>\n\t<meta name=\"twitter:data2\" content=\"1 minute\" \/>\n<script type=\"application\/ld+json\" class=\"yoast-schema-graph\">{\"@context\":\"https:\\\/\\\/schema.org\",\"@graph\":[{\"@type\":\"Article\",\"@id\":\"https:\\\/\\\/solidaires-etudiant-e-s.org\\\/site\\\/2013\\\/11\\\/13\\\/victoire-de-la-mobilisation-en-guyane\\\/#article\",\"isPartOf\":{\"@id\":\"https:\\\/\\\/solidaires-etudiant-e-s.org\\\/site\\\/2013\\\/11\\\/13\\\/victoire-de-la-mobilisation-en-guyane\\\/\"},\"author\":{\"name\":\"Solidaires \u00e9tudiant-e-s\",\"@id\":\"https:\\\/\\\/solidaires-etudiant-e-s.org\\\/site\\\/#\\\/schema\\\/person\\\/0efb3e0ff4e2f12b5a5abcd4352aa86c\"},\"headline\":\"Victoire de la mobilisation en Guyane !\",\"datePublished\":\"2013-11-13T10:17:38+00:00\",\"mainEntityOfPage\":{\"@id\":\"https:\\\/\\\/solidaires-etudiant-e-s.org\\\/site\\\/2013\\\/11\\\/13\\\/victoire-de-la-mobilisation-en-guyane\\\/\"},\"wordCount\":260,\"commentCount\":0,\"publisher\":{\"@id\":\"https:\\\/\\\/solidaires-etudiant-e-s.org\\\/site\\\/#organization\"},\"image\":{\"@id\":\"https:\\\/\\\/solidaires-etudiant-e-s.org\\\/site\\\/2013\\\/11\\\/13\\\/victoire-de-la-mobilisation-en-guyane\\\/#primaryimage\"},\"thumbnailUrl\":\"https:\\\/\\\/solidaires-etudiant-e-s.org\\\/site\\\/wp-content\\\/uploads\\\/2014\\\/02\\\/vlcsnap-2013-10-13-12h02m20s93.png\",\"keywords\":[\"esr\"],\"articleSection\":[\"ENSEIGNEMENT SUPERIEUR\",\"INTERNATIONAL\"],\"inLanguage\":\"fr-FR\",\"potentialAction\":[{\"@type\":\"CommentAction\",\"name\":\"Comment\",\"target\":[\"https:\\\/\\\/solidaires-etudiant-e-s.org\\\/site\\\/2013\\\/11\\\/13\\\/victoire-de-la-mobilisation-en-guyane\\\/#respond\"]}]},{\"@type\":\"WebPage\",\"@id\":\"https:\\\/\\\/solidaires-etudiant-e-s.org\\\/site\\\/2013\\\/11\\\/13\\\/victoire-de-la-mobilisation-en-guyane\\\/\",\"url\":\"https:\\\/\\\/solidaires-etudiant-e-s.org\\\/site\\\/2013\\\/11\\\/13\\\/victoire-de-la-mobilisation-en-guyane\\\/\",\"name\":\"Victoire de la mobilisation en Guyane ! - Solidaires \u00e9tudiant-e-s\",\"isPartOf\":{\"@id\":\"https:\\\/\\\/solidaires-etudiant-e-s.org\\\/site\\\/#website\"},\"primaryImageOfPage\":{\"@id\":\"https:\\\/\\\/solidaires-etudiant-e-s.org\\\/site\\\/2013\\\/11\\\/13\\\/victoire-de-la-mobilisation-en-guyane\\\/#primaryimage\"},\"image\":{\"@id\":\"https:\\\/\\\/solidaires-etudiant-e-s.org\\\/site\\\/2013\\\/11\\\/13\\\/victoire-de-la-mobilisation-en-guyane\\\/#primaryimage\"},\"thumbnailUrl\":\"https:\\\/\\\/solidaires-etudiant-e-s.org\\\/site\\\/wp-content\\\/uploads\\\/2014\\\/02\\\/vlcsnap-2013-10-13-12h02m20s93.png\",\"datePublished\":\"2013-11-13T10:17:38+00:00\",\"breadcrumb\":{\"@id\":\"https:\\\/\\\/solidaires-etudiant-e-s.org\\\/site\\\/2013\\\/11\\\/13\\\/victoire-de-la-mobilisation-en-guyane\\\/#breadcrumb\"},\"inLanguage\":\"fr-FR\",\"potentialAction\":[{\"@type\":\"ReadAction\",\"target\":[\"https:\\\/\\\/solidaires-etudiant-e-s.org\\\/site\\\/2013\\\/11\\\/13\\\/victoire-de-la-mobilisation-en-guyane\\\/\"]}]},{\"@type\":\"ImageObject\",\"inLanguage\":\"fr-FR\",\"@id\":\"https:\\\/\\\/solidaires-etudiant-e-s.org\\\/site\\\/2013\\\/11\\\/13\\\/victoire-de-la-mobilisation-en-guyane\\\/#primaryimage\",\"url\":\"https:\\\/\\\/solidaires-etudiant-e-s.org\\\/site\\\/wp-content\\\/uploads\\\/2014\\\/02\\\/vlcsnap-2013-10-13-12h02m20s93.png\",\"contentUrl\":\"https:\\\/\\\/solidaires-etudiant-e-s.org\\\/site\\\/wp-content\\\/uploads\\\/2014\\\/02\\\/vlcsnap-2013-10-13-12h02m20s93.png\",\"width\":521,\"height\":293},{\"@type\":\"BreadcrumbList\",\"@id\":\"https:\\\/\\\/solidaires-etudiant-e-s.org\\\/site\\\/2013\\\/11\\\/13\\\/victoire-de-la-mobilisation-en-guyane\\\/#breadcrumb\",\"itemListElement\":[{\"@type\":\"ListItem\",\"position\":1,\"name\":\"Accueil\",\"item\":\"https:\\\/\\\/solidaires-etudiant-e-s.org\\\/site\\\/\"},{\"@type\":\"ListItem\",\"position\":2,\"name\":\"Victoire de la mobilisation en Guyane !\"}]},{\"@type\":\"WebSite\",\"@id\":\"https:\\\/\\\/solidaires-etudiant-e-s.org\\\/site\\\/#website\",\"url\":\"https:\\\/\\\/solidaires-etudiant-e-s.org\\\/site\\\/\",\"name\":\"Solidaires \u00e9tudiant-e-s\",\"description\":\"Syndicats pour un enseignement sup\u00e9rieur gratuit, ouvert, et \u00e9mancipateur !\",\"publisher\":{\"@id\":\"https:\\\/\\\/solidaires-etudiant-e-s.org\\\/site\\\/#organization\"},\"potentialAction\":[{\"@type\":\"SearchAction\",\"target\":{\"@type\":\"EntryPoint\",\"urlTemplate\":\"https:\\\/\\\/solidaires-etudiant-e-s.org\\\/site\\\/?s={search_term_string}\"},\"query-input\":{\"@type\":\"PropertyValueSpecification\",\"valueRequired\":true,\"valueName\":\"search_term_string\"}}],\"inLanguage\":\"fr-FR\"},{\"@type\":\"Organization\",\"@id\":\"https:\\\/\\\/solidaires-etudiant-e-s.org\\\/site\\\/#organization\",\"name\":\"Solidaires \u00e9tudiant-e-s\",\"url\":\"https:\\\/\\\/solidaires-etudiant-e-s.org\\\/site\\\/\",\"logo\":{\"@type\":\"ImageObject\",\"inLanguage\":\"fr-FR\",\"@id\":\"https:\\\/\\\/solidaires-etudiant-e-s.org\\\/site\\\/#\\\/schema\\\/logo\\\/image\\\/\",\"url\":\"https:\\\/\\\/solidaires-etudiant-e-s.org\\\/site\\\/wp-content\\\/uploads\\\/2025\\\/12\\\/13-1.png\",\"contentUrl\":\"https:\\\/\\\/solidaires-etudiant-e-s.org\\\/site\\\/wp-content\\\/uploads\\\/2025\\\/12\\\/13-1.png\",\"width\":1181,\"height\":827,\"caption\":\"Solidaires \u00e9tudiant-e-s\"},\"image\":{\"@id\":\"https:\\\/\\\/solidaires-etudiant-e-s.org\\\/site\\\/#\\\/schema\\\/logo\\\/image\\\/\"},\"sameAs\":[\"https:\\\/\\\/www.facebook.com\\\/solidairesetudiantes\",\"https:\\\/\\\/x.com\\\/SolidairesEtu\",\"https:\\\/\\\/www.instagram.com\\\/solidairesetu\\\/\",\"https:\\\/\\\/bsky.app\\\/profile\\\/solidaires-etudiant-e-s.org\",\"https:\\\/\\\/mastodon.social\\\/@solidairesetu\",\"https:\\\/\\\/www.youtube.com\\\/channel\\\/UC_iZN9gmVAAnXbBM7wAWOag\"]},{\"@type\":\"Person\",\"@id\":\"https:\\\/\\\/solidaires-etudiant-e-s.org\\\/site\\\/#\\\/schema\\\/person\\\/0efb3e0ff4e2f12b5a5abcd4352aa86c\",\"name\":\"Solidaires \u00e9tudiant-e-s\",\"image\":{\"@type\":\"ImageObject\",\"inLanguage\":\"fr-FR\",\"@id\":\"https:\\\/\\\/solidaires-etudiant-e-s.org\\\/site\\\/wp-content\\\/uploads\\\/2020\\\/01\\\/logo-SESL-rond-512-96x96.png\",\"url\":\"https:\\\/\\\/solidaires-etudiant-e-s.org\\\/site\\\/wp-content\\\/uploads\\\/2020\\\/01\\\/logo-SESL-rond-512-96x96.png\",\"contentUrl\":\"https:\\\/\\\/solidaires-etudiant-e-s.org\\\/site\\\/wp-content\\\/uploads\\\/2020\\\/01\\\/logo-SESL-rond-512-96x96.png\",\"caption\":\"Solidaires \u00e9tudiant-e-s\"},\"sameAs\":[\"https:\\\/\\\/solidaires-etudiant.org\\\/site\",\"https:\\\/\\\/www.facebook.com\\\/solidairesetudiantes\",\"https:\\\/\\\/www.instagram.com\\\/solidairesetu\",\"https:\\\/\\\/x.com\\\/SolidairesEtu\",\"https:\\\/\\\/fr.wikipedia.org\\\/wiki\\\/Solidaires_tudiant-e-s\"]}]}<\/script>\n<!-- \/ Yoast SEO plugin. -->","yoast_head_json":{"title":"Victoire de la mobilisation en Guyane ! - Solidaires \u00e9tudiant-e-s","robots":{"index":"index","follow":"follow","max-snippet":"max-snippet:-1","max-image-preview":"max-image-preview:large","max-video-preview":"max-video-preview:-1"},"canonical":"https:\/\/solidaires-etudiant-e-s.org\/site\/2013\/11\/13\/victoire-de-la-mobilisation-en-guyane\/","og_locale":"fr_FR","og_type":"article","og_title":"Victoire de la mobilisation en Guyane ! - Solidaires \u00e9tudiant-e-s","og_description":"Apr\u00e8s cinq semaines de lutte mobilisant \u00e9tudiant-e-s, personnel-le-s et enseignant-e-s, le mouvement [&hellip;]","og_url":"https:\/\/solidaires-etudiant-e-s.org\/site\/2013\/11\/13\/victoire-de-la-mobilisation-en-guyane\/","og_site_name":"Solidaires \u00e9tudiant-e-s","article_publisher":"https:\/\/www.facebook.com\/solidairesetudiantes","article_author":"https:\/\/www.facebook.com\/solidairesetudiantes","article_published_time":"2013-11-13T10:17:38+00:00","og_image":[{"width":521,"height":293,"url":"https:\/\/solidaires-etudiant-e-s.org\/site\/wp-content\/uploads\/2014\/02\/vlcsnap-2013-10-13-12h02m20s93.png","type":"image\/png"}],"author":"Solidaires \u00e9tudiant-e-s","twitter_card":"summary_large_image","twitter_creator":"@SolidairesEtu","twitter_site":"@SolidairesEtu","twitter_misc":{"\u00c9crit par":"Solidaires \u00e9tudiant-e-s","Dur\u00e9e de lecture estim\u00e9e":"1 minute"},"schema":{"@context":"https:\/\/schema.org","@graph":[{"@type":"Article","@id":"https:\/\/solidaires-etudiant-e-s.org\/site\/2013\/11\/13\/victoire-de-la-mobilisation-en-guyane\/#article","isPartOf":{"@id":"https:\/\/solidaires-etudiant-e-s.org\/site\/2013\/11\/13\/victoire-de-la-mobilisation-en-guyane\/"},"author":{"name":"Solidaires \u00e9tudiant-e-s","@id":"https:\/\/solidaires-etudiant-e-s.org\/site\/#\/schema\/person\/0efb3e0ff4e2f12b5a5abcd4352aa86c"},"headline":"Victoire de la mobilisation en Guyane !","datePublished":"2013-11-13T10:17:38+00:00","mainEntityOfPage":{"@id":"https:\/\/solidaires-etudiant-e-s.org\/site\/2013\/11\/13\/victoire-de-la-mobilisation-en-guyane\/"},"wordCount":260,"commentCount":0,"publisher":{"@id":"https:\/\/solidaires-etudiant-e-s.org\/site\/#organization"},"image":{"@id":"https:\/\/solidaires-etudiant-e-s.org\/site\/2013\/11\/13\/victoire-de-la-mobilisation-en-guyane\/#primaryimage"},"thumbnailUrl":"https:\/\/solidaires-etudiant-e-s.org\/site\/wp-content\/uploads\/2014\/02\/vlcsnap-2013-10-13-12h02m20s93.png","keywords":["esr"],"articleSection":["ENSEIGNEMENT SUPERIEUR","INTERNATIONAL"],"inLanguage":"fr-FR","potentialAction":[{"@type":"CommentAction","name":"Comment","target":["https:\/\/solidaires-etudiant-e-s.org\/site\/2013\/11\/13\/victoire-de-la-mobilisation-en-guyane\/#respond"]}]},{"@type":"WebPage","@id":"https:\/\/solidaires-etudiant-e-s.org\/site\/2013\/11\/13\/victoire-de-la-mobilisation-en-guyane\/","url":"https:\/\/solidaires-etudiant-e-s.org\/site\/2013\/11\/13\/victoire-de-la-mobilisation-en-guyane\/","name":"Victoire de la mobilisation en Guyane ! - Solidaires \u00e9tudiant-e-s","isPartOf":{"@id":"https:\/\/solidaires-etudiant-e-s.org\/site\/#website"},"primaryImageOfPage":{"@id":"https:\/\/solidaires-etudiant-e-s.org\/site\/2013\/11\/13\/victoire-de-la-mobilisation-en-guyane\/#primaryimage"},"image":{"@id":"https:\/\/solidaires-etudiant-e-s.org\/site\/2013\/11\/13\/victoire-de-la-mobilisation-en-guyane\/#primaryimage"},"thumbnailUrl":"https:\/\/solidaires-etudiant-e-s.org\/site\/wp-content\/uploads\/2014\/02\/vlcsnap-2013-10-13-12h02m20s93.png","datePublished":"2013-11-13T10:17:38+00:00","breadcrumb":{"@id":"https:\/\/solidaires-etudiant-e-s.org\/site\/2013\/11\/13\/victoire-de-la-mobilisation-en-guyane\/#breadcrumb"},"inLanguage":"fr-FR","potentialAction":[{"@type":"ReadAction","target":["https:\/\/solidaires-etudiant-e-s.org\/site\/2013\/11\/13\/victoire-de-la-mobilisation-en-guyane\/"]}]},{"@type":"ImageObject","inLanguage":"fr-FR","@id":"https:\/\/solidaires-etudiant-e-s.org\/site\/2013\/11\/13\/victoire-de-la-mobilisation-en-guyane\/#primaryimage","url":"https:\/\/solidaires-etudiant-e-s.org\/site\/wp-content\/uploads\/2014\/02\/vlcsnap-2013-10-13-12h02m20s93.png","contentUrl":"https:\/\/solidaires-etudiant-e-s.org\/site\/wp-content\/uploads\/2014\/02\/vlcsnap-2013-10-13-12h02m20s93.png","width":521,"height":293},{"@type":"BreadcrumbList","@id":"https:\/\/solidaires-etudiant-e-s.org\/site\/2013\/11\/13\/victoire-de-la-mobilisation-en-guyane\/#breadcrumb","itemListElement":[{"@type":"ListItem","position":1,"name":"Accueil","item":"https:\/\/solidaires-etudiant-e-s.org\/site\/"},{"@type":"ListItem","position":2,"name":"Victoire de la mobilisation en Guyane !"}]},{"@type":"WebSite","@id":"https:\/\/solidaires-etudiant-e-s.org\/site\/#website","url":"https:\/\/solidaires-etudiant-e-s.org\/site\/","name":"Solidaires \u00e9tudiant-e-s","description":"Syndicats pour un enseignement sup\u00e9rieur gratuit, ouvert, et \u00e9mancipateur !","publisher":{"@id":"https:\/\/solidaires-etudiant-e-s.org\/site\/#organization"},"potentialAction":[{"@type":"SearchAction","target":{"@type":"EntryPoint","urlTemplate":"https:\/\/solidaires-etudiant-e-s.org\/site\/?s={search_term_string}"},"query-input":{"@type":"PropertyValueSpecification","valueRequired":true,"valueName":"search_term_string"}}],"inLanguage":"fr-FR"},{"@type":"Organization","@id":"https:\/\/solidaires-etudiant-e-s.org\/site\/#organization","name":"Solidaires \u00e9tudiant-e-s","url":"https:\/\/solidaires-etudiant-e-s.org\/site\/","logo":{"@type":"ImageObject","inLanguage":"fr-FR","@id":"https:\/\/solidaires-etudiant-e-s.org\/site\/#\/schema\/logo\/image\/","url":"https:\/\/solidaires-etudiant-e-s.org\/site\/wp-content\/uploads\/2025\/12\/13-1.png","contentUrl":"https:\/\/solidaires-etudiant-e-s.org\/site\/wp-content\/uploads\/2025\/12\/13-1.png","width":1181,"height":827,"caption":"Solidaires \u00e9tudiant-e-s"},"image":{"@id":"https:\/\/solidaires-etudiant-e-s.org\/site\/#\/schema\/logo\/image\/"},"sameAs":["https:\/\/www.facebook.com\/solidairesetudiantes","https:\/\/x.com\/SolidairesEtu","https:\/\/www.instagram.com\/solidairesetu\/","https:\/\/bsky.app\/profile\/solidaires-etudiant-e-s.org","https:\/\/mastodon.social\/@solidairesetu","https:\/\/www.youtube.com\/channel\/UC_iZN9gmVAAnXbBM7wAWOag"]},{"@type":"Person","@id":"https:\/\/solidaires-etudiant-e-s.org\/site\/#\/schema\/person\/0efb3e0ff4e2f12b5a5abcd4352aa86c","name":"Solidaires \u00e9tudiant-e-s","image":{"@type":"ImageObject","inLanguage":"fr-FR","@id":"https:\/\/solidaires-etudiant-e-s.org\/site\/wp-content\/uploads\/2020\/01\/logo-SESL-rond-512-96x96.png","url":"https:\/\/solidaires-etudiant-e-s.org\/site\/wp-content\/uploads\/2020\/01\/logo-SESL-rond-512-96x96.png","contentUrl":"https:\/\/solidaires-etudiant-e-s.org\/site\/wp-content\/uploads\/2020\/01\/logo-SESL-rond-512-96x96.png","caption":"Solidaires \u00e9tudiant-e-s"},"sameAs":["https:\/\/solidaires-etudiant.org\/site","https:\/\/www.facebook.com\/solidairesetudiantes","https:\/\/www.instagram.com\/solidairesetu","https:\/\/x.com\/SolidairesEtu","https:\/\/fr.wikipedia.org\/wiki\/Solidaires_tudiant-e-s"]}]}},"_links":{"self":[{"href":"https:\/\/solidaires-etudiant-e-s.org\/site\/wp-json\/wp\/v2\/posts\/225","targetHints":{"allow":["GET"]}}],"collection":[{"href":"https:\/\/solidaires-etudiant-e-s.org\/site\/wp-json\/wp\/v2\/posts"}],"about":[{"href":"https:\/\/solidaires-etudiant-e-s.org\/site\/wp-json\/wp\/v2\/types\/post"}],"author":[{"embeddable":true,"href":"https:\/\/solidaires-etudiant-e-s.org\/site\/wp-json\/wp\/v2\/users\/1"}],"replies":[{"embeddable":true,"href":"https:\/\/solidaires-etudiant-e-s.org\/site\/wp-json\/wp\/v2\/comments?post=225"}],"version-history":[{"count":0,"href":"https:\/\/solidaires-etudiant-e-s.org\/site\/wp-json\/wp\/v2\/posts\/225\/revisions"}],"wp:featuredmedia":[{"embeddable":true,"href":"https:\/\/solidaires-etudiant-e-s.org\/site\/wp-json\/wp\/v2\/media\/226"}],"wp:attachment":[{"href":"https:\/\/solidaires-etudiant-e-s.org\/site\/wp-json\/wp\/v2\/media?parent=225"}],"wp:term":[{"taxonomy":"category","embeddable":true,"href":"https:\/\/solidaires-etudiant-e-s.org\/site\/wp-json\/wp\/v2\/categories?post=225"},{"taxonomy":"post_tag","embeddable":true,"href":"https:\/\/solidaires-etudiant-e-s.org\/site\/wp-json\/wp\/v2\/tags?post=225"}],"curies":[{"name":"wp","href":"https:\/\/api.w.org\/{rel}","templated":true}]}}