{"id":2141,"date":"2015-02-25T16:09:26","date_gmt":"2015-02-25T15:09:26","guid":{"rendered":"http:\/\/www.solidaires-etudiant.org\/?p=2141"},"modified":"2015-02-25T16:09:26","modified_gmt":"2015-02-25T15:09:26","slug":"solidaires-etudiant-e-s-en-campagne-contre-le-salariat-etudiant","status":"publish","type":"post","link":"https:\/\/solidaires-etudiant-e-s.org\/site\/2015\/02\/25\/solidaires-etudiant-e-s-en-campagne-contre-le-salariat-etudiant\/","title":{"rendered":"Solidaires \u00e9tudiant-e-s en campagne contre le salariat \u00e9tudiant"},"content":{"rendered":"<p><a href=\"http:\/\/www.solidaires-etudiant.org\/wp-content\/uploads\/2015\/01\/temoignage-d\u00e9tudiantes.png\"><img loading=\"lazy\" decoding=\"async\" class=\"  aligncenter wp-image-1911\" src=\"http:\/\/www.solidaires-etudiant.org\/wp-content\/uploads\/2015\/01\/temoignage-d\u00e9tudiantes.png\" alt=\"temoignage d'\u00e9tudiantes\" width=\"910\" height=\"228\" \/><\/a><\/p>\n<div style=\"width: 30%; float: left;\">\n[youtube id=\u00a0\u00bbEnter video ID (eg. Wq4Y7ztznKc)\u00a0\u00bb width=\u00a0\u00bb260&Prime; height=\u00a0\u00bb180&Prime;] <em>T\u00e9moignage de Claire<\/em>\n<\/div>\n<div style=\"width: 30%; margin-left: 5%; float: left;\">\n[youtube id=\u00a0\u00bbEnter video ID (eg. Wq4Y7ztznKc)\u00a0\u00bb width=\u00a0\u00bb260&Prime; height=\u00a0\u00bb180&Prime;] <em>T\u00e9moignage de Ga\u00ebtan<\/em>\n<\/div>\n<div style=\"width: 30%; margin-left: 5%; float: left;\">\n[youtube id=\u00a0\u00bbEnter video ID (eg. Wq4Y7ztznKc)\u00a0\u00bb width=\u00a0\u00bb260&Prime; height=\u00a0\u00bb180&Prime;] <em>T\u00e9moignage de Laora<\/em>\n<\/div>\n<div style=\"clear: both;\">\n<a href=\"http:\/\/www.solidaires-etudiant.org\/wp-content\/uploads\/2015\/01\/Bricabracetudessalariat.jpg\"><img loading=\"lazy\" decoding=\"async\" class=\" wp-image-1920  alignleft\" src=\"http:\/\/www.solidaires-etudiant.org\/wp-content\/uploads\/2015\/01\/Bricabracetudessalariat.jpg\" alt=\"Bricabracetudessalariat\" width=\"903\" height=\"285\" srcset=\"https:\/\/solidaires-etudiant-e-s.org\/site\/wp-content\/uploads\/2015\/01\/Bricabracetudessalariat.jpg 1131w, https:\/\/solidaires-etudiant-e-s.org\/site\/wp-content\/uploads\/2015\/01\/Bricabracetudessalariat-300x95.jpg 300w, https:\/\/solidaires-etudiant-e-s.org\/site\/wp-content\/uploads\/2015\/01\/Bricabracetudessalariat-1024x323.jpg 1024w, https:\/\/solidaires-etudiant-e-s.org\/site\/wp-content\/uploads\/2015\/01\/Bricabracetudessalariat-768x242.jpg 768w\" sizes=\"auto, (max-width: 903px) 100vw, 903px\" \/><\/a>\n<\/div>\n<p>&nbsp;<\/p>\n<p class=\"western\" style=\"text-align: left;\" align=\"justify\"><span style=\"font-family: Calibri,sans-serif; color: #ffffff;\">revendiquons :<\/span><\/p>\n<p><span style=\"color: #ffffff;\">&#8211;<\/span><br \/>\n<a href=\"http:\/\/www.solidaires-etudiant.org\/wp-content\/uploads\/2015\/01\/loifacssalariat2.png\"><img loading=\"lazy\" decoding=\"async\" class=\"alignleft wp-image-1968\" src=\"http:\/\/www.solidaires-etudiant.org\/wp-content\/uploads\/2015\/01\/loifacssalariat2.png\" alt=\"loifacssalariat\" width=\"900\" height=\"257\" srcset=\"https:\/\/solidaires-etudiant-e-s.org\/site\/wp-content\/uploads\/2015\/01\/loifacssalariat2.png 1188w, https:\/\/solidaires-etudiant-e-s.org\/site\/wp-content\/uploads\/2015\/01\/loifacssalariat2-300x86.png 300w, https:\/\/solidaires-etudiant-e-s.org\/site\/wp-content\/uploads\/2015\/01\/loifacssalariat2-1024x292.png 1024w, https:\/\/solidaires-etudiant-e-s.org\/site\/wp-content\/uploads\/2015\/01\/loifacssalariat2-768x219.png 768w\" sizes=\"auto, (max-width: 900px) 100vw, 900px\" \/><\/a><br \/>\n<span style=\"color: #ffffff;\"> &#8211;<\/span><\/p>\n<p class=\"western\" style=\"text-align: left;\" align=\"justify\"><span style=\"font-family: Calibri,sans-serif; color: #ffffff;\">Partant de ce constat, nous devons r\u00e9agir. C&rsquo;est pour cela que nous<br \/>\n<\/span><\/p>\n<p><span style=\"color: #ffffff;\">&#8211;<\/span><br \/>\n<a href=\"http:\/\/www.solidaires-etudiant.org\/wp-content\/uploads\/2015\/01\/campagnesalariat.png\"><img loading=\"lazy\" decoding=\"async\" class=\"alignleft wp-image-1970\" src=\"http:\/\/www.solidaires-etudiant.org\/wp-content\/uploads\/2015\/01\/campagnesalariat.png\" alt=\"campagnesalariat\" width=\"900\" height=\"288\" srcset=\"https:\/\/solidaires-etudiant-e-s.org\/site\/wp-content\/uploads\/2015\/01\/campagnesalariat.png 1188w, https:\/\/solidaires-etudiant-e-s.org\/site\/wp-content\/uploads\/2015\/01\/campagnesalariat-300x96.png 300w, https:\/\/solidaires-etudiant-e-s.org\/site\/wp-content\/uploads\/2015\/01\/campagnesalariat-1024x328.png 1024w, https:\/\/solidaires-etudiant-e-s.org\/site\/wp-content\/uploads\/2015\/01\/campagnesalariat-768x246.png 768w\" sizes=\"auto, (max-width: 900px) 100vw, 900px\" \/><\/a><br \/>\n&nbsp;<\/p>\n<p class=\"western\" style=\"text-align: left;\" align=\"justify\"><span style=\"color: #ffffff;\"><span style=\"font-family: Calibri,sans-serif;\"><span style=\"font-size: medium;\">Ces revendications concr\u00e8tes s&rsquo;accompagnent d&rsquo;une revendication g\u00e9n\u00e9rale : Une universit\u00e9 ouverte \u00e0 toutes et tous !<\/span><\/span><\/span><\/p>\n<p class=\"western\" style=\"text-align: left;\" align=\"justify\"><span style=\"color: #ffffff;\"><span style=\"font-family: Calibri,sans-serif;\"><span style=\"font-size: medium;\">s \u00e9t\u00e9 tranch\u00e9, et qu&rsquo;il doit se poursuivre au prochain Congr\u00e8s en Juin. D\u2019autre part, parce que cela ne nous semble pas fondamental : \u00e0 l\u2019heure actuelle, consid\u00e9rant l&rsquo;\u00e9tat de nos forces et du mouvement social, nous sommes incapables de porter cette revendication &#8211; laquelle demeure floue pour beaucoup d\u2019\u00e9tudiant-e-s.<\/span><\/span><\/span><\/p>\n<p>&nbsp;<br \/>\n&nbsp;<br \/>\n<a href=\"http:\/\/www.solidaires-etudiant.org\/wp-content\/uploads\/2015\/01\/nosdroitssalariat.png\"><img loading=\"lazy\" decoding=\"async\" class=\"aligncenter  wp-image-1962\" src=\"http:\/\/www.solidaires-etudiant.org\/wp-content\/uploads\/2015\/01\/nosdroitssalariat.png\" alt=\"nosdroitssalariat\" width=\"900\" height=\"300\" srcset=\"https:\/\/solidaires-etudiant-e-s.org\/site\/wp-content\/uploads\/2015\/01\/nosdroitssalariat.png 1188w, https:\/\/solidaires-etudiant-e-s.org\/site\/wp-content\/uploads\/2015\/01\/nosdroitssalariat-300x100.png 300w, https:\/\/solidaires-etudiant-e-s.org\/site\/wp-content\/uploads\/2015\/01\/nosdroitssalariat-1024x341.png 1024w, https:\/\/solidaires-etudiant-e-s.org\/site\/wp-content\/uploads\/2015\/01\/nosdroitssalariat-768x256.png 768w\" sizes=\"auto, (max-width: 900px) 100vw, 900px\" \/><\/a><br \/>\n&nbsp;<\/p>\n","protected":false},"excerpt":{"rendered":"<p>[youtube id=\u00a0\u00bbEnter video ID (eg. Wq4Y7ztznKc)\u00a0\u00bb width=\u00a0\u00bb260&Prime; height=\u00a0\u00bb180&Prime;] T\u00e9moignage de Claire [youtube [&hellip;]<\/p>\n","protected":false},"author":1,"featured_media":1298,"comment_status":"closed","ping_status":"closed","sticky":false,"template":"","format":"standard","meta":{"cybocfi_hide_featured_image":"","footnotes":""},"categories":[1],"tags":[],"class_list":["post-2141","post","type-post","status-publish","format-standard","has-post-thumbnail","hentry","category-uncategorized","col-md-4 col-sm-4"],"featured_image_src":"https:\/\/solidaires-etudiant-e-s.org\/site\/wp-content\/uploads\/2014\/09\/Affiche-e\u0301tudiants-salarie\u0301s-SE-9-scaled-1.jpg","author_info":{"display_name":"Solidaires \u00e9tudiant-e-s","author_link":false},"yoast_head":"<!-- This site is optimized with the Yoast SEO plugin v27.5 - https:\/\/yoast.com\/product\/yoast-seo-wordpress\/ -->\n<title>Solidaires \u00e9tudiant-e-s en campagne contre le salariat \u00e9tudiant - Solidaires \u00e9tudiant-e-s<\/title>\n<meta name=\"robots\" content=\"index, follow, max-snippet:-1, max-image-preview:large, max-video-preview:-1\" \/>\n<link rel=\"canonical\" href=\"https:\/\/solidaires-etudiant-e-s.org\/site\/2015\/02\/25\/solidaires-etudiant-e-s-en-campagne-contre-le-salariat-etudiant\/\" \/>\n<meta property=\"og:locale\" content=\"fr_FR\" \/>\n<meta property=\"og:type\" content=\"article\" \/>\n<meta property=\"og:title\" content=\"Solidaires \u00e9tudiant-e-s en campagne contre le salariat \u00e9tudiant - Solidaires \u00e9tudiant-e-s\" \/>\n<meta property=\"og:description\" content=\"[youtube id=\u00a0\u00bbEnter video ID (eg. Wq4Y7ztznKc)\u00a0\u00bb width=\u00a0\u00bb260&Prime; height=\u00a0\u00bb180&Prime;] T\u00e9moignage de Claire [youtube [&hellip;]\" \/>\n<meta property=\"og:url\" content=\"https:\/\/solidaires-etudiant-e-s.org\/site\/2015\/02\/25\/solidaires-etudiant-e-s-en-campagne-contre-le-salariat-etudiant\/\" \/>\n<meta property=\"og:site_name\" content=\"Solidaires \u00e9tudiant-e-s\" \/>\n<meta property=\"article:publisher\" content=\"https:\/\/www.facebook.com\/solidairesetudiantes\" \/>\n<meta property=\"article:author\" content=\"https:\/\/www.facebook.com\/solidairesetudiantes\" \/>\n<meta property=\"article:published_time\" content=\"2015-02-25T15:09:26+00:00\" \/>\n<meta property=\"og:image\" content=\"https:\/\/solidaires-etudiant-e-s.org\/site\/wp-content\/uploads\/2014\/09\/Affiche-e\u0301tudiants-salarie\u0301s-SE-9-scaled-1.jpg\" \/>\n\t<meta property=\"og:image:width\" content=\"1810\" \/>\n\t<meta property=\"og:image:height\" content=\"2560\" \/>\n\t<meta property=\"og:image:type\" content=\"image\/jpeg\" \/>\n<meta name=\"author\" content=\"Solidaires \u00e9tudiant-e-s\" \/>\n<meta name=\"twitter:card\" content=\"summary_large_image\" \/>\n<meta name=\"twitter:creator\" content=\"@SolidairesEtu\" \/>\n<meta name=\"twitter:site\" content=\"@SolidairesEtu\" \/>\n<meta name=\"twitter:label1\" content=\"\u00c9crit par\" \/>\n\t<meta name=\"twitter:data1\" content=\"Solidaires \u00e9tudiant-e-s\" \/>\n\t<meta name=\"twitter:label2\" content=\"Dur\u00e9e de lecture estim\u00e9e\" \/>\n\t<meta name=\"twitter:data2\" content=\"1 minute\" \/>\n<script type=\"application\/ld+json\" class=\"yoast-schema-graph\">{\"@context\":\"https:\\\/\\\/schema.org\",\"@graph\":[{\"@type\":\"Article\",\"@id\":\"https:\\\/\\\/solidaires-etudiant-e-s.org\\\/site\\\/2015\\\/02\\\/25\\\/solidaires-etudiant-e-s-en-campagne-contre-le-salariat-etudiant\\\/#article\",\"isPartOf\":{\"@id\":\"https:\\\/\\\/solidaires-etudiant-e-s.org\\\/site\\\/2015\\\/02\\\/25\\\/solidaires-etudiant-e-s-en-campagne-contre-le-salariat-etudiant\\\/\"},\"author\":{\"name\":\"Solidaires \u00e9tudiant-e-s\",\"@id\":\"https:\\\/\\\/solidaires-etudiant-e-s.org\\\/site\\\/#\\\/schema\\\/person\\\/0efb3e0ff4e2f12b5a5abcd4352aa86c\"},\"headline\":\"Solidaires \u00e9tudiant-e-s en campagne contre le salariat \u00e9tudiant\",\"datePublished\":\"2015-02-25T15:09:26+00:00\",\"mainEntityOfPage\":{\"@id\":\"https:\\\/\\\/solidaires-etudiant-e-s.org\\\/site\\\/2015\\\/02\\\/25\\\/solidaires-etudiant-e-s-en-campagne-contre-le-salariat-etudiant\\\/\"},\"wordCount\":150,\"publisher\":{\"@id\":\"https:\\\/\\\/solidaires-etudiant-e-s.org\\\/site\\\/#organization\"},\"image\":{\"@id\":\"https:\\\/\\\/solidaires-etudiant-e-s.org\\\/site\\\/2015\\\/02\\\/25\\\/solidaires-etudiant-e-s-en-campagne-contre-le-salariat-etudiant\\\/#primaryimage\"},\"thumbnailUrl\":\"https:\\\/\\\/solidaires-etudiant-e-s.org\\\/site\\\/wp-content\\\/uploads\\\/2014\\\/09\\\/Affiche-e\u0301tudiants-salarie\u0301s-SE-9-scaled-1.jpg\",\"articleSection\":[\"Uncategorized\"],\"inLanguage\":\"fr-FR\"},{\"@type\":\"WebPage\",\"@id\":\"https:\\\/\\\/solidaires-etudiant-e-s.org\\\/site\\\/2015\\\/02\\\/25\\\/solidaires-etudiant-e-s-en-campagne-contre-le-salariat-etudiant\\\/\",\"url\":\"https:\\\/\\\/solidaires-etudiant-e-s.org\\\/site\\\/2015\\\/02\\\/25\\\/solidaires-etudiant-e-s-en-campagne-contre-le-salariat-etudiant\\\/\",\"name\":\"Solidaires \u00e9tudiant-e-s en campagne contre le salariat \u00e9tudiant - Solidaires \u00e9tudiant-e-s\",\"isPartOf\":{\"@id\":\"https:\\\/\\\/solidaires-etudiant-e-s.org\\\/site\\\/#website\"},\"primaryImageOfPage\":{\"@id\":\"https:\\\/\\\/solidaires-etudiant-e-s.org\\\/site\\\/2015\\\/02\\\/25\\\/solidaires-etudiant-e-s-en-campagne-contre-le-salariat-etudiant\\\/#primaryimage\"},\"image\":{\"@id\":\"https:\\\/\\\/solidaires-etudiant-e-s.org\\\/site\\\/2015\\\/02\\\/25\\\/solidaires-etudiant-e-s-en-campagne-contre-le-salariat-etudiant\\\/#primaryimage\"},\"thumbnailUrl\":\"https:\\\/\\\/solidaires-etudiant-e-s.org\\\/site\\\/wp-content\\\/uploads\\\/2014\\\/09\\\/Affiche-e\u0301tudiants-salarie\u0301s-SE-9-scaled-1.jpg\",\"datePublished\":\"2015-02-25T15:09:26+00:00\",\"breadcrumb\":{\"@id\":\"https:\\\/\\\/solidaires-etudiant-e-s.org\\\/site\\\/2015\\\/02\\\/25\\\/solidaires-etudiant-e-s-en-campagne-contre-le-salariat-etudiant\\\/#breadcrumb\"},\"inLanguage\":\"fr-FR\",\"potentialAction\":[{\"@type\":\"ReadAction\",\"target\":[\"https:\\\/\\\/solidaires-etudiant-e-s.org\\\/site\\\/2015\\\/02\\\/25\\\/solidaires-etudiant-e-s-en-campagne-contre-le-salariat-etudiant\\\/\"]}]},{\"@type\":\"ImageObject\",\"inLanguage\":\"fr-FR\",\"@id\":\"https:\\\/\\\/solidaires-etudiant-e-s.org\\\/site\\\/2015\\\/02\\\/25\\\/solidaires-etudiant-e-s-en-campagne-contre-le-salariat-etudiant\\\/#primaryimage\",\"url\":\"https:\\\/\\\/solidaires-etudiant-e-s.org\\\/site\\\/wp-content\\\/uploads\\\/2014\\\/09\\\/Affiche-e\u0301tudiants-salarie\u0301s-SE-9-scaled-1.jpg\",\"contentUrl\":\"https:\\\/\\\/solidaires-etudiant-e-s.org\\\/site\\\/wp-content\\\/uploads\\\/2014\\\/09\\\/Affiche-e\u0301tudiants-salarie\u0301s-SE-9-scaled-1.jpg\",\"width\":1810,\"height\":2560},{\"@type\":\"BreadcrumbList\",\"@id\":\"https:\\\/\\\/solidaires-etudiant-e-s.org\\\/site\\\/2015\\\/02\\\/25\\\/solidaires-etudiant-e-s-en-campagne-contre-le-salariat-etudiant\\\/#breadcrumb\",\"itemListElement\":[{\"@type\":\"ListItem\",\"position\":1,\"name\":\"Accueil\",\"item\":\"https:\\\/\\\/solidaires-etudiant-e-s.org\\\/site\\\/\"},{\"@type\":\"ListItem\",\"position\":2,\"name\":\"Solidaires \u00e9tudiant-e-s en campagne contre le salariat \u00e9tudiant\"}]},{\"@type\":\"WebSite\",\"@id\":\"https:\\\/\\\/solidaires-etudiant-e-s.org\\\/site\\\/#website\",\"url\":\"https:\\\/\\\/solidaires-etudiant-e-s.org\\\/site\\\/\",\"name\":\"Solidaires \u00e9tudiant-e-s\",\"description\":\"Syndicats pour un enseignement sup\u00e9rieur gratuit, ouvert, et \u00e9mancipateur !\",\"publisher\":{\"@id\":\"https:\\\/\\\/solidaires-etudiant-e-s.org\\\/site\\\/#organization\"},\"potentialAction\":[{\"@type\":\"SearchAction\",\"target\":{\"@type\":\"EntryPoint\",\"urlTemplate\":\"https:\\\/\\\/solidaires-etudiant-e-s.org\\\/site\\\/?s={search_term_string}\"},\"query-input\":{\"@type\":\"PropertyValueSpecification\",\"valueRequired\":true,\"valueName\":\"search_term_string\"}}],\"inLanguage\":\"fr-FR\"},{\"@type\":\"Organization\",\"@id\":\"https:\\\/\\\/solidaires-etudiant-e-s.org\\\/site\\\/#organization\",\"name\":\"Solidaires \u00e9tudiant-e-s\",\"url\":\"https:\\\/\\\/solidaires-etudiant-e-s.org\\\/site\\\/\",\"logo\":{\"@type\":\"ImageObject\",\"inLanguage\":\"fr-FR\",\"@id\":\"https:\\\/\\\/solidaires-etudiant-e-s.org\\\/site\\\/#\\\/schema\\\/logo\\\/image\\\/\",\"url\":\"https:\\\/\\\/solidaires-etudiant-e-s.org\\\/site\\\/wp-content\\\/uploads\\\/2025\\\/12\\\/13-1.png\",\"contentUrl\":\"https:\\\/\\\/solidaires-etudiant-e-s.org\\\/site\\\/wp-content\\\/uploads\\\/2025\\\/12\\\/13-1.png\",\"width\":1181,\"height\":827,\"caption\":\"Solidaires \u00e9tudiant-e-s\"},\"image\":{\"@id\":\"https:\\\/\\\/solidaires-etudiant-e-s.org\\\/site\\\/#\\\/schema\\\/logo\\\/image\\\/\"},\"sameAs\":[\"https:\\\/\\\/www.facebook.com\\\/solidairesetudiantes\",\"https:\\\/\\\/x.com\\\/SolidairesEtu\",\"https:\\\/\\\/www.instagram.com\\\/solidairesetu\\\/\",\"https:\\\/\\\/bsky.app\\\/profile\\\/solidaires-etudiant-e-s.org\",\"https:\\\/\\\/mastodon.social\\\/@solidairesetu\",\"https:\\\/\\\/www.youtube.com\\\/channel\\\/UC_iZN9gmVAAnXbBM7wAWOag\"]},{\"@type\":\"Person\",\"@id\":\"https:\\\/\\\/solidaires-etudiant-e-s.org\\\/site\\\/#\\\/schema\\\/person\\\/0efb3e0ff4e2f12b5a5abcd4352aa86c\",\"name\":\"Solidaires \u00e9tudiant-e-s\",\"image\":{\"@type\":\"ImageObject\",\"inLanguage\":\"fr-FR\",\"@id\":\"https:\\\/\\\/solidaires-etudiant-e-s.org\\\/site\\\/wp-content\\\/uploads\\\/2020\\\/01\\\/logo-SESL-rond-512-96x96.png\",\"url\":\"https:\\\/\\\/solidaires-etudiant-e-s.org\\\/site\\\/wp-content\\\/uploads\\\/2020\\\/01\\\/logo-SESL-rond-512-96x96.png\",\"contentUrl\":\"https:\\\/\\\/solidaires-etudiant-e-s.org\\\/site\\\/wp-content\\\/uploads\\\/2020\\\/01\\\/logo-SESL-rond-512-96x96.png\",\"caption\":\"Solidaires \u00e9tudiant-e-s\"},\"sameAs\":[\"https:\\\/\\\/solidaires-etudiant.org\\\/site\",\"https:\\\/\\\/www.facebook.com\\\/solidairesetudiantes\",\"https:\\\/\\\/www.instagram.com\\\/solidairesetu\",\"https:\\\/\\\/x.com\\\/SolidairesEtu\",\"https:\\\/\\\/fr.wikipedia.org\\\/wiki\\\/Solidaires_tudiant-e-s\"]}]}<\/script>\n<!-- \/ Yoast SEO plugin. -->","yoast_head_json":{"title":"Solidaires \u00e9tudiant-e-s en campagne contre le salariat \u00e9tudiant - Solidaires \u00e9tudiant-e-s","robots":{"index":"index","follow":"follow","max-snippet":"max-snippet:-1","max-image-preview":"max-image-preview:large","max-video-preview":"max-video-preview:-1"},"canonical":"https:\/\/solidaires-etudiant-e-s.org\/site\/2015\/02\/25\/solidaires-etudiant-e-s-en-campagne-contre-le-salariat-etudiant\/","og_locale":"fr_FR","og_type":"article","og_title":"Solidaires \u00e9tudiant-e-s en campagne contre le salariat \u00e9tudiant - Solidaires \u00e9tudiant-e-s","og_description":"[youtube id=\u00a0\u00bbEnter video ID (eg. Wq4Y7ztznKc)\u00a0\u00bb width=\u00a0\u00bb260&Prime; height=\u00a0\u00bb180&Prime;] T\u00e9moignage de Claire [youtube [&hellip;]","og_url":"https:\/\/solidaires-etudiant-e-s.org\/site\/2015\/02\/25\/solidaires-etudiant-e-s-en-campagne-contre-le-salariat-etudiant\/","og_site_name":"Solidaires \u00e9tudiant-e-s","article_publisher":"https:\/\/www.facebook.com\/solidairesetudiantes","article_author":"https:\/\/www.facebook.com\/solidairesetudiantes","article_published_time":"2015-02-25T15:09:26+00:00","og_image":[{"width":1810,"height":2560,"url":"https:\/\/solidaires-etudiant-e-s.org\/site\/wp-content\/uploads\/2014\/09\/Affiche-e\u0301tudiants-salarie\u0301s-SE-9-scaled-1.jpg","type":"image\/jpeg"}],"author":"Solidaires \u00e9tudiant-e-s","twitter_card":"summary_large_image","twitter_creator":"@SolidairesEtu","twitter_site":"@SolidairesEtu","twitter_misc":{"\u00c9crit par":"Solidaires \u00e9tudiant-e-s","Dur\u00e9e de lecture estim\u00e9e":"1 minute"},"schema":{"@context":"https:\/\/schema.org","@graph":[{"@type":"Article","@id":"https:\/\/solidaires-etudiant-e-s.org\/site\/2015\/02\/25\/solidaires-etudiant-e-s-en-campagne-contre-le-salariat-etudiant\/#article","isPartOf":{"@id":"https:\/\/solidaires-etudiant-e-s.org\/site\/2015\/02\/25\/solidaires-etudiant-e-s-en-campagne-contre-le-salariat-etudiant\/"},"author":{"name":"Solidaires \u00e9tudiant-e-s","@id":"https:\/\/solidaires-etudiant-e-s.org\/site\/#\/schema\/person\/0efb3e0ff4e2f12b5a5abcd4352aa86c"},"headline":"Solidaires \u00e9tudiant-e-s en campagne contre le salariat \u00e9tudiant","datePublished":"2015-02-25T15:09:26+00:00","mainEntityOfPage":{"@id":"https:\/\/solidaires-etudiant-e-s.org\/site\/2015\/02\/25\/solidaires-etudiant-e-s-en-campagne-contre-le-salariat-etudiant\/"},"wordCount":150,"publisher":{"@id":"https:\/\/solidaires-etudiant-e-s.org\/site\/#organization"},"image":{"@id":"https:\/\/solidaires-etudiant-e-s.org\/site\/2015\/02\/25\/solidaires-etudiant-e-s-en-campagne-contre-le-salariat-etudiant\/#primaryimage"},"thumbnailUrl":"https:\/\/solidaires-etudiant-e-s.org\/site\/wp-content\/uploads\/2014\/09\/Affiche-e\u0301tudiants-salarie\u0301s-SE-9-scaled-1.jpg","articleSection":["Uncategorized"],"inLanguage":"fr-FR"},{"@type":"WebPage","@id":"https:\/\/solidaires-etudiant-e-s.org\/site\/2015\/02\/25\/solidaires-etudiant-e-s-en-campagne-contre-le-salariat-etudiant\/","url":"https:\/\/solidaires-etudiant-e-s.org\/site\/2015\/02\/25\/solidaires-etudiant-e-s-en-campagne-contre-le-salariat-etudiant\/","name":"Solidaires \u00e9tudiant-e-s en campagne contre le salariat \u00e9tudiant - Solidaires \u00e9tudiant-e-s","isPartOf":{"@id":"https:\/\/solidaires-etudiant-e-s.org\/site\/#website"},"primaryImageOfPage":{"@id":"https:\/\/solidaires-etudiant-e-s.org\/site\/2015\/02\/25\/solidaires-etudiant-e-s-en-campagne-contre-le-salariat-etudiant\/#primaryimage"},"image":{"@id":"https:\/\/solidaires-etudiant-e-s.org\/site\/2015\/02\/25\/solidaires-etudiant-e-s-en-campagne-contre-le-salariat-etudiant\/#primaryimage"},"thumbnailUrl":"https:\/\/solidaires-etudiant-e-s.org\/site\/wp-content\/uploads\/2014\/09\/Affiche-e\u0301tudiants-salarie\u0301s-SE-9-scaled-1.jpg","datePublished":"2015-02-25T15:09:26+00:00","breadcrumb":{"@id":"https:\/\/solidaires-etudiant-e-s.org\/site\/2015\/02\/25\/solidaires-etudiant-e-s-en-campagne-contre-le-salariat-etudiant\/#breadcrumb"},"inLanguage":"fr-FR","potentialAction":[{"@type":"ReadAction","target":["https:\/\/solidaires-etudiant-e-s.org\/site\/2015\/02\/25\/solidaires-etudiant-e-s-en-campagne-contre-le-salariat-etudiant\/"]}]},{"@type":"ImageObject","inLanguage":"fr-FR","@id":"https:\/\/solidaires-etudiant-e-s.org\/site\/2015\/02\/25\/solidaires-etudiant-e-s-en-campagne-contre-le-salariat-etudiant\/#primaryimage","url":"https:\/\/solidaires-etudiant-e-s.org\/site\/wp-content\/uploads\/2014\/09\/Affiche-e\u0301tudiants-salarie\u0301s-SE-9-scaled-1.jpg","contentUrl":"https:\/\/solidaires-etudiant-e-s.org\/site\/wp-content\/uploads\/2014\/09\/Affiche-e\u0301tudiants-salarie\u0301s-SE-9-scaled-1.jpg","width":1810,"height":2560},{"@type":"BreadcrumbList","@id":"https:\/\/solidaires-etudiant-e-s.org\/site\/2015\/02\/25\/solidaires-etudiant-e-s-en-campagne-contre-le-salariat-etudiant\/#breadcrumb","itemListElement":[{"@type":"ListItem","position":1,"name":"Accueil","item":"https:\/\/solidaires-etudiant-e-s.org\/site\/"},{"@type":"ListItem","position":2,"name":"Solidaires \u00e9tudiant-e-s en campagne contre le salariat \u00e9tudiant"}]},{"@type":"WebSite","@id":"https:\/\/solidaires-etudiant-e-s.org\/site\/#website","url":"https:\/\/solidaires-etudiant-e-s.org\/site\/","name":"Solidaires \u00e9tudiant-e-s","description":"Syndicats pour un enseignement sup\u00e9rieur gratuit, ouvert, et \u00e9mancipateur !","publisher":{"@id":"https:\/\/solidaires-etudiant-e-s.org\/site\/#organization"},"potentialAction":[{"@type":"SearchAction","target":{"@type":"EntryPoint","urlTemplate":"https:\/\/solidaires-etudiant-e-s.org\/site\/?s={search_term_string}"},"query-input":{"@type":"PropertyValueSpecification","valueRequired":true,"valueName":"search_term_string"}}],"inLanguage":"fr-FR"},{"@type":"Organization","@id":"https:\/\/solidaires-etudiant-e-s.org\/site\/#organization","name":"Solidaires \u00e9tudiant-e-s","url":"https:\/\/solidaires-etudiant-e-s.org\/site\/","logo":{"@type":"ImageObject","inLanguage":"fr-FR","@id":"https:\/\/solidaires-etudiant-e-s.org\/site\/#\/schema\/logo\/image\/","url":"https:\/\/solidaires-etudiant-e-s.org\/site\/wp-content\/uploads\/2025\/12\/13-1.png","contentUrl":"https:\/\/solidaires-etudiant-e-s.org\/site\/wp-content\/uploads\/2025\/12\/13-1.png","width":1181,"height":827,"caption":"Solidaires \u00e9tudiant-e-s"},"image":{"@id":"https:\/\/solidaires-etudiant-e-s.org\/site\/#\/schema\/logo\/image\/"},"sameAs":["https:\/\/www.facebook.com\/solidairesetudiantes","https:\/\/x.com\/SolidairesEtu","https:\/\/www.instagram.com\/solidairesetu\/","https:\/\/bsky.app\/profile\/solidaires-etudiant-e-s.org","https:\/\/mastodon.social\/@solidairesetu","https:\/\/www.youtube.com\/channel\/UC_iZN9gmVAAnXbBM7wAWOag"]},{"@type":"Person","@id":"https:\/\/solidaires-etudiant-e-s.org\/site\/#\/schema\/person\/0efb3e0ff4e2f12b5a5abcd4352aa86c","name":"Solidaires \u00e9tudiant-e-s","image":{"@type":"ImageObject","inLanguage":"fr-FR","@id":"https:\/\/solidaires-etudiant-e-s.org\/site\/wp-content\/uploads\/2020\/01\/logo-SESL-rond-512-96x96.png","url":"https:\/\/solidaires-etudiant-e-s.org\/site\/wp-content\/uploads\/2020\/01\/logo-SESL-rond-512-96x96.png","contentUrl":"https:\/\/solidaires-etudiant-e-s.org\/site\/wp-content\/uploads\/2020\/01\/logo-SESL-rond-512-96x96.png","caption":"Solidaires \u00e9tudiant-e-s"},"sameAs":["https:\/\/solidaires-etudiant.org\/site","https:\/\/www.facebook.com\/solidairesetudiantes","https:\/\/www.instagram.com\/solidairesetu","https:\/\/x.com\/SolidairesEtu","https:\/\/fr.wikipedia.org\/wiki\/Solidaires_tudiant-e-s"]}]}},"_links":{"self":[{"href":"https:\/\/solidaires-etudiant-e-s.org\/site\/wp-json\/wp\/v2\/posts\/2141","targetHints":{"allow":["GET"]}}],"collection":[{"href":"https:\/\/solidaires-etudiant-e-s.org\/site\/wp-json\/wp\/v2\/posts"}],"about":[{"href":"https:\/\/solidaires-etudiant-e-s.org\/site\/wp-json\/wp\/v2\/types\/post"}],"author":[{"embeddable":true,"href":"https:\/\/solidaires-etudiant-e-s.org\/site\/wp-json\/wp\/v2\/users\/1"}],"replies":[{"embeddable":true,"href":"https:\/\/solidaires-etudiant-e-s.org\/site\/wp-json\/wp\/v2\/comments?post=2141"}],"version-history":[{"count":0,"href":"https:\/\/solidaires-etudiant-e-s.org\/site\/wp-json\/wp\/v2\/posts\/2141\/revisions"}],"wp:featuredmedia":[{"embeddable":true,"href":"https:\/\/solidaires-etudiant-e-s.org\/site\/wp-json\/wp\/v2\/media\/1298"}],"wp:attachment":[{"href":"https:\/\/solidaires-etudiant-e-s.org\/site\/wp-json\/wp\/v2\/media?parent=2141"}],"wp:term":[{"taxonomy":"category","embeddable":true,"href":"https:\/\/solidaires-etudiant-e-s.org\/site\/wp-json\/wp\/v2\/categories?post=2141"},{"taxonomy":"post_tag","embeddable":true,"href":"https:\/\/solidaires-etudiant-e-s.org\/site\/wp-json\/wp\/v2\/tags?post=2141"}],"curies":[{"name":"wp","href":"https:\/\/api.w.org\/{rel}","templated":true}]}}