{"id":2117,"date":"2015-02-22T15:53:14","date_gmt":"2015-02-22T14:53:14","guid":{"rendered":"http:\/\/www.solidaires-etudiant.org\/?p=2117"},"modified":"2015-02-22T15:53:14","modified_gmt":"2015-02-22T14:53:14","slug":"soutenons-les-mobilisations-a-paris-sud-et-paris-13","status":"publish","type":"post","link":"https:\/\/solidaires-etudiant-e-s.org\/site\/2015\/02\/22\/soutenons-les-mobilisations-a-paris-sud-et-paris-13\/","title":{"rendered":"Soutenons les mobilisations \u00e0 Paris Sud et Paris 13"},"content":{"rendered":"<p align=\"center\"><span style=\"font-family: Berlin Sans FB Demi,sans-serif;\"><span style=\"font-size: x-large;\">F\u00e9d\u00e9ration<\/span><\/span><\/p>\n<p align=\"center\"><span style=\"font-family: Berlin Sans FB Demi,sans-serif;\"><span style=\"font-size: x-large;\">Solidaires \u00e9tudiant-e-s, <\/span><\/span><\/p>\n<p align=\"center\"><span style=\"font-family: Berlin Sans FB Demi,sans-serif;\"><span style=\"font-size: x-large;\">syndicats de luttes<\/span><\/span><\/p>\n<p align=\"center\"><span style=\"font-family: Calibri,sans-serif;\"><span style=\"font-size: medium;\">Communiqu\u00e9 de presse<\/span><\/span><\/p>\n<p align=\"right\"><span style=\"font-family: Calibri,sans-serif;\"><span style=\"font-size: small;\">Le 22 f\u00e9vrier 2015<\/span><\/span><\/p>\n<hr \/>\n<p align=\"center\"><span style=\"font-family: Calibri,sans-serif;\"><b><span style=\"font-family: Liberation Sans,sans-serif;\"><span style=\"font-size: xx-large;\">Soutenons les mobilisations \u00e0 Paris Sud et Paris 13<\/span><\/span> <\/b><\/span><\/p>\n<p>&nbsp;<br \/>\nApr\u00e8s l&rsquo;annonce de la suppression de tous les postes d\u2019ATER pour l&rsquo;an prochain, du gel du recrutement des personnel et la suppression de 10 000 heures d\u2019enseignement, 400 \u00e9tudiant-e-s et personnels se sont r\u00e9uni-e-s en Assembl\u00e9e G\u00e9n\u00e9rale \u00e0 l&rsquo;universit\u00e9 Paris Sud le 12 f\u00e9vrier pour d\u00e9noncer notamment la s\u00e9lection \u00e0 l&rsquo;entr\u00e9e de la premi\u00e8re ann\u00e9e d&rsquo;universit\u00e9 (L1), demander une rallonge budg\u00e9taire et la cr\u00e9ation de postes de titulaires.<br \/>\n&nbsp;<br \/>\nCes restrictions budg\u00e9taires et d\u00e9gradations des conditions d&rsquo;\u00e9tudes et de travail se g\u00e9n\u00e9ralisent dans tout l&rsquo;Enseignement Sup\u00e9rieur. Depuis deux ans, de nombreuses mobilisations ont eu lieu sur les universit\u00e9s (Pau, Montpellier, Clermont, Toulouse, Paris 8 etc.) pour lutter contre cette logique et d\u00e9fendre un autre projet d&rsquo;Enseignement Sup\u00e9rieur et de Recherche.<br \/>\n&nbsp;<br \/>\nSolidaires \u00e9tudiant-e-s, syndicats de luttes apporte tout son soutien \u00e0 cette lutte et appelle les \u00e9tudiant-e-s, personnels et enseignants des autres universit\u00e9s et \u00e9tablissements \u00e0 soutenir et relayer les luttes de Paris Sud et Paris 13. Seule une lutte collective et nationale permettra de nous sortir de cette situation et construire un autre enseignement sup\u00e9rieur.<br \/>\nPour plus d&rsquo;informations, infos et contacts\u00a0 :<br \/>\n<a href=\"http:\/\/www.orsayenlutte.info\/\" target=\"_blank\" rel=\"noopener\">http:\/\/www.orsayenlutte.info\/<\/a><br \/>\n<a href=\"https:\/\/www.facebook.com\/pages\/Paris-Sud-en-lutte\/1545327002394977\" target=\"_blank\" rel=\"noopener\">https:\/\/www.facebook.com\/pages\/Paris-Sud-en-lutte\/1545327002394977<\/a><br \/>\nTwitter\u00a0: @U_PSud_EnLutte<\/p>\n<p align=\"justify\"><span style=\"font-family: Calibri,sans-serif;\"><br \/>\n<\/span><\/p>\n<p align=\"center\"><span style=\"color: #000000;\"><span style=\"font-family: Calibri,sans-serif;\"><span style=\"font-size: small;\"><i>Solidaires \u00e9tudiant-e-s, syndicats de luttes \/ <\/i><\/span><\/span><\/span><span style=\"color: #000000;\"><span style=\"font-family: Calibri,sans-serif;\"><span style=\"font-size: small;\">Porte-parolat\u00a0: <\/span><\/span><\/span><span style=\"color: #000000;\"><span style=\"font-family: Calibri,sans-serif;\"><span style=\"font-size: small;\"><i>06.86.80.24.45 \/<\/i><\/span><\/span><\/span><\/p>\n<p align=\"center\"><a href=\"https:\/\/solidaires-etudiant.org\/site\/\"><span style=\"color: #000000;\"><span style=\"font-family: Calibri,sans-serif;\"><span style=\"font-size: small;\"><i><span style=\"text-decoration: underline;\">https:\/\/solidaires-etudiant.org\/site<\/span><\/i><\/span><\/span><\/span><\/a><span style=\"color: #000000;\"><span style=\"font-family: Calibri,sans-serif;\"><span style=\"font-size: small;\"><i> \/ contact@solidaires-etudiant-e-s.<\/i><\/span><\/span><\/span><span style=\"color: #000000;\"><span style=\"font-family: Calibri,sans-serif;\"><span style=\"font-size: small;\"><i>org<\/i><\/span><\/span><\/span><\/p>\n","protected":false},"excerpt":{"rendered":"<p>F\u00e9d\u00e9ration Solidaires \u00e9tudiant-e-s, syndicats de luttes Communiqu\u00e9 de presse Le 22 f\u00e9vrier [&hellip;]<\/p>\n","protected":false},"author":1,"featured_media":2118,"comment_status":"closed","ping_status":"closed","sticky":false,"template":"","format":"standard","meta":{"cybocfi_hide_featured_image":"","footnotes":""},"categories":[10,18],"tags":[306,308,1049],"class_list":["post-2117","post","type-post","status-publish","format-standard","has-post-thumbnail","hentry","category-communiques","category-esr","tag-communique","tag-communiques-2","tag-slider","col-md-4 col-sm-4"],"featured_image_src":"https:\/\/solidaires-etudiant-e-s.org\/site\/wp-content\/uploads\/2015\/02\/1484675_1548729615388049_2004928629611623246_n.jpg","author_info":{"display_name":"Solidaires \u00e9tudiant-e-s","author_link":false},"yoast_head":"<!-- This site is optimized with the Yoast SEO plugin v27.4 - https:\/\/yoast.com\/product\/yoast-seo-wordpress\/ -->\n<title>Soutenons les mobilisations \u00e0 Paris Sud et Paris 13 - Solidaires \u00e9tudiant-e-s<\/title>\n<meta name=\"robots\" content=\"index, follow, max-snippet:-1, max-image-preview:large, max-video-preview:-1\" \/>\n<link rel=\"canonical\" href=\"https:\/\/solidaires-etudiant-e-s.org\/site\/2015\/02\/22\/soutenons-les-mobilisations-a-paris-sud-et-paris-13\/\" \/>\n<meta property=\"og:locale\" content=\"fr_FR\" \/>\n<meta property=\"og:type\" content=\"article\" \/>\n<meta property=\"og:title\" content=\"Soutenons les mobilisations \u00e0 Paris Sud et Paris 13 - Solidaires \u00e9tudiant-e-s\" \/>\n<meta property=\"og:description\" content=\"F\u00e9d\u00e9ration Solidaires \u00e9tudiant-e-s, syndicats de luttes Communiqu\u00e9 de presse Le 22 f\u00e9vrier [&hellip;]\" \/>\n<meta property=\"og:url\" content=\"https:\/\/solidaires-etudiant-e-s.org\/site\/2015\/02\/22\/soutenons-les-mobilisations-a-paris-sud-et-paris-13\/\" \/>\n<meta property=\"og:site_name\" content=\"Solidaires \u00e9tudiant-e-s\" \/>\n<meta property=\"article:publisher\" content=\"https:\/\/www.facebook.com\/solidairesetudiantes\" \/>\n<meta property=\"article:author\" content=\"https:\/\/www.facebook.com\/solidairesetudiantes\" \/>\n<meta property=\"article:published_time\" content=\"2015-02-22T14:53:14+00:00\" \/>\n<meta property=\"og:image\" content=\"https:\/\/solidaires-etudiant-e-s.org\/site\/wp-content\/uploads\/2015\/02\/1484675_1548729615388049_2004928629611623246_n.jpg\" \/>\n\t<meta property=\"og:image:width\" content=\"960\" \/>\n\t<meta property=\"og:image:height\" content=\"362\" \/>\n\t<meta property=\"og:image:type\" content=\"image\/jpeg\" \/>\n<meta name=\"author\" content=\"Solidaires \u00e9tudiant-e-s\" \/>\n<meta name=\"twitter:card\" content=\"summary_large_image\" \/>\n<meta name=\"twitter:creator\" content=\"@SolidairesEtu\" \/>\n<meta name=\"twitter:site\" content=\"@SolidairesEtu\" \/>\n<meta name=\"twitter:label1\" content=\"\u00c9crit par\" \/>\n\t<meta name=\"twitter:data1\" content=\"Solidaires \u00e9tudiant-e-s\" \/>\n\t<meta name=\"twitter:label2\" content=\"Dur\u00e9e de lecture estim\u00e9e\" \/>\n\t<meta name=\"twitter:data2\" content=\"1 minute\" \/>\n<script type=\"application\/ld+json\" class=\"yoast-schema-graph\">{\"@context\":\"https:\\\/\\\/schema.org\",\"@graph\":[{\"@type\":\"Article\",\"@id\":\"https:\\\/\\\/solidaires-etudiant-e-s.org\\\/site\\\/2015\\\/02\\\/22\\\/soutenons-les-mobilisations-a-paris-sud-et-paris-13\\\/#article\",\"isPartOf\":{\"@id\":\"https:\\\/\\\/solidaires-etudiant-e-s.org\\\/site\\\/2015\\\/02\\\/22\\\/soutenons-les-mobilisations-a-paris-sud-et-paris-13\\\/\"},\"author\":{\"name\":\"Solidaires \u00e9tudiant-e-s\",\"@id\":\"https:\\\/\\\/solidaires-etudiant-e-s.org\\\/site\\\/#\\\/schema\\\/person\\\/0efb3e0ff4e2f12b5a5abcd4352aa86c\"},\"headline\":\"Soutenons les mobilisations \u00e0 Paris Sud et Paris 13\",\"datePublished\":\"2015-02-22T14:53:14+00:00\",\"mainEntityOfPage\":{\"@id\":\"https:\\\/\\\/solidaires-etudiant-e-s.org\\\/site\\\/2015\\\/02\\\/22\\\/soutenons-les-mobilisations-a-paris-sud-et-paris-13\\\/\"},\"wordCount\":262,\"publisher\":{\"@id\":\"https:\\\/\\\/solidaires-etudiant-e-s.org\\\/site\\\/#organization\"},\"image\":{\"@id\":\"https:\\\/\\\/solidaires-etudiant-e-s.org\\\/site\\\/2015\\\/02\\\/22\\\/soutenons-les-mobilisations-a-paris-sud-et-paris-13\\\/#primaryimage\"},\"thumbnailUrl\":\"https:\\\/\\\/solidaires-etudiant-e-s.org\\\/site\\\/wp-content\\\/uploads\\\/2015\\\/02\\\/1484675_1548729615388049_2004928629611623246_n.jpg\",\"keywords\":[\"communique\",\"communiqu\u00e9s\",\"slider\"],\"articleSection\":[\"COMMUNIQUES NATIONAUX\",\"ENSEIGNEMENT SUPERIEUR\"],\"inLanguage\":\"fr-FR\"},{\"@type\":\"WebPage\",\"@id\":\"https:\\\/\\\/solidaires-etudiant-e-s.org\\\/site\\\/2015\\\/02\\\/22\\\/soutenons-les-mobilisations-a-paris-sud-et-paris-13\\\/\",\"url\":\"https:\\\/\\\/solidaires-etudiant-e-s.org\\\/site\\\/2015\\\/02\\\/22\\\/soutenons-les-mobilisations-a-paris-sud-et-paris-13\\\/\",\"name\":\"Soutenons les mobilisations \u00e0 Paris Sud et Paris 13 - Solidaires \u00e9tudiant-e-s\",\"isPartOf\":{\"@id\":\"https:\\\/\\\/solidaires-etudiant-e-s.org\\\/site\\\/#website\"},\"primaryImageOfPage\":{\"@id\":\"https:\\\/\\\/solidaires-etudiant-e-s.org\\\/site\\\/2015\\\/02\\\/22\\\/soutenons-les-mobilisations-a-paris-sud-et-paris-13\\\/#primaryimage\"},\"image\":{\"@id\":\"https:\\\/\\\/solidaires-etudiant-e-s.org\\\/site\\\/2015\\\/02\\\/22\\\/soutenons-les-mobilisations-a-paris-sud-et-paris-13\\\/#primaryimage\"},\"thumbnailUrl\":\"https:\\\/\\\/solidaires-etudiant-e-s.org\\\/site\\\/wp-content\\\/uploads\\\/2015\\\/02\\\/1484675_1548729615388049_2004928629611623246_n.jpg\",\"datePublished\":\"2015-02-22T14:53:14+00:00\",\"breadcrumb\":{\"@id\":\"https:\\\/\\\/solidaires-etudiant-e-s.org\\\/site\\\/2015\\\/02\\\/22\\\/soutenons-les-mobilisations-a-paris-sud-et-paris-13\\\/#breadcrumb\"},\"inLanguage\":\"fr-FR\",\"potentialAction\":[{\"@type\":\"ReadAction\",\"target\":[\"https:\\\/\\\/solidaires-etudiant-e-s.org\\\/site\\\/2015\\\/02\\\/22\\\/soutenons-les-mobilisations-a-paris-sud-et-paris-13\\\/\"]}]},{\"@type\":\"ImageObject\",\"inLanguage\":\"fr-FR\",\"@id\":\"https:\\\/\\\/solidaires-etudiant-e-s.org\\\/site\\\/2015\\\/02\\\/22\\\/soutenons-les-mobilisations-a-paris-sud-et-paris-13\\\/#primaryimage\",\"url\":\"https:\\\/\\\/solidaires-etudiant-e-s.org\\\/site\\\/wp-content\\\/uploads\\\/2015\\\/02\\\/1484675_1548729615388049_2004928629611623246_n.jpg\",\"contentUrl\":\"https:\\\/\\\/solidaires-etudiant-e-s.org\\\/site\\\/wp-content\\\/uploads\\\/2015\\\/02\\\/1484675_1548729615388049_2004928629611623246_n.jpg\",\"width\":960,\"height\":362},{\"@type\":\"BreadcrumbList\",\"@id\":\"https:\\\/\\\/solidaires-etudiant-e-s.org\\\/site\\\/2015\\\/02\\\/22\\\/soutenons-les-mobilisations-a-paris-sud-et-paris-13\\\/#breadcrumb\",\"itemListElement\":[{\"@type\":\"ListItem\",\"position\":1,\"name\":\"Accueil\",\"item\":\"https:\\\/\\\/solidaires-etudiant-e-s.org\\\/site\\\/\"},{\"@type\":\"ListItem\",\"position\":2,\"name\":\"Soutenons les mobilisations \u00e0 Paris Sud et Paris 13\"}]},{\"@type\":\"WebSite\",\"@id\":\"https:\\\/\\\/solidaires-etudiant-e-s.org\\\/site\\\/#website\",\"url\":\"https:\\\/\\\/solidaires-etudiant-e-s.org\\\/site\\\/\",\"name\":\"Solidaires \u00e9tudiant-e-s\",\"description\":\"Syndicats pour un enseignement sup\u00e9rieur gratuit, ouvert, et \u00e9mancipateur !\",\"publisher\":{\"@id\":\"https:\\\/\\\/solidaires-etudiant-e-s.org\\\/site\\\/#organization\"},\"potentialAction\":[{\"@type\":\"SearchAction\",\"target\":{\"@type\":\"EntryPoint\",\"urlTemplate\":\"https:\\\/\\\/solidaires-etudiant-e-s.org\\\/site\\\/?s={search_term_string}\"},\"query-input\":{\"@type\":\"PropertyValueSpecification\",\"valueRequired\":true,\"valueName\":\"search_term_string\"}}],\"inLanguage\":\"fr-FR\"},{\"@type\":\"Organization\",\"@id\":\"https:\\\/\\\/solidaires-etudiant-e-s.org\\\/site\\\/#organization\",\"name\":\"Solidaires \u00e9tudiant-e-s\",\"url\":\"https:\\\/\\\/solidaires-etudiant-e-s.org\\\/site\\\/\",\"logo\":{\"@type\":\"ImageObject\",\"inLanguage\":\"fr-FR\",\"@id\":\"https:\\\/\\\/solidaires-etudiant-e-s.org\\\/site\\\/#\\\/schema\\\/logo\\\/image\\\/\",\"url\":\"https:\\\/\\\/solidaires-etudiant-e-s.org\\\/site\\\/wp-content\\\/uploads\\\/2025\\\/12\\\/13-1.png\",\"contentUrl\":\"https:\\\/\\\/solidaires-etudiant-e-s.org\\\/site\\\/wp-content\\\/uploads\\\/2025\\\/12\\\/13-1.png\",\"width\":1181,\"height\":827,\"caption\":\"Solidaires \u00e9tudiant-e-s\"},\"image\":{\"@id\":\"https:\\\/\\\/solidaires-etudiant-e-s.org\\\/site\\\/#\\\/schema\\\/logo\\\/image\\\/\"},\"sameAs\":[\"https:\\\/\\\/www.facebook.com\\\/solidairesetudiantes\",\"https:\\\/\\\/x.com\\\/SolidairesEtu\",\"https:\\\/\\\/www.instagram.com\\\/solidairesetu\\\/\",\"https:\\\/\\\/bsky.app\\\/profile\\\/solidaires-etudiant-e-s.org\",\"https:\\\/\\\/mastodon.social\\\/@solidairesetu\",\"https:\\\/\\\/www.youtube.com\\\/channel\\\/UC_iZN9gmVAAnXbBM7wAWOag\"]},{\"@type\":\"Person\",\"@id\":\"https:\\\/\\\/solidaires-etudiant-e-s.org\\\/site\\\/#\\\/schema\\\/person\\\/0efb3e0ff4e2f12b5a5abcd4352aa86c\",\"name\":\"Solidaires \u00e9tudiant-e-s\",\"image\":{\"@type\":\"ImageObject\",\"inLanguage\":\"fr-FR\",\"@id\":\"https:\\\/\\\/solidaires-etudiant-e-s.org\\\/site\\\/wp-content\\\/uploads\\\/2020\\\/01\\\/logo-SESL-rond-512-96x96.png\",\"url\":\"https:\\\/\\\/solidaires-etudiant-e-s.org\\\/site\\\/wp-content\\\/uploads\\\/2020\\\/01\\\/logo-SESL-rond-512-96x96.png\",\"contentUrl\":\"https:\\\/\\\/solidaires-etudiant-e-s.org\\\/site\\\/wp-content\\\/uploads\\\/2020\\\/01\\\/logo-SESL-rond-512-96x96.png\",\"caption\":\"Solidaires \u00e9tudiant-e-s\"},\"sameAs\":[\"https:\\\/\\\/solidaires-etudiant.org\\\/site\",\"https:\\\/\\\/www.facebook.com\\\/solidairesetudiantes\",\"https:\\\/\\\/www.instagram.com\\\/solidairesetu\",\"https:\\\/\\\/x.com\\\/SolidairesEtu\",\"https:\\\/\\\/fr.wikipedia.org\\\/wiki\\\/Solidaires_tudiant-e-s\"]}]}<\/script>\n<!-- \/ Yoast SEO plugin. -->","yoast_head_json":{"title":"Soutenons les mobilisations \u00e0 Paris Sud et Paris 13 - Solidaires \u00e9tudiant-e-s","robots":{"index":"index","follow":"follow","max-snippet":"max-snippet:-1","max-image-preview":"max-image-preview:large","max-video-preview":"max-video-preview:-1"},"canonical":"https:\/\/solidaires-etudiant-e-s.org\/site\/2015\/02\/22\/soutenons-les-mobilisations-a-paris-sud-et-paris-13\/","og_locale":"fr_FR","og_type":"article","og_title":"Soutenons les mobilisations \u00e0 Paris Sud et Paris 13 - Solidaires \u00e9tudiant-e-s","og_description":"F\u00e9d\u00e9ration Solidaires \u00e9tudiant-e-s, syndicats de luttes Communiqu\u00e9 de presse Le 22 f\u00e9vrier [&hellip;]","og_url":"https:\/\/solidaires-etudiant-e-s.org\/site\/2015\/02\/22\/soutenons-les-mobilisations-a-paris-sud-et-paris-13\/","og_site_name":"Solidaires \u00e9tudiant-e-s","article_publisher":"https:\/\/www.facebook.com\/solidairesetudiantes","article_author":"https:\/\/www.facebook.com\/solidairesetudiantes","article_published_time":"2015-02-22T14:53:14+00:00","og_image":[{"width":960,"height":362,"url":"https:\/\/solidaires-etudiant-e-s.org\/site\/wp-content\/uploads\/2015\/02\/1484675_1548729615388049_2004928629611623246_n.jpg","type":"image\/jpeg"}],"author":"Solidaires \u00e9tudiant-e-s","twitter_card":"summary_large_image","twitter_creator":"@SolidairesEtu","twitter_site":"@SolidairesEtu","twitter_misc":{"\u00c9crit par":"Solidaires \u00e9tudiant-e-s","Dur\u00e9e de lecture estim\u00e9e":"1 minute"},"schema":{"@context":"https:\/\/schema.org","@graph":[{"@type":"Article","@id":"https:\/\/solidaires-etudiant-e-s.org\/site\/2015\/02\/22\/soutenons-les-mobilisations-a-paris-sud-et-paris-13\/#article","isPartOf":{"@id":"https:\/\/solidaires-etudiant-e-s.org\/site\/2015\/02\/22\/soutenons-les-mobilisations-a-paris-sud-et-paris-13\/"},"author":{"name":"Solidaires \u00e9tudiant-e-s","@id":"https:\/\/solidaires-etudiant-e-s.org\/site\/#\/schema\/person\/0efb3e0ff4e2f12b5a5abcd4352aa86c"},"headline":"Soutenons les mobilisations \u00e0 Paris Sud et Paris 13","datePublished":"2015-02-22T14:53:14+00:00","mainEntityOfPage":{"@id":"https:\/\/solidaires-etudiant-e-s.org\/site\/2015\/02\/22\/soutenons-les-mobilisations-a-paris-sud-et-paris-13\/"},"wordCount":262,"publisher":{"@id":"https:\/\/solidaires-etudiant-e-s.org\/site\/#organization"},"image":{"@id":"https:\/\/solidaires-etudiant-e-s.org\/site\/2015\/02\/22\/soutenons-les-mobilisations-a-paris-sud-et-paris-13\/#primaryimage"},"thumbnailUrl":"https:\/\/solidaires-etudiant-e-s.org\/site\/wp-content\/uploads\/2015\/02\/1484675_1548729615388049_2004928629611623246_n.jpg","keywords":["communique","communiqu\u00e9s","slider"],"articleSection":["COMMUNIQUES NATIONAUX","ENSEIGNEMENT SUPERIEUR"],"inLanguage":"fr-FR"},{"@type":"WebPage","@id":"https:\/\/solidaires-etudiant-e-s.org\/site\/2015\/02\/22\/soutenons-les-mobilisations-a-paris-sud-et-paris-13\/","url":"https:\/\/solidaires-etudiant-e-s.org\/site\/2015\/02\/22\/soutenons-les-mobilisations-a-paris-sud-et-paris-13\/","name":"Soutenons les mobilisations \u00e0 Paris Sud et Paris 13 - Solidaires \u00e9tudiant-e-s","isPartOf":{"@id":"https:\/\/solidaires-etudiant-e-s.org\/site\/#website"},"primaryImageOfPage":{"@id":"https:\/\/solidaires-etudiant-e-s.org\/site\/2015\/02\/22\/soutenons-les-mobilisations-a-paris-sud-et-paris-13\/#primaryimage"},"image":{"@id":"https:\/\/solidaires-etudiant-e-s.org\/site\/2015\/02\/22\/soutenons-les-mobilisations-a-paris-sud-et-paris-13\/#primaryimage"},"thumbnailUrl":"https:\/\/solidaires-etudiant-e-s.org\/site\/wp-content\/uploads\/2015\/02\/1484675_1548729615388049_2004928629611623246_n.jpg","datePublished":"2015-02-22T14:53:14+00:00","breadcrumb":{"@id":"https:\/\/solidaires-etudiant-e-s.org\/site\/2015\/02\/22\/soutenons-les-mobilisations-a-paris-sud-et-paris-13\/#breadcrumb"},"inLanguage":"fr-FR","potentialAction":[{"@type":"ReadAction","target":["https:\/\/solidaires-etudiant-e-s.org\/site\/2015\/02\/22\/soutenons-les-mobilisations-a-paris-sud-et-paris-13\/"]}]},{"@type":"ImageObject","inLanguage":"fr-FR","@id":"https:\/\/solidaires-etudiant-e-s.org\/site\/2015\/02\/22\/soutenons-les-mobilisations-a-paris-sud-et-paris-13\/#primaryimage","url":"https:\/\/solidaires-etudiant-e-s.org\/site\/wp-content\/uploads\/2015\/02\/1484675_1548729615388049_2004928629611623246_n.jpg","contentUrl":"https:\/\/solidaires-etudiant-e-s.org\/site\/wp-content\/uploads\/2015\/02\/1484675_1548729615388049_2004928629611623246_n.jpg","width":960,"height":362},{"@type":"BreadcrumbList","@id":"https:\/\/solidaires-etudiant-e-s.org\/site\/2015\/02\/22\/soutenons-les-mobilisations-a-paris-sud-et-paris-13\/#breadcrumb","itemListElement":[{"@type":"ListItem","position":1,"name":"Accueil","item":"https:\/\/solidaires-etudiant-e-s.org\/site\/"},{"@type":"ListItem","position":2,"name":"Soutenons les mobilisations \u00e0 Paris Sud et Paris 13"}]},{"@type":"WebSite","@id":"https:\/\/solidaires-etudiant-e-s.org\/site\/#website","url":"https:\/\/solidaires-etudiant-e-s.org\/site\/","name":"Solidaires \u00e9tudiant-e-s","description":"Syndicats pour un enseignement sup\u00e9rieur gratuit, ouvert, et \u00e9mancipateur !","publisher":{"@id":"https:\/\/solidaires-etudiant-e-s.org\/site\/#organization"},"potentialAction":[{"@type":"SearchAction","target":{"@type":"EntryPoint","urlTemplate":"https:\/\/solidaires-etudiant-e-s.org\/site\/?s={search_term_string}"},"query-input":{"@type":"PropertyValueSpecification","valueRequired":true,"valueName":"search_term_string"}}],"inLanguage":"fr-FR"},{"@type":"Organization","@id":"https:\/\/solidaires-etudiant-e-s.org\/site\/#organization","name":"Solidaires \u00e9tudiant-e-s","url":"https:\/\/solidaires-etudiant-e-s.org\/site\/","logo":{"@type":"ImageObject","inLanguage":"fr-FR","@id":"https:\/\/solidaires-etudiant-e-s.org\/site\/#\/schema\/logo\/image\/","url":"https:\/\/solidaires-etudiant-e-s.org\/site\/wp-content\/uploads\/2025\/12\/13-1.png","contentUrl":"https:\/\/solidaires-etudiant-e-s.org\/site\/wp-content\/uploads\/2025\/12\/13-1.png","width":1181,"height":827,"caption":"Solidaires \u00e9tudiant-e-s"},"image":{"@id":"https:\/\/solidaires-etudiant-e-s.org\/site\/#\/schema\/logo\/image\/"},"sameAs":["https:\/\/www.facebook.com\/solidairesetudiantes","https:\/\/x.com\/SolidairesEtu","https:\/\/www.instagram.com\/solidairesetu\/","https:\/\/bsky.app\/profile\/solidaires-etudiant-e-s.org","https:\/\/mastodon.social\/@solidairesetu","https:\/\/www.youtube.com\/channel\/UC_iZN9gmVAAnXbBM7wAWOag"]},{"@type":"Person","@id":"https:\/\/solidaires-etudiant-e-s.org\/site\/#\/schema\/person\/0efb3e0ff4e2f12b5a5abcd4352aa86c","name":"Solidaires \u00e9tudiant-e-s","image":{"@type":"ImageObject","inLanguage":"fr-FR","@id":"https:\/\/solidaires-etudiant-e-s.org\/site\/wp-content\/uploads\/2020\/01\/logo-SESL-rond-512-96x96.png","url":"https:\/\/solidaires-etudiant-e-s.org\/site\/wp-content\/uploads\/2020\/01\/logo-SESL-rond-512-96x96.png","contentUrl":"https:\/\/solidaires-etudiant-e-s.org\/site\/wp-content\/uploads\/2020\/01\/logo-SESL-rond-512-96x96.png","caption":"Solidaires \u00e9tudiant-e-s"},"sameAs":["https:\/\/solidaires-etudiant.org\/site","https:\/\/www.facebook.com\/solidairesetudiantes","https:\/\/www.instagram.com\/solidairesetu","https:\/\/x.com\/SolidairesEtu","https:\/\/fr.wikipedia.org\/wiki\/Solidaires_tudiant-e-s"]}]}},"_links":{"self":[{"href":"https:\/\/solidaires-etudiant-e-s.org\/site\/wp-json\/wp\/v2\/posts\/2117","targetHints":{"allow":["GET"]}}],"collection":[{"href":"https:\/\/solidaires-etudiant-e-s.org\/site\/wp-json\/wp\/v2\/posts"}],"about":[{"href":"https:\/\/solidaires-etudiant-e-s.org\/site\/wp-json\/wp\/v2\/types\/post"}],"author":[{"embeddable":true,"href":"https:\/\/solidaires-etudiant-e-s.org\/site\/wp-json\/wp\/v2\/users\/1"}],"replies":[{"embeddable":true,"href":"https:\/\/solidaires-etudiant-e-s.org\/site\/wp-json\/wp\/v2\/comments?post=2117"}],"version-history":[{"count":0,"href":"https:\/\/solidaires-etudiant-e-s.org\/site\/wp-json\/wp\/v2\/posts\/2117\/revisions"}],"wp:featuredmedia":[{"embeddable":true,"href":"https:\/\/solidaires-etudiant-e-s.org\/site\/wp-json\/wp\/v2\/media\/2118"}],"wp:attachment":[{"href":"https:\/\/solidaires-etudiant-e-s.org\/site\/wp-json\/wp\/v2\/media?parent=2117"}],"wp:term":[{"taxonomy":"category","embeddable":true,"href":"https:\/\/solidaires-etudiant-e-s.org\/site\/wp-json\/wp\/v2\/categories?post=2117"},{"taxonomy":"post_tag","embeddable":true,"href":"https:\/\/solidaires-etudiant-e-s.org\/site\/wp-json\/wp\/v2\/tags?post=2117"}],"curies":[{"name":"wp","href":"https:\/\/api.w.org\/{rel}","templated":true}]}}