{"id":1686,"date":"2014-12-14T18:24:57","date_gmt":"2014-12-14T17:24:57","guid":{"rendered":"http:\/\/www.solidaires-etudiant.org\/?p=1686"},"modified":"2014-12-14T18:24:57","modified_gmt":"2014-12-14T17:24:57","slug":"enseignement-superieur-et-recherche-les-chiffres-sont-dramatiques-la-situation-lest-encore-plus","status":"publish","type":"post","link":"https:\/\/solidaires-etudiant-e-s.org\/site\/2014\/12\/14\/enseignement-superieur-et-recherche-les-chiffres-sont-dramatiques-la-situation-lest-encore-plus\/","title":{"rendered":"Enseignement Sup\u00e9rieur et Recherche,  les chiffres sont dramatiques, la situation l&#039;est encore plus"},"content":{"rendered":"<p>La situation des universit\u00e9s aujourd&rsquo;hui est catastrophique. Si le gouvernement annonce avoir \u00ab\u00a0sanctuaris\u00e9\u00a0\u00bb le budget de l&rsquo;Enseignement sup\u00e9rieur et de la recherche la r\u00e9alit\u00e9 du terrain est d\u00e9sastreuse. Fili\u00e8res supprim\u00e9es, cours surcharg\u00e9s, personnels pr\u00e9caires et sous pay\u00e9s, \u00e9tudiant-e-s dans la gal\u00e8re, dont 40% sont oblig\u00e9s de travailler pendant leurs \u00e9tudes&#8230; Une cinquantaine d&rsquo;universit\u00e9s sont endett\u00e9es, et 45% de l&rsquo;ensemble des personnes employ\u00e9es dans les universit\u00e9s sont en contrat pr\u00e9caire.<br \/>\nIl ne faut pas chercher longtemps sur le site du minist\u00e8re de l&rsquo;enseignement sup\u00e9rieur et de la recherche pour d\u00e9couvrir la r\u00e9alit\u00e9 des chiffres.<br \/>\nEntre 2008 et 2013 le nombre d&rsquo;\u00e9tudiant-es est pass\u00e9 de 2,23 millions \u00e0 2,4 millions, soit 7,5% d&rsquo;augmentation. Dans le m\u00eame temps le budget de l&rsquo;enseignement sup\u00e9rieur et de la recherche est pass\u00e9 de 23,5 \u00e0 23,05 milliards soit 2% de baisse. Ramen\u00e9e au nombre d&rsquo;\u00e9tudiant-es, c&rsquo;est tout simplement une baisse de la dotation de l&rsquo;Etat par \u00e9tudiant-e de 10% en 5 ans !<br \/>\nL&rsquo;ensemble des acteurs de l&rsquo;enseignement sup\u00e9rieur et de la recherche ont le devoir de se r\u00e9volter contre cette situation catastrophique. Si les soubresauts de ce d\u00e9but d&rsquo;ann\u00e9e (manifestation nationale le 17 octobre et le 11 d\u00e9cembre, mouvement important sur la fac de Clermont au d\u00e9but de l&rsquo;ann\u00e9e, et surtout mouvement encore en cours sur l&rsquo;universit\u00e9 du Mirail \u00e0 Toulouse&#8230;) ont pu faire peur au gouvernement et le freiner dans sa volont\u00e9 de r\u00e9duire encore un peu plus ce budget exsangue, il est temps pour tou-te-s de passer \u00e0 l&rsquo;offensive et de revendiquer les moyens n\u00e9cessaires pour reconstruire un monde universitaire aujourd&rsquo;hui en d\u00e9route.<\/p>\n<p style=\"text-align: center;\"><strong>Pour une universit\u00e9 gratuite, populaire, critique et \u00e9mancipatrice !<\/strong><\/p>\n<p style=\"text-align: center;\">Solidaires \u00e9tudiant-e-s, syndicats de luttes \/ Porte-parolat\u00a0: 06.86.80.24.45 \/<br \/>\nhttps:\/\/solidaires-etudiant.org\/site \/ contact@solidaires-etudiant-e-s.org<\/p>\n","protected":false},"excerpt":{"rendered":"<p>La situation des universit\u00e9s aujourd&rsquo;hui est catastrophique. Si le gouvernement annonce avoir [&hellip;]<\/p>\n","protected":false},"author":1,"featured_media":1689,"comment_status":"closed","ping_status":"closed","sticky":false,"template":"","format":"standard","meta":{"cybocfi_hide_featured_image":"","footnotes":""},"categories":[10,18],"tags":[230,308,467,795,1049,1147],"class_list":["post-1686","post","type-post","status-publish","format-standard","has-post-thumbnail","hentry","category-communiques","category-esr","tag-budget","tag-communiques-2","tag-enseignement-superieur","tag-mobilisation","tag-slider","tag-universite","col-md-4 col-sm-4"],"featured_image_src":"https:\/\/solidaires-etudiant-e-s.org\/site\/wp-content\/uploads\/2014\/12\/engreve1.png","author_info":{"display_name":"Solidaires \u00e9tudiant-e-s","author_link":false},"yoast_head":"<!-- This site is optimized with the Yoast SEO plugin v27.5 - https:\/\/yoast.com\/product\/yoast-seo-wordpress\/ -->\n<title>Enseignement Sup\u00e9rieur et Recherche, les chiffres sont dramatiques, la situation l&#039;est encore plus - Solidaires \u00e9tudiant-e-s<\/title>\n<meta name=\"robots\" content=\"index, follow, max-snippet:-1, max-image-preview:large, max-video-preview:-1\" \/>\n<link rel=\"canonical\" href=\"https:\/\/solidaires-etudiant-e-s.org\/site\/2014\/12\/14\/enseignement-superieur-et-recherche-les-chiffres-sont-dramatiques-la-situation-lest-encore-plus\/\" \/>\n<meta property=\"og:locale\" content=\"fr_FR\" \/>\n<meta property=\"og:type\" content=\"article\" \/>\n<meta property=\"og:title\" content=\"Enseignement Sup\u00e9rieur et Recherche, les chiffres sont dramatiques, la situation l&#039;est encore plus - Solidaires \u00e9tudiant-e-s\" \/>\n<meta property=\"og:description\" content=\"La situation des universit\u00e9s aujourd&rsquo;hui est catastrophique. Si le gouvernement annonce avoir [&hellip;]\" \/>\n<meta property=\"og:url\" content=\"https:\/\/solidaires-etudiant-e-s.org\/site\/2014\/12\/14\/enseignement-superieur-et-recherche-les-chiffres-sont-dramatiques-la-situation-lest-encore-plus\/\" \/>\n<meta property=\"og:site_name\" content=\"Solidaires \u00e9tudiant-e-s\" \/>\n<meta property=\"article:publisher\" content=\"https:\/\/www.facebook.com\/solidairesetudiantes\" \/>\n<meta property=\"article:author\" content=\"https:\/\/www.facebook.com\/solidairesetudiantes\" \/>\n<meta property=\"article:published_time\" content=\"2014-12-14T17:24:57+00:00\" \/>\n<meta property=\"og:image\" content=\"https:\/\/solidaires-etudiant-e-s.org\/site\/wp-content\/uploads\/2014\/12\/engreve1.png\" \/>\n\t<meta property=\"og:image:width\" content=\"750\" \/>\n\t<meta property=\"og:image:height\" content=\"575\" \/>\n\t<meta property=\"og:image:type\" content=\"image\/png\" \/>\n<meta name=\"author\" content=\"Solidaires \u00e9tudiant-e-s\" \/>\n<meta name=\"twitter:card\" content=\"summary_large_image\" \/>\n<meta name=\"twitter:creator\" content=\"@SolidairesEtu\" \/>\n<meta name=\"twitter:site\" content=\"@SolidairesEtu\" \/>\n<meta name=\"twitter:label1\" content=\"\u00c9crit par\" \/>\n\t<meta name=\"twitter:data1\" content=\"Solidaires \u00e9tudiant-e-s\" \/>\n\t<meta name=\"twitter:label2\" content=\"Dur\u00e9e de lecture estim\u00e9e\" \/>\n\t<meta name=\"twitter:data2\" content=\"1 minute\" \/>\n<script type=\"application\/ld+json\" class=\"yoast-schema-graph\">{\"@context\":\"https:\\\/\\\/schema.org\",\"@graph\":[{\"@type\":\"Article\",\"@id\":\"https:\\\/\\\/solidaires-etudiant-e-s.org\\\/site\\\/2014\\\/12\\\/14\\\/enseignement-superieur-et-recherche-les-chiffres-sont-dramatiques-la-situation-lest-encore-plus\\\/#article\",\"isPartOf\":{\"@id\":\"https:\\\/\\\/solidaires-etudiant-e-s.org\\\/site\\\/2014\\\/12\\\/14\\\/enseignement-superieur-et-recherche-les-chiffres-sont-dramatiques-la-situation-lest-encore-plus\\\/\"},\"author\":{\"name\":\"Solidaires \u00e9tudiant-e-s\",\"@id\":\"https:\\\/\\\/solidaires-etudiant-e-s.org\\\/site\\\/#\\\/schema\\\/person\\\/0efb3e0ff4e2f12b5a5abcd4352aa86c\"},\"headline\":\"Enseignement Sup\u00e9rieur et Recherche, les chiffres sont dramatiques, la situation l&#039;est encore plus\",\"datePublished\":\"2014-12-14T17:24:57+00:00\",\"mainEntityOfPage\":{\"@id\":\"https:\\\/\\\/solidaires-etudiant-e-s.org\\\/site\\\/2014\\\/12\\\/14\\\/enseignement-superieur-et-recherche-les-chiffres-sont-dramatiques-la-situation-lest-encore-plus\\\/\"},\"wordCount\":328,\"publisher\":{\"@id\":\"https:\\\/\\\/solidaires-etudiant-e-s.org\\\/site\\\/#organization\"},\"image\":{\"@id\":\"https:\\\/\\\/solidaires-etudiant-e-s.org\\\/site\\\/2014\\\/12\\\/14\\\/enseignement-superieur-et-recherche-les-chiffres-sont-dramatiques-la-situation-lest-encore-plus\\\/#primaryimage\"},\"thumbnailUrl\":\"https:\\\/\\\/solidaires-etudiant-e-s.org\\\/site\\\/wp-content\\\/uploads\\\/2014\\\/12\\\/engreve1.png\",\"keywords\":[\"budget\",\"communiqu\u00e9s\",\"enseignement sup\u00e9rieur\",\"mobilisation\",\"slider\",\"universit\u00e9\"],\"articleSection\":[\"COMMUNIQUES NATIONAUX\",\"ENSEIGNEMENT SUPERIEUR\"],\"inLanguage\":\"fr-FR\"},{\"@type\":\"WebPage\",\"@id\":\"https:\\\/\\\/solidaires-etudiant-e-s.org\\\/site\\\/2014\\\/12\\\/14\\\/enseignement-superieur-et-recherche-les-chiffres-sont-dramatiques-la-situation-lest-encore-plus\\\/\",\"url\":\"https:\\\/\\\/solidaires-etudiant-e-s.org\\\/site\\\/2014\\\/12\\\/14\\\/enseignement-superieur-et-recherche-les-chiffres-sont-dramatiques-la-situation-lest-encore-plus\\\/\",\"name\":\"Enseignement Sup\u00e9rieur et Recherche, les chiffres sont dramatiques, la situation l&#039;est encore plus - Solidaires \u00e9tudiant-e-s\",\"isPartOf\":{\"@id\":\"https:\\\/\\\/solidaires-etudiant-e-s.org\\\/site\\\/#website\"},\"primaryImageOfPage\":{\"@id\":\"https:\\\/\\\/solidaires-etudiant-e-s.org\\\/site\\\/2014\\\/12\\\/14\\\/enseignement-superieur-et-recherche-les-chiffres-sont-dramatiques-la-situation-lest-encore-plus\\\/#primaryimage\"},\"image\":{\"@id\":\"https:\\\/\\\/solidaires-etudiant-e-s.org\\\/site\\\/2014\\\/12\\\/14\\\/enseignement-superieur-et-recherche-les-chiffres-sont-dramatiques-la-situation-lest-encore-plus\\\/#primaryimage\"},\"thumbnailUrl\":\"https:\\\/\\\/solidaires-etudiant-e-s.org\\\/site\\\/wp-content\\\/uploads\\\/2014\\\/12\\\/engreve1.png\",\"datePublished\":\"2014-12-14T17:24:57+00:00\",\"breadcrumb\":{\"@id\":\"https:\\\/\\\/solidaires-etudiant-e-s.org\\\/site\\\/2014\\\/12\\\/14\\\/enseignement-superieur-et-recherche-les-chiffres-sont-dramatiques-la-situation-lest-encore-plus\\\/#breadcrumb\"},\"inLanguage\":\"fr-FR\",\"potentialAction\":[{\"@type\":\"ReadAction\",\"target\":[\"https:\\\/\\\/solidaires-etudiant-e-s.org\\\/site\\\/2014\\\/12\\\/14\\\/enseignement-superieur-et-recherche-les-chiffres-sont-dramatiques-la-situation-lest-encore-plus\\\/\"]}]},{\"@type\":\"ImageObject\",\"inLanguage\":\"fr-FR\",\"@id\":\"https:\\\/\\\/solidaires-etudiant-e-s.org\\\/site\\\/2014\\\/12\\\/14\\\/enseignement-superieur-et-recherche-les-chiffres-sont-dramatiques-la-situation-lest-encore-plus\\\/#primaryimage\",\"url\":\"https:\\\/\\\/solidaires-etudiant-e-s.org\\\/site\\\/wp-content\\\/uploads\\\/2014\\\/12\\\/engreve1.png\",\"contentUrl\":\"https:\\\/\\\/solidaires-etudiant-e-s.org\\\/site\\\/wp-content\\\/uploads\\\/2014\\\/12\\\/engreve1.png\",\"width\":750,\"height\":575},{\"@type\":\"BreadcrumbList\",\"@id\":\"https:\\\/\\\/solidaires-etudiant-e-s.org\\\/site\\\/2014\\\/12\\\/14\\\/enseignement-superieur-et-recherche-les-chiffres-sont-dramatiques-la-situation-lest-encore-plus\\\/#breadcrumb\",\"itemListElement\":[{\"@type\":\"ListItem\",\"position\":1,\"name\":\"Accueil\",\"item\":\"https:\\\/\\\/solidaires-etudiant-e-s.org\\\/site\\\/\"},{\"@type\":\"ListItem\",\"position\":2,\"name\":\"Enseignement Sup\u00e9rieur et Recherche, les chiffres sont dramatiques, la situation l&#039;est encore plus\"}]},{\"@type\":\"WebSite\",\"@id\":\"https:\\\/\\\/solidaires-etudiant-e-s.org\\\/site\\\/#website\",\"url\":\"https:\\\/\\\/solidaires-etudiant-e-s.org\\\/site\\\/\",\"name\":\"Solidaires \u00e9tudiant-e-s\",\"description\":\"Syndicats pour un enseignement sup\u00e9rieur gratuit, ouvert, et \u00e9mancipateur !\",\"publisher\":{\"@id\":\"https:\\\/\\\/solidaires-etudiant-e-s.org\\\/site\\\/#organization\"},\"potentialAction\":[{\"@type\":\"SearchAction\",\"target\":{\"@type\":\"EntryPoint\",\"urlTemplate\":\"https:\\\/\\\/solidaires-etudiant-e-s.org\\\/site\\\/?s={search_term_string}\"},\"query-input\":{\"@type\":\"PropertyValueSpecification\",\"valueRequired\":true,\"valueName\":\"search_term_string\"}}],\"inLanguage\":\"fr-FR\"},{\"@type\":\"Organization\",\"@id\":\"https:\\\/\\\/solidaires-etudiant-e-s.org\\\/site\\\/#organization\",\"name\":\"Solidaires \u00e9tudiant-e-s\",\"url\":\"https:\\\/\\\/solidaires-etudiant-e-s.org\\\/site\\\/\",\"logo\":{\"@type\":\"ImageObject\",\"inLanguage\":\"fr-FR\",\"@id\":\"https:\\\/\\\/solidaires-etudiant-e-s.org\\\/site\\\/#\\\/schema\\\/logo\\\/image\\\/\",\"url\":\"https:\\\/\\\/solidaires-etudiant-e-s.org\\\/site\\\/wp-content\\\/uploads\\\/2025\\\/12\\\/13-1.png\",\"contentUrl\":\"https:\\\/\\\/solidaires-etudiant-e-s.org\\\/site\\\/wp-content\\\/uploads\\\/2025\\\/12\\\/13-1.png\",\"width\":1181,\"height\":827,\"caption\":\"Solidaires \u00e9tudiant-e-s\"},\"image\":{\"@id\":\"https:\\\/\\\/solidaires-etudiant-e-s.org\\\/site\\\/#\\\/schema\\\/logo\\\/image\\\/\"},\"sameAs\":[\"https:\\\/\\\/www.facebook.com\\\/solidairesetudiantes\",\"https:\\\/\\\/x.com\\\/SolidairesEtu\",\"https:\\\/\\\/www.instagram.com\\\/solidairesetu\\\/\",\"https:\\\/\\\/bsky.app\\\/profile\\\/solidaires-etudiant-e-s.org\",\"https:\\\/\\\/mastodon.social\\\/@solidairesetu\",\"https:\\\/\\\/www.youtube.com\\\/channel\\\/UC_iZN9gmVAAnXbBM7wAWOag\"]},{\"@type\":\"Person\",\"@id\":\"https:\\\/\\\/solidaires-etudiant-e-s.org\\\/site\\\/#\\\/schema\\\/person\\\/0efb3e0ff4e2f12b5a5abcd4352aa86c\",\"name\":\"Solidaires \u00e9tudiant-e-s\",\"image\":{\"@type\":\"ImageObject\",\"inLanguage\":\"fr-FR\",\"@id\":\"https:\\\/\\\/solidaires-etudiant-e-s.org\\\/site\\\/wp-content\\\/uploads\\\/2020\\\/01\\\/logo-SESL-rond-512-96x96.png\",\"url\":\"https:\\\/\\\/solidaires-etudiant-e-s.org\\\/site\\\/wp-content\\\/uploads\\\/2020\\\/01\\\/logo-SESL-rond-512-96x96.png\",\"contentUrl\":\"https:\\\/\\\/solidaires-etudiant-e-s.org\\\/site\\\/wp-content\\\/uploads\\\/2020\\\/01\\\/logo-SESL-rond-512-96x96.png\",\"caption\":\"Solidaires \u00e9tudiant-e-s\"},\"sameAs\":[\"https:\\\/\\\/solidaires-etudiant.org\\\/site\",\"https:\\\/\\\/www.facebook.com\\\/solidairesetudiantes\",\"https:\\\/\\\/www.instagram.com\\\/solidairesetu\",\"https:\\\/\\\/x.com\\\/SolidairesEtu\",\"https:\\\/\\\/fr.wikipedia.org\\\/wiki\\\/Solidaires_tudiant-e-s\"]}]}<\/script>\n<!-- \/ Yoast SEO plugin. -->","yoast_head_json":{"title":"Enseignement Sup\u00e9rieur et Recherche, les chiffres sont dramatiques, la situation l&#039;est encore plus - Solidaires \u00e9tudiant-e-s","robots":{"index":"index","follow":"follow","max-snippet":"max-snippet:-1","max-image-preview":"max-image-preview:large","max-video-preview":"max-video-preview:-1"},"canonical":"https:\/\/solidaires-etudiant-e-s.org\/site\/2014\/12\/14\/enseignement-superieur-et-recherche-les-chiffres-sont-dramatiques-la-situation-lest-encore-plus\/","og_locale":"fr_FR","og_type":"article","og_title":"Enseignement Sup\u00e9rieur et Recherche, les chiffres sont dramatiques, la situation l&#039;est encore plus - Solidaires \u00e9tudiant-e-s","og_description":"La situation des universit\u00e9s aujourd&rsquo;hui est catastrophique. Si le gouvernement annonce avoir [&hellip;]","og_url":"https:\/\/solidaires-etudiant-e-s.org\/site\/2014\/12\/14\/enseignement-superieur-et-recherche-les-chiffres-sont-dramatiques-la-situation-lest-encore-plus\/","og_site_name":"Solidaires \u00e9tudiant-e-s","article_publisher":"https:\/\/www.facebook.com\/solidairesetudiantes","article_author":"https:\/\/www.facebook.com\/solidairesetudiantes","article_published_time":"2014-12-14T17:24:57+00:00","og_image":[{"width":750,"height":575,"url":"https:\/\/solidaires-etudiant-e-s.org\/site\/wp-content\/uploads\/2014\/12\/engreve1.png","type":"image\/png"}],"author":"Solidaires \u00e9tudiant-e-s","twitter_card":"summary_large_image","twitter_creator":"@SolidairesEtu","twitter_site":"@SolidairesEtu","twitter_misc":{"\u00c9crit par":"Solidaires \u00e9tudiant-e-s","Dur\u00e9e de lecture estim\u00e9e":"1 minute"},"schema":{"@context":"https:\/\/schema.org","@graph":[{"@type":"Article","@id":"https:\/\/solidaires-etudiant-e-s.org\/site\/2014\/12\/14\/enseignement-superieur-et-recherche-les-chiffres-sont-dramatiques-la-situation-lest-encore-plus\/#article","isPartOf":{"@id":"https:\/\/solidaires-etudiant-e-s.org\/site\/2014\/12\/14\/enseignement-superieur-et-recherche-les-chiffres-sont-dramatiques-la-situation-lest-encore-plus\/"},"author":{"name":"Solidaires \u00e9tudiant-e-s","@id":"https:\/\/solidaires-etudiant-e-s.org\/site\/#\/schema\/person\/0efb3e0ff4e2f12b5a5abcd4352aa86c"},"headline":"Enseignement Sup\u00e9rieur et Recherche, les chiffres sont dramatiques, la situation l&#039;est encore plus","datePublished":"2014-12-14T17:24:57+00:00","mainEntityOfPage":{"@id":"https:\/\/solidaires-etudiant-e-s.org\/site\/2014\/12\/14\/enseignement-superieur-et-recherche-les-chiffres-sont-dramatiques-la-situation-lest-encore-plus\/"},"wordCount":328,"publisher":{"@id":"https:\/\/solidaires-etudiant-e-s.org\/site\/#organization"},"image":{"@id":"https:\/\/solidaires-etudiant-e-s.org\/site\/2014\/12\/14\/enseignement-superieur-et-recherche-les-chiffres-sont-dramatiques-la-situation-lest-encore-plus\/#primaryimage"},"thumbnailUrl":"https:\/\/solidaires-etudiant-e-s.org\/site\/wp-content\/uploads\/2014\/12\/engreve1.png","keywords":["budget","communiqu\u00e9s","enseignement sup\u00e9rieur","mobilisation","slider","universit\u00e9"],"articleSection":["COMMUNIQUES NATIONAUX","ENSEIGNEMENT SUPERIEUR"],"inLanguage":"fr-FR"},{"@type":"WebPage","@id":"https:\/\/solidaires-etudiant-e-s.org\/site\/2014\/12\/14\/enseignement-superieur-et-recherche-les-chiffres-sont-dramatiques-la-situation-lest-encore-plus\/","url":"https:\/\/solidaires-etudiant-e-s.org\/site\/2014\/12\/14\/enseignement-superieur-et-recherche-les-chiffres-sont-dramatiques-la-situation-lest-encore-plus\/","name":"Enseignement Sup\u00e9rieur et Recherche, les chiffres sont dramatiques, la situation l&#039;est encore plus - Solidaires \u00e9tudiant-e-s","isPartOf":{"@id":"https:\/\/solidaires-etudiant-e-s.org\/site\/#website"},"primaryImageOfPage":{"@id":"https:\/\/solidaires-etudiant-e-s.org\/site\/2014\/12\/14\/enseignement-superieur-et-recherche-les-chiffres-sont-dramatiques-la-situation-lest-encore-plus\/#primaryimage"},"image":{"@id":"https:\/\/solidaires-etudiant-e-s.org\/site\/2014\/12\/14\/enseignement-superieur-et-recherche-les-chiffres-sont-dramatiques-la-situation-lest-encore-plus\/#primaryimage"},"thumbnailUrl":"https:\/\/solidaires-etudiant-e-s.org\/site\/wp-content\/uploads\/2014\/12\/engreve1.png","datePublished":"2014-12-14T17:24:57+00:00","breadcrumb":{"@id":"https:\/\/solidaires-etudiant-e-s.org\/site\/2014\/12\/14\/enseignement-superieur-et-recherche-les-chiffres-sont-dramatiques-la-situation-lest-encore-plus\/#breadcrumb"},"inLanguage":"fr-FR","potentialAction":[{"@type":"ReadAction","target":["https:\/\/solidaires-etudiant-e-s.org\/site\/2014\/12\/14\/enseignement-superieur-et-recherche-les-chiffres-sont-dramatiques-la-situation-lest-encore-plus\/"]}]},{"@type":"ImageObject","inLanguage":"fr-FR","@id":"https:\/\/solidaires-etudiant-e-s.org\/site\/2014\/12\/14\/enseignement-superieur-et-recherche-les-chiffres-sont-dramatiques-la-situation-lest-encore-plus\/#primaryimage","url":"https:\/\/solidaires-etudiant-e-s.org\/site\/wp-content\/uploads\/2014\/12\/engreve1.png","contentUrl":"https:\/\/solidaires-etudiant-e-s.org\/site\/wp-content\/uploads\/2014\/12\/engreve1.png","width":750,"height":575},{"@type":"BreadcrumbList","@id":"https:\/\/solidaires-etudiant-e-s.org\/site\/2014\/12\/14\/enseignement-superieur-et-recherche-les-chiffres-sont-dramatiques-la-situation-lest-encore-plus\/#breadcrumb","itemListElement":[{"@type":"ListItem","position":1,"name":"Accueil","item":"https:\/\/solidaires-etudiant-e-s.org\/site\/"},{"@type":"ListItem","position":2,"name":"Enseignement Sup\u00e9rieur et Recherche, les chiffres sont dramatiques, la situation l&#039;est encore plus"}]},{"@type":"WebSite","@id":"https:\/\/solidaires-etudiant-e-s.org\/site\/#website","url":"https:\/\/solidaires-etudiant-e-s.org\/site\/","name":"Solidaires \u00e9tudiant-e-s","description":"Syndicats pour un enseignement sup\u00e9rieur gratuit, ouvert, et \u00e9mancipateur !","publisher":{"@id":"https:\/\/solidaires-etudiant-e-s.org\/site\/#organization"},"potentialAction":[{"@type":"SearchAction","target":{"@type":"EntryPoint","urlTemplate":"https:\/\/solidaires-etudiant-e-s.org\/site\/?s={search_term_string}"},"query-input":{"@type":"PropertyValueSpecification","valueRequired":true,"valueName":"search_term_string"}}],"inLanguage":"fr-FR"},{"@type":"Organization","@id":"https:\/\/solidaires-etudiant-e-s.org\/site\/#organization","name":"Solidaires \u00e9tudiant-e-s","url":"https:\/\/solidaires-etudiant-e-s.org\/site\/","logo":{"@type":"ImageObject","inLanguage":"fr-FR","@id":"https:\/\/solidaires-etudiant-e-s.org\/site\/#\/schema\/logo\/image\/","url":"https:\/\/solidaires-etudiant-e-s.org\/site\/wp-content\/uploads\/2025\/12\/13-1.png","contentUrl":"https:\/\/solidaires-etudiant-e-s.org\/site\/wp-content\/uploads\/2025\/12\/13-1.png","width":1181,"height":827,"caption":"Solidaires \u00e9tudiant-e-s"},"image":{"@id":"https:\/\/solidaires-etudiant-e-s.org\/site\/#\/schema\/logo\/image\/"},"sameAs":["https:\/\/www.facebook.com\/solidairesetudiantes","https:\/\/x.com\/SolidairesEtu","https:\/\/www.instagram.com\/solidairesetu\/","https:\/\/bsky.app\/profile\/solidaires-etudiant-e-s.org","https:\/\/mastodon.social\/@solidairesetu","https:\/\/www.youtube.com\/channel\/UC_iZN9gmVAAnXbBM7wAWOag"]},{"@type":"Person","@id":"https:\/\/solidaires-etudiant-e-s.org\/site\/#\/schema\/person\/0efb3e0ff4e2f12b5a5abcd4352aa86c","name":"Solidaires \u00e9tudiant-e-s","image":{"@type":"ImageObject","inLanguage":"fr-FR","@id":"https:\/\/solidaires-etudiant-e-s.org\/site\/wp-content\/uploads\/2020\/01\/logo-SESL-rond-512-96x96.png","url":"https:\/\/solidaires-etudiant-e-s.org\/site\/wp-content\/uploads\/2020\/01\/logo-SESL-rond-512-96x96.png","contentUrl":"https:\/\/solidaires-etudiant-e-s.org\/site\/wp-content\/uploads\/2020\/01\/logo-SESL-rond-512-96x96.png","caption":"Solidaires \u00e9tudiant-e-s"},"sameAs":["https:\/\/solidaires-etudiant.org\/site","https:\/\/www.facebook.com\/solidairesetudiantes","https:\/\/www.instagram.com\/solidairesetu","https:\/\/x.com\/SolidairesEtu","https:\/\/fr.wikipedia.org\/wiki\/Solidaires_tudiant-e-s"]}]}},"_links":{"self":[{"href":"https:\/\/solidaires-etudiant-e-s.org\/site\/wp-json\/wp\/v2\/posts\/1686","targetHints":{"allow":["GET"]}}],"collection":[{"href":"https:\/\/solidaires-etudiant-e-s.org\/site\/wp-json\/wp\/v2\/posts"}],"about":[{"href":"https:\/\/solidaires-etudiant-e-s.org\/site\/wp-json\/wp\/v2\/types\/post"}],"author":[{"embeddable":true,"href":"https:\/\/solidaires-etudiant-e-s.org\/site\/wp-json\/wp\/v2\/users\/1"}],"replies":[{"embeddable":true,"href":"https:\/\/solidaires-etudiant-e-s.org\/site\/wp-json\/wp\/v2\/comments?post=1686"}],"version-history":[{"count":0,"href":"https:\/\/solidaires-etudiant-e-s.org\/site\/wp-json\/wp\/v2\/posts\/1686\/revisions"}],"wp:featuredmedia":[{"embeddable":true,"href":"https:\/\/solidaires-etudiant-e-s.org\/site\/wp-json\/wp\/v2\/media\/1689"}],"wp:attachment":[{"href":"https:\/\/solidaires-etudiant-e-s.org\/site\/wp-json\/wp\/v2\/media?parent=1686"}],"wp:term":[{"taxonomy":"category","embeddable":true,"href":"https:\/\/solidaires-etudiant-e-s.org\/site\/wp-json\/wp\/v2\/categories?post=1686"},{"taxonomy":"post_tag","embeddable":true,"href":"https:\/\/solidaires-etudiant-e-s.org\/site\/wp-json\/wp\/v2\/tags?post=1686"}],"curies":[{"name":"wp","href":"https:\/\/api.w.org\/{rel}","templated":true}]}}