{"id":1599,"date":"2014-11-13T19:40:18","date_gmt":"2014-11-13T18:40:18","guid":{"rendered":"http:\/\/www.solidaires-etudiant.org\/?p=1599"},"modified":"2014-11-13T19:40:18","modified_gmt":"2014-11-13T18:40:18","slug":"elections-crous-2014-votons-pour-les-listes-solidaires-etudiant-e-s","status":"publish","type":"post","link":"https:\/\/solidaires-etudiant-e-s.org\/site\/2014\/11\/13\/elections-crous-2014-votons-pour-les-listes-solidaires-etudiant-e-s\/","title":{"rendered":"Elections CROUS 2014 : R\u00e9sultats des listes Solidaires Etudiant-e-s !"},"content":{"rendered":"<p><a href=\"http:\/\/www.solidaires-etudiant.org\/wp-content\/uploads\/2014\/11\/Capture-d\u2019\u00e9cran-42.png\"><img loading=\"lazy\" decoding=\"async\" class=\"aligncenter size-full wp-image-1631\" src=\"http:\/\/www.solidaires-etudiant.org\/wp-content\/uploads\/2014\/11\/Capture-d\u2019\u00e9cran-42.png\" alt=\"Capture d\u2019\u00e9cran (4)\" width=\"646\" height=\"558\" \/><\/a><br \/>\nParticipation nationale:<br \/>\nLa participation baisse de 0,5 point et s&rsquo;\u00e9l\u00e8ve \u00e0 8,5 %. Le participation est variable selon les r\u00e9gions et est tr\u00e8s g\u00e9n\u00e9ralement en baisse par rapport \u00e0 2012 notamment dans les grandes acad\u00e9- mies. Notons enfin qu&rsquo;il y a extr\u00eamement peu de listes non affili\u00e9es \u00e0 la FAGE, \u00e0 PDE, \u00e0 l&rsquo;UNEF, \u00e0 l&rsquo;UNI ou \u00e0 Solidaires (une petite dizaine si l&rsquo;on inclut l&rsquo;outre-mer).<br \/>\n&nbsp;<br \/>\nLa bipolarisation UNEF\/FAGE continue:<br \/>\nDans le paysage organisationnel \u00e9tudiant, l&rsquo;UNEF stagne (perte de 2 si\u00e8ges \u00e0 77 si\u00e8ges). La FAGE progresse tr\u00e8s fortement en gagnant 13 si\u00e8ges \u00e0 70 si\u00e8ges. Mais ce chiffre est en-de\u00e7\u00e0 de son nombre r\u00e9el d&rsquo;\u00e9lu-e-s : sur les 30 \u00e9lu-e-s \u00ab divers \u00bb, 19 sont \u00e9lu-e-s sur des listes cor- poratives. L&rsquo;UNI perd un si\u00e8ge (14). PDE s&rsquo;effondre avec seulement 5 \u00e9lu-e-s sur des listes auto- nomes. La bipolarisation UNEF\/FAGE se renforce donc aux d\u00e9pens de PDE essentiellement. Au CNOUS, PDE devrait perdre sa repr\u00e9sentativit\u00e9, l&rsquo;UNEF et la FAGE se partageant les 8 si\u00e8ges \u00e0 parts \u00e9gales.<br \/>\n&nbsp;<br \/>\n&nbsp;<br \/>\n<strong>Les \u00e9lections CROUS ne sont en rien d\u00e9cisives pour une r\u00e9elle prise en charge sociale. Nous appelons \u00e0 se mobiliser pour d\u00e9fendre un CROUS de qualit\u00e9 100% public!<\/strong><br \/>\n&nbsp;<br \/>\npour rappel, voici notre communiqu\u00e9 d&rsquo;appel \u00e0 vote avec nos revendications:<br \/>\nEntre le 17 et le 28 novembre prochain, nous serons invit\u00e9-e-s \u00e0 \u00e9lire les repr\u00e9sentant-es \u00e9tudiant-es au Conseil d\u2019Administration des CROUS pour les 2 ann\u00e9es \u00e0 venir. Les CROUS g\u00e8rent l&rsquo;essentiel de la politique publique concernant les aides sociales \u00e9tudiantes, le logement, la culture ou encore la restauration \u00e9tudiante.<br \/>\nLa pr\u00e9carit\u00e9 \u00e9tudiante est une r\u00e9alit\u00e9. Le salariat contraint, les difficult\u00e9s \u00e0 se loger, l&rsquo;insuffisance du syst\u00e8me de bourse&#8230; sont autant d\u2019\u00e9l\u00e9ments faisant partie de notre quotidien. Les gouvernements successifs n&rsquo;ont eu comme r\u00e9ponses que des \u00ab\u00a0politiques d&rsquo;aust\u00e9rit\u00e9\u00a0\u00bb, de d\u00e9sengagement financier et de privatisation rampante des CROUS, accompagn\u00e9es de quelques mesures bien insuffisantes (10\u00e8me mois de bourse, financement des boursier-e-s \u00e9chelon 0, cr\u00e9ation d&rsquo;un \u00e9chelon 7&#8230;). A l&rsquo;inverse, Solidaires \u00c9tudiant-e-s promeut une politique toute autre, permettant l\u2019acc\u00e8s \u00e0 un logement, \u00e0 une restauration de qualit\u00e9, \u00e0 des aides sociales suffisantes pour toutes et tous les \u00e9tudiant-es.<br \/>\nCertaines listes promettent des changements radicaux si elles sont \u00e9lues. Pourtant ces m\u00eame listes si\u00e8gent dans les CROUS et au niveau national, au CNOUS, depuis des ann\u00e9es, sans effet. Dans les Conseil d&rsquo;Administration du CROUS et au CNOUS, m\u00eame si tou-te-s les repr\u00e9sentant-e-s des personnels et des \u00e9tudiant-e-s se mettent d\u2019accord ils sont quand m\u00eame minoritaires face \u00e0 l\u2019administration qui vote en bloc avec le recteur qui lui-m\u00eame applique les directives du gouvernement.<br \/>\nSi nous ne pensons pas obtenir des avanc\u00e9es majeures par le biais des institutions, nous pensons toutefois que si\u00e9ger nous permet de d\u00e9fendre certains droits \u00e9tudiants et surtout d\u2019obtenir des informations sur les contre-r\u00e9formes qui menacent, et notamment les projets de restructuration du CROUS dans une logique lib\u00e9rale.<\/p>\n<h2><strong>Se loger est un droit !<\/strong><\/h2>\n<p>Le logement \u00e9tudiant est actuellement bas\u00e9 quasi-exclusivement sur l\u2019offre priv\u00e9e avec ses prix \u00e9lev\u00e9s et ses \u00ab\u00a0marchands de sommeil\u00a0\u00bb. A peine 7% des \u00e9tudiant-e-s b\u00e9n\u00e9ficient d&rsquo;un logement en r\u00e9sidence universitaire. Cette situation d\u00e9plorable place les \u00e9tudiant-e-s dans des situations de pr\u00e9carit\u00e9 et d\u2019extr\u00eame d\u00e9pendance vis-\u00e0-vis de leurs parents et implique de profondes in\u00e9galit\u00e9s entre \u00e9tudiant-e-s.<br \/>\nNous revendiquons la fixation des loyers en r\u00e9sidence universitaire au niveau national. Les prix des loyers doivent devenir marginaux dans le budget des \u00e9tudiant-e-s. Nous luttons pour la construction massive de nouveaux logements pour tou-te-s (accessibles aux handicap\u00e9-e-s), la r\u00e9novation des cit\u00e9s U insalubres, l\u2019agrandissement des chambres ainsi que la r\u00e9int\u00e9gration dans le domaine public des r\u00e9sidences universitaires priv\u00e9es et la r\u00e9quisition des logements vides.<\/p>\n<h2>Aides sociales : o\u00f9 est le changement ?<\/h2>\n<p>La pr\u00e9carit\u00e9 \u00e9tudiante s&rsquo;est d\u00e9velopp\u00e9e ces derni\u00e8res ann\u00e9es, renforc\u00e9e par la crise \u00e9conomique et sociale. \u00c0 l\u2019instar d\u2019autres services publics, le CROUS n\u2019\u00e9chappe pas \u00e0 la logique de d\u00e9sengagement financier de l\u2019\u00c9tat.<br \/>\nLe syst\u00e8me de bourses sur crit\u00e8res sociaux est loin de pallier aux in\u00e9galit\u00e9s \u00e9conomiques entre \u00e9tudiant-e-s. Alors que certaines listes glosent sur la non-suppression de bourses \u00ab\u00a0au m\u00e9rite\u00a0\u00bb qui concerne 7000 \u00e9tudiant-e-s (soit 0,003% d&rsquo;entre nous), Solidaires Etudiant-e-s rappelle que les bourses, m\u00eame les plus \u00e9lev\u00e9es, ne permettent pas aux \u00e9tudiant-e-s de vivre au-dessus du seuil de pauvret\u00e9 s&rsquo;ils\/elles ne disposent pas d&rsquo;aides familiales ou d&rsquo;un emploi salari\u00e9, et cela malgr\u00e9 les derni\u00e8res annonces du gouvernement.<br \/>\n<strong>Nous revendiquons dans l&rsquo;imm\u00e9diat :<\/strong><br \/>\n&#8211; L\u2019augmentation en quantit\u00e9 et en montant des bourses sur crit\u00e8res sociaux permettant aux \u00e9tudiant-e-s de vivre au-dessus du seuil de pauvret\u00e9;<br \/>\n&#8211; L\u2019\u00e9largissement de l\u2019acc\u00e8s aux bourses \u00e0 l&rsquo;ensemble des \u00e9tudiant-e-s quelles que soient leur formation et leur nationalit\u00e9;<br \/>\n&#8211; Le versement dans les temps et sur 12 mois des bourses;<br \/>\n&#8211; La gratuit\u00e9 des transports et des frais d&rsquo;inscription ;<br \/>\n\u00c0 terme, nous militons pour un salaire socialis\u00e9 pour tou-te-s les \u00e9tudiant-e-s, permettant \u00e0 chacun-e- d\u2019\u00e9tudier.<\/p>\n<h2>Manger ne doit plus \u00eatre un luxe !<\/h2>\n<p>En ce qui concerne la restauration, le d\u00e9sengagement de l&rsquo;\u00c9tat s\u2019est traduit ces dix derni\u00e8res ann\u00e9es par une baisse cons\u00e9quente de la prise en charge par l\u2019\u00c9tat du prix du ticket RU. Pour les \u00e9tudiant-e-s, cela a engendr\u00e9 une augmentation de 33% du prix d\u2019un repas au restaurant universitaire : de 2,40\u20ac en 2002, le co\u00fbt d\u2019un repas s\u2019\u00e9l\u00e8ve dor\u00e9navant \u00e0 3,20\u20ac. Cette hausse va de pair avec une baisse de la qualit\u00e9 et de la quantit\u00e9 des repas et avec la d\u00e9gradation des conditions de travail des personnels. Nous exigeons de l\u2019\u00c9tat un r\u00e9investissement massif dans les services de restauration universitaire et la titularisation et la fonctionnarisation de tou-te-s les salari\u00e9-e-s qui travaillent en leur sein.<\/p>\n<p style=\"text-align: center;\"><strong>VOTONS POUR LES LISTES SOLIDAIRES \u00c9TUDIANT-E-S<\/strong><\/p>\n<p style=\"text-align: center;\"><strong>\u00e0 Grenoble le 17 novembre<\/strong><br \/>\n<strong>\u00e0 Nantes le 18 novembre<\/strong><br \/>\n<strong>\u00e0 Paris et Cr\u00e9teil le 19 novembre <\/strong><br \/>\n<strong>\u00e0 Orl\u00e9ans, Montpellier et Toulouse le 25 novembre<\/strong><br \/>\n<strong>\u00e0 Bordeaux, Pau et Lille le 27 novembre<\/strong><\/p>\n","protected":false},"excerpt":{"rendered":"<p>Participation nationale: La participation baisse de 0,5 point et s&rsquo;\u00e9l\u00e8ve \u00e0 8,5 [&hellip;]<\/p>\n","protected":false},"author":1,"featured_media":1600,"comment_status":"closed","ping_status":"closed","sticky":false,"template":"","format":"standard","meta":{"cybocfi_hide_featured_image":"","footnotes":""},"categories":[1],"tags":[92,113,226,308,374,453,454,714,904,1049,1060],"class_list":["post-1599","post","type-post","status-publish","format-standard","has-post-thumbnail","hentry","category-uncategorized","tag-academie","tag-aides-sociales","tag-bourses","tag-communiques-2","tag-crous","tag-elections","tag-elections-crous","tag-logement","tag-privatisation","tag-slider","tag-solidaires","col-md-4 col-sm-4"],"featured_image_src":"https:\/\/solidaires-etudiant-e-s.org\/site\/wp-content\/uploads\/2014\/11\/CROUS-federal-page001-e1416163509379.png","author_info":{"display_name":"Solidaires \u00e9tudiant-e-s","author_link":false},"yoast_head":"<!-- This site is optimized with the Yoast SEO plugin v27.4 - https:\/\/yoast.com\/product\/yoast-seo-wordpress\/ -->\n<title>Elections CROUS 2014 : R\u00e9sultats des listes Solidaires Etudiant-e-s ! - Solidaires \u00e9tudiant-e-s<\/title>\n<meta name=\"robots\" content=\"index, follow, max-snippet:-1, max-image-preview:large, max-video-preview:-1\" \/>\n<link rel=\"canonical\" href=\"https:\/\/solidaires-etudiant-e-s.org\/site\/2014\/11\/13\/elections-crous-2014-votons-pour-les-listes-solidaires-etudiant-e-s\/\" \/>\n<meta property=\"og:locale\" content=\"fr_FR\" \/>\n<meta property=\"og:type\" content=\"article\" \/>\n<meta property=\"og:title\" content=\"Elections CROUS 2014 : R\u00e9sultats des listes Solidaires Etudiant-e-s ! - Solidaires \u00e9tudiant-e-s\" \/>\n<meta property=\"og:description\" content=\"Participation nationale: La participation baisse de 0,5 point et s&rsquo;\u00e9l\u00e8ve \u00e0 8,5 [&hellip;]\" \/>\n<meta property=\"og:url\" content=\"https:\/\/solidaires-etudiant-e-s.org\/site\/2014\/11\/13\/elections-crous-2014-votons-pour-les-listes-solidaires-etudiant-e-s\/\" \/>\n<meta property=\"og:site_name\" content=\"Solidaires \u00e9tudiant-e-s\" \/>\n<meta property=\"article:publisher\" content=\"https:\/\/www.facebook.com\/solidairesetudiantes\" \/>\n<meta property=\"article:author\" content=\"https:\/\/www.facebook.com\/solidairesetudiantes\" \/>\n<meta property=\"article:published_time\" content=\"2014-11-13T18:40:18+00:00\" \/>\n<meta property=\"og:image\" content=\"https:\/\/solidaires-etudiant-e-s.org\/site\/wp-content\/uploads\/2014\/11\/CROUS-federal-page001-e1416163509379.png\" \/>\n\t<meta property=\"og:image:width\" content=\"560\" \/>\n\t<meta property=\"og:image:height\" content=\"213\" \/>\n\t<meta property=\"og:image:type\" content=\"image\/png\" \/>\n<meta name=\"author\" content=\"Solidaires \u00e9tudiant-e-s\" \/>\n<meta name=\"twitter:card\" content=\"summary_large_image\" \/>\n<meta name=\"twitter:creator\" content=\"@SolidairesEtu\" \/>\n<meta name=\"twitter:site\" content=\"@SolidairesEtu\" \/>\n<meta name=\"twitter:label1\" content=\"\u00c9crit par\" \/>\n\t<meta name=\"twitter:data1\" content=\"Solidaires \u00e9tudiant-e-s\" \/>\n\t<meta name=\"twitter:label2\" content=\"Dur\u00e9e de lecture estim\u00e9e\" \/>\n\t<meta name=\"twitter:data2\" content=\"5 minutes\" \/>\n<script type=\"application\/ld+json\" class=\"yoast-schema-graph\">{\"@context\":\"https:\\\/\\\/schema.org\",\"@graph\":[{\"@type\":\"Article\",\"@id\":\"https:\\\/\\\/solidaires-etudiant-e-s.org\\\/site\\\/2014\\\/11\\\/13\\\/elections-crous-2014-votons-pour-les-listes-solidaires-etudiant-e-s\\\/#article\",\"isPartOf\":{\"@id\":\"https:\\\/\\\/solidaires-etudiant-e-s.org\\\/site\\\/2014\\\/11\\\/13\\\/elections-crous-2014-votons-pour-les-listes-solidaires-etudiant-e-s\\\/\"},\"author\":{\"name\":\"Solidaires \u00e9tudiant-e-s\",\"@id\":\"https:\\\/\\\/solidaires-etudiant-e-s.org\\\/site\\\/#\\\/schema\\\/person\\\/0efb3e0ff4e2f12b5a5abcd4352aa86c\"},\"headline\":\"Elections CROUS 2014 : R\u00e9sultats des listes Solidaires Etudiant-e-s !\",\"datePublished\":\"2014-11-13T18:40:18+00:00\",\"mainEntityOfPage\":{\"@id\":\"https:\\\/\\\/solidaires-etudiant-e-s.org\\\/site\\\/2014\\\/11\\\/13\\\/elections-crous-2014-votons-pour-les-listes-solidaires-etudiant-e-s\\\/\"},\"wordCount\":1056,\"publisher\":{\"@id\":\"https:\\\/\\\/solidaires-etudiant-e-s.org\\\/site\\\/#organization\"},\"image\":{\"@id\":\"https:\\\/\\\/solidaires-etudiant-e-s.org\\\/site\\\/2014\\\/11\\\/13\\\/elections-crous-2014-votons-pour-les-listes-solidaires-etudiant-e-s\\\/#primaryimage\"},\"thumbnailUrl\":\"https:\\\/\\\/solidaires-etudiant-e-s.org\\\/site\\\/wp-content\\\/uploads\\\/2014\\\/11\\\/CROUS-federal-page001-e1416163509379.png\",\"keywords\":[\"acad\u00e9mie\",\"aides sociales\",\"bourses\",\"communiqu\u00e9s\",\"crous\",\"\u00e9lections\",\"\u00e9lections CROUS\",\"logement\",\"privatisation\",\"slider\",\"solidaires\"],\"articleSection\":[\"Uncategorized\"],\"inLanguage\":\"fr-FR\"},{\"@type\":\"WebPage\",\"@id\":\"https:\\\/\\\/solidaires-etudiant-e-s.org\\\/site\\\/2014\\\/11\\\/13\\\/elections-crous-2014-votons-pour-les-listes-solidaires-etudiant-e-s\\\/\",\"url\":\"https:\\\/\\\/solidaires-etudiant-e-s.org\\\/site\\\/2014\\\/11\\\/13\\\/elections-crous-2014-votons-pour-les-listes-solidaires-etudiant-e-s\\\/\",\"name\":\"Elections CROUS 2014 : R\u00e9sultats des listes Solidaires Etudiant-e-s ! - Solidaires \u00e9tudiant-e-s\",\"isPartOf\":{\"@id\":\"https:\\\/\\\/solidaires-etudiant-e-s.org\\\/site\\\/#website\"},\"primaryImageOfPage\":{\"@id\":\"https:\\\/\\\/solidaires-etudiant-e-s.org\\\/site\\\/2014\\\/11\\\/13\\\/elections-crous-2014-votons-pour-les-listes-solidaires-etudiant-e-s\\\/#primaryimage\"},\"image\":{\"@id\":\"https:\\\/\\\/solidaires-etudiant-e-s.org\\\/site\\\/2014\\\/11\\\/13\\\/elections-crous-2014-votons-pour-les-listes-solidaires-etudiant-e-s\\\/#primaryimage\"},\"thumbnailUrl\":\"https:\\\/\\\/solidaires-etudiant-e-s.org\\\/site\\\/wp-content\\\/uploads\\\/2014\\\/11\\\/CROUS-federal-page001-e1416163509379.png\",\"datePublished\":\"2014-11-13T18:40:18+00:00\",\"breadcrumb\":{\"@id\":\"https:\\\/\\\/solidaires-etudiant-e-s.org\\\/site\\\/2014\\\/11\\\/13\\\/elections-crous-2014-votons-pour-les-listes-solidaires-etudiant-e-s\\\/#breadcrumb\"},\"inLanguage\":\"fr-FR\",\"potentialAction\":[{\"@type\":\"ReadAction\",\"target\":[\"https:\\\/\\\/solidaires-etudiant-e-s.org\\\/site\\\/2014\\\/11\\\/13\\\/elections-crous-2014-votons-pour-les-listes-solidaires-etudiant-e-s\\\/\"]}]},{\"@type\":\"ImageObject\",\"inLanguage\":\"fr-FR\",\"@id\":\"https:\\\/\\\/solidaires-etudiant-e-s.org\\\/site\\\/2014\\\/11\\\/13\\\/elections-crous-2014-votons-pour-les-listes-solidaires-etudiant-e-s\\\/#primaryimage\",\"url\":\"https:\\\/\\\/solidaires-etudiant-e-s.org\\\/site\\\/wp-content\\\/uploads\\\/2014\\\/11\\\/CROUS-federal-page001-e1416163509379.png\",\"contentUrl\":\"https:\\\/\\\/solidaires-etudiant-e-s.org\\\/site\\\/wp-content\\\/uploads\\\/2014\\\/11\\\/CROUS-federal-page001-e1416163509379.png\",\"width\":560,\"height\":213},{\"@type\":\"BreadcrumbList\",\"@id\":\"https:\\\/\\\/solidaires-etudiant-e-s.org\\\/site\\\/2014\\\/11\\\/13\\\/elections-crous-2014-votons-pour-les-listes-solidaires-etudiant-e-s\\\/#breadcrumb\",\"itemListElement\":[{\"@type\":\"ListItem\",\"position\":1,\"name\":\"Accueil\",\"item\":\"https:\\\/\\\/solidaires-etudiant-e-s.org\\\/site\\\/\"},{\"@type\":\"ListItem\",\"position\":2,\"name\":\"Elections CROUS 2014 : R\u00e9sultats des listes Solidaires Etudiant-e-s !\"}]},{\"@type\":\"WebSite\",\"@id\":\"https:\\\/\\\/solidaires-etudiant-e-s.org\\\/site\\\/#website\",\"url\":\"https:\\\/\\\/solidaires-etudiant-e-s.org\\\/site\\\/\",\"name\":\"Solidaires \u00e9tudiant-e-s\",\"description\":\"Syndicats pour un enseignement sup\u00e9rieur gratuit, ouvert, et \u00e9mancipateur !\",\"publisher\":{\"@id\":\"https:\\\/\\\/solidaires-etudiant-e-s.org\\\/site\\\/#organization\"},\"potentialAction\":[{\"@type\":\"SearchAction\",\"target\":{\"@type\":\"EntryPoint\",\"urlTemplate\":\"https:\\\/\\\/solidaires-etudiant-e-s.org\\\/site\\\/?s={search_term_string}\"},\"query-input\":{\"@type\":\"PropertyValueSpecification\",\"valueRequired\":true,\"valueName\":\"search_term_string\"}}],\"inLanguage\":\"fr-FR\"},{\"@type\":\"Organization\",\"@id\":\"https:\\\/\\\/solidaires-etudiant-e-s.org\\\/site\\\/#organization\",\"name\":\"Solidaires \u00e9tudiant-e-s\",\"url\":\"https:\\\/\\\/solidaires-etudiant-e-s.org\\\/site\\\/\",\"logo\":{\"@type\":\"ImageObject\",\"inLanguage\":\"fr-FR\",\"@id\":\"https:\\\/\\\/solidaires-etudiant-e-s.org\\\/site\\\/#\\\/schema\\\/logo\\\/image\\\/\",\"url\":\"https:\\\/\\\/solidaires-etudiant-e-s.org\\\/site\\\/wp-content\\\/uploads\\\/2025\\\/12\\\/13-1.png\",\"contentUrl\":\"https:\\\/\\\/solidaires-etudiant-e-s.org\\\/site\\\/wp-content\\\/uploads\\\/2025\\\/12\\\/13-1.png\",\"width\":1181,\"height\":827,\"caption\":\"Solidaires \u00e9tudiant-e-s\"},\"image\":{\"@id\":\"https:\\\/\\\/solidaires-etudiant-e-s.org\\\/site\\\/#\\\/schema\\\/logo\\\/image\\\/\"},\"sameAs\":[\"https:\\\/\\\/www.facebook.com\\\/solidairesetudiantes\",\"https:\\\/\\\/x.com\\\/SolidairesEtu\",\"https:\\\/\\\/www.instagram.com\\\/solidairesetu\\\/\",\"https:\\\/\\\/bsky.app\\\/profile\\\/solidaires-etudiant-e-s.org\",\"https:\\\/\\\/mastodon.social\\\/@solidairesetu\",\"https:\\\/\\\/www.youtube.com\\\/channel\\\/UC_iZN9gmVAAnXbBM7wAWOag\"]},{\"@type\":\"Person\",\"@id\":\"https:\\\/\\\/solidaires-etudiant-e-s.org\\\/site\\\/#\\\/schema\\\/person\\\/0efb3e0ff4e2f12b5a5abcd4352aa86c\",\"name\":\"Solidaires \u00e9tudiant-e-s\",\"image\":{\"@type\":\"ImageObject\",\"inLanguage\":\"fr-FR\",\"@id\":\"https:\\\/\\\/solidaires-etudiant-e-s.org\\\/site\\\/wp-content\\\/uploads\\\/2020\\\/01\\\/logo-SESL-rond-512-96x96.png\",\"url\":\"https:\\\/\\\/solidaires-etudiant-e-s.org\\\/site\\\/wp-content\\\/uploads\\\/2020\\\/01\\\/logo-SESL-rond-512-96x96.png\",\"contentUrl\":\"https:\\\/\\\/solidaires-etudiant-e-s.org\\\/site\\\/wp-content\\\/uploads\\\/2020\\\/01\\\/logo-SESL-rond-512-96x96.png\",\"caption\":\"Solidaires \u00e9tudiant-e-s\"},\"sameAs\":[\"https:\\\/\\\/solidaires-etudiant.org\\\/site\",\"https:\\\/\\\/www.facebook.com\\\/solidairesetudiantes\",\"https:\\\/\\\/www.instagram.com\\\/solidairesetu\",\"https:\\\/\\\/x.com\\\/SolidairesEtu\",\"https:\\\/\\\/fr.wikipedia.org\\\/wiki\\\/Solidaires_tudiant-e-s\"]}]}<\/script>\n<!-- \/ Yoast SEO plugin. -->","yoast_head_json":{"title":"Elections CROUS 2014 : R\u00e9sultats des listes Solidaires Etudiant-e-s ! - Solidaires \u00e9tudiant-e-s","robots":{"index":"index","follow":"follow","max-snippet":"max-snippet:-1","max-image-preview":"max-image-preview:large","max-video-preview":"max-video-preview:-1"},"canonical":"https:\/\/solidaires-etudiant-e-s.org\/site\/2014\/11\/13\/elections-crous-2014-votons-pour-les-listes-solidaires-etudiant-e-s\/","og_locale":"fr_FR","og_type":"article","og_title":"Elections CROUS 2014 : R\u00e9sultats des listes Solidaires Etudiant-e-s ! - Solidaires \u00e9tudiant-e-s","og_description":"Participation nationale: La participation baisse de 0,5 point et s&rsquo;\u00e9l\u00e8ve \u00e0 8,5 [&hellip;]","og_url":"https:\/\/solidaires-etudiant-e-s.org\/site\/2014\/11\/13\/elections-crous-2014-votons-pour-les-listes-solidaires-etudiant-e-s\/","og_site_name":"Solidaires \u00e9tudiant-e-s","article_publisher":"https:\/\/www.facebook.com\/solidairesetudiantes","article_author":"https:\/\/www.facebook.com\/solidairesetudiantes","article_published_time":"2014-11-13T18:40:18+00:00","og_image":[{"width":560,"height":213,"url":"https:\/\/solidaires-etudiant-e-s.org\/site\/wp-content\/uploads\/2014\/11\/CROUS-federal-page001-e1416163509379.png","type":"image\/png"}],"author":"Solidaires \u00e9tudiant-e-s","twitter_card":"summary_large_image","twitter_creator":"@SolidairesEtu","twitter_site":"@SolidairesEtu","twitter_misc":{"\u00c9crit par":"Solidaires \u00e9tudiant-e-s","Dur\u00e9e de lecture estim\u00e9e":"5 minutes"},"schema":{"@context":"https:\/\/schema.org","@graph":[{"@type":"Article","@id":"https:\/\/solidaires-etudiant-e-s.org\/site\/2014\/11\/13\/elections-crous-2014-votons-pour-les-listes-solidaires-etudiant-e-s\/#article","isPartOf":{"@id":"https:\/\/solidaires-etudiant-e-s.org\/site\/2014\/11\/13\/elections-crous-2014-votons-pour-les-listes-solidaires-etudiant-e-s\/"},"author":{"name":"Solidaires \u00e9tudiant-e-s","@id":"https:\/\/solidaires-etudiant-e-s.org\/site\/#\/schema\/person\/0efb3e0ff4e2f12b5a5abcd4352aa86c"},"headline":"Elections CROUS 2014 : R\u00e9sultats des listes Solidaires Etudiant-e-s !","datePublished":"2014-11-13T18:40:18+00:00","mainEntityOfPage":{"@id":"https:\/\/solidaires-etudiant-e-s.org\/site\/2014\/11\/13\/elections-crous-2014-votons-pour-les-listes-solidaires-etudiant-e-s\/"},"wordCount":1056,"publisher":{"@id":"https:\/\/solidaires-etudiant-e-s.org\/site\/#organization"},"image":{"@id":"https:\/\/solidaires-etudiant-e-s.org\/site\/2014\/11\/13\/elections-crous-2014-votons-pour-les-listes-solidaires-etudiant-e-s\/#primaryimage"},"thumbnailUrl":"https:\/\/solidaires-etudiant-e-s.org\/site\/wp-content\/uploads\/2014\/11\/CROUS-federal-page001-e1416163509379.png","keywords":["acad\u00e9mie","aides sociales","bourses","communiqu\u00e9s","crous","\u00e9lections","\u00e9lections CROUS","logement","privatisation","slider","solidaires"],"articleSection":["Uncategorized"],"inLanguage":"fr-FR"},{"@type":"WebPage","@id":"https:\/\/solidaires-etudiant-e-s.org\/site\/2014\/11\/13\/elections-crous-2014-votons-pour-les-listes-solidaires-etudiant-e-s\/","url":"https:\/\/solidaires-etudiant-e-s.org\/site\/2014\/11\/13\/elections-crous-2014-votons-pour-les-listes-solidaires-etudiant-e-s\/","name":"Elections CROUS 2014 : R\u00e9sultats des listes Solidaires Etudiant-e-s ! - Solidaires \u00e9tudiant-e-s","isPartOf":{"@id":"https:\/\/solidaires-etudiant-e-s.org\/site\/#website"},"primaryImageOfPage":{"@id":"https:\/\/solidaires-etudiant-e-s.org\/site\/2014\/11\/13\/elections-crous-2014-votons-pour-les-listes-solidaires-etudiant-e-s\/#primaryimage"},"image":{"@id":"https:\/\/solidaires-etudiant-e-s.org\/site\/2014\/11\/13\/elections-crous-2014-votons-pour-les-listes-solidaires-etudiant-e-s\/#primaryimage"},"thumbnailUrl":"https:\/\/solidaires-etudiant-e-s.org\/site\/wp-content\/uploads\/2014\/11\/CROUS-federal-page001-e1416163509379.png","datePublished":"2014-11-13T18:40:18+00:00","breadcrumb":{"@id":"https:\/\/solidaires-etudiant-e-s.org\/site\/2014\/11\/13\/elections-crous-2014-votons-pour-les-listes-solidaires-etudiant-e-s\/#breadcrumb"},"inLanguage":"fr-FR","potentialAction":[{"@type":"ReadAction","target":["https:\/\/solidaires-etudiant-e-s.org\/site\/2014\/11\/13\/elections-crous-2014-votons-pour-les-listes-solidaires-etudiant-e-s\/"]}]},{"@type":"ImageObject","inLanguage":"fr-FR","@id":"https:\/\/solidaires-etudiant-e-s.org\/site\/2014\/11\/13\/elections-crous-2014-votons-pour-les-listes-solidaires-etudiant-e-s\/#primaryimage","url":"https:\/\/solidaires-etudiant-e-s.org\/site\/wp-content\/uploads\/2014\/11\/CROUS-federal-page001-e1416163509379.png","contentUrl":"https:\/\/solidaires-etudiant-e-s.org\/site\/wp-content\/uploads\/2014\/11\/CROUS-federal-page001-e1416163509379.png","width":560,"height":213},{"@type":"BreadcrumbList","@id":"https:\/\/solidaires-etudiant-e-s.org\/site\/2014\/11\/13\/elections-crous-2014-votons-pour-les-listes-solidaires-etudiant-e-s\/#breadcrumb","itemListElement":[{"@type":"ListItem","position":1,"name":"Accueil","item":"https:\/\/solidaires-etudiant-e-s.org\/site\/"},{"@type":"ListItem","position":2,"name":"Elections CROUS 2014 : R\u00e9sultats des listes Solidaires Etudiant-e-s !"}]},{"@type":"WebSite","@id":"https:\/\/solidaires-etudiant-e-s.org\/site\/#website","url":"https:\/\/solidaires-etudiant-e-s.org\/site\/","name":"Solidaires \u00e9tudiant-e-s","description":"Syndicats pour un enseignement sup\u00e9rieur gratuit, ouvert, et \u00e9mancipateur !","publisher":{"@id":"https:\/\/solidaires-etudiant-e-s.org\/site\/#organization"},"potentialAction":[{"@type":"SearchAction","target":{"@type":"EntryPoint","urlTemplate":"https:\/\/solidaires-etudiant-e-s.org\/site\/?s={search_term_string}"},"query-input":{"@type":"PropertyValueSpecification","valueRequired":true,"valueName":"search_term_string"}}],"inLanguage":"fr-FR"},{"@type":"Organization","@id":"https:\/\/solidaires-etudiant-e-s.org\/site\/#organization","name":"Solidaires \u00e9tudiant-e-s","url":"https:\/\/solidaires-etudiant-e-s.org\/site\/","logo":{"@type":"ImageObject","inLanguage":"fr-FR","@id":"https:\/\/solidaires-etudiant-e-s.org\/site\/#\/schema\/logo\/image\/","url":"https:\/\/solidaires-etudiant-e-s.org\/site\/wp-content\/uploads\/2025\/12\/13-1.png","contentUrl":"https:\/\/solidaires-etudiant-e-s.org\/site\/wp-content\/uploads\/2025\/12\/13-1.png","width":1181,"height":827,"caption":"Solidaires \u00e9tudiant-e-s"},"image":{"@id":"https:\/\/solidaires-etudiant-e-s.org\/site\/#\/schema\/logo\/image\/"},"sameAs":["https:\/\/www.facebook.com\/solidairesetudiantes","https:\/\/x.com\/SolidairesEtu","https:\/\/www.instagram.com\/solidairesetu\/","https:\/\/bsky.app\/profile\/solidaires-etudiant-e-s.org","https:\/\/mastodon.social\/@solidairesetu","https:\/\/www.youtube.com\/channel\/UC_iZN9gmVAAnXbBM7wAWOag"]},{"@type":"Person","@id":"https:\/\/solidaires-etudiant-e-s.org\/site\/#\/schema\/person\/0efb3e0ff4e2f12b5a5abcd4352aa86c","name":"Solidaires \u00e9tudiant-e-s","image":{"@type":"ImageObject","inLanguage":"fr-FR","@id":"https:\/\/solidaires-etudiant-e-s.org\/site\/wp-content\/uploads\/2020\/01\/logo-SESL-rond-512-96x96.png","url":"https:\/\/solidaires-etudiant-e-s.org\/site\/wp-content\/uploads\/2020\/01\/logo-SESL-rond-512-96x96.png","contentUrl":"https:\/\/solidaires-etudiant-e-s.org\/site\/wp-content\/uploads\/2020\/01\/logo-SESL-rond-512-96x96.png","caption":"Solidaires \u00e9tudiant-e-s"},"sameAs":["https:\/\/solidaires-etudiant.org\/site","https:\/\/www.facebook.com\/solidairesetudiantes","https:\/\/www.instagram.com\/solidairesetu","https:\/\/x.com\/SolidairesEtu","https:\/\/fr.wikipedia.org\/wiki\/Solidaires_tudiant-e-s"]}]}},"_links":{"self":[{"href":"https:\/\/solidaires-etudiant-e-s.org\/site\/wp-json\/wp\/v2\/posts\/1599","targetHints":{"allow":["GET"]}}],"collection":[{"href":"https:\/\/solidaires-etudiant-e-s.org\/site\/wp-json\/wp\/v2\/posts"}],"about":[{"href":"https:\/\/solidaires-etudiant-e-s.org\/site\/wp-json\/wp\/v2\/types\/post"}],"author":[{"embeddable":true,"href":"https:\/\/solidaires-etudiant-e-s.org\/site\/wp-json\/wp\/v2\/users\/1"}],"replies":[{"embeddable":true,"href":"https:\/\/solidaires-etudiant-e-s.org\/site\/wp-json\/wp\/v2\/comments?post=1599"}],"version-history":[{"count":0,"href":"https:\/\/solidaires-etudiant-e-s.org\/site\/wp-json\/wp\/v2\/posts\/1599\/revisions"}],"wp:featuredmedia":[{"embeddable":true,"href":"https:\/\/solidaires-etudiant-e-s.org\/site\/wp-json\/wp\/v2\/media\/1600"}],"wp:attachment":[{"href":"https:\/\/solidaires-etudiant-e-s.org\/site\/wp-json\/wp\/v2\/media?parent=1599"}],"wp:term":[{"taxonomy":"category","embeddable":true,"href":"https:\/\/solidaires-etudiant-e-s.org\/site\/wp-json\/wp\/v2\/categories?post=1599"},{"taxonomy":"post_tag","embeddable":true,"href":"https:\/\/solidaires-etudiant-e-s.org\/site\/wp-json\/wp\/v2\/tags?post=1599"}],"curies":[{"name":"wp","href":"https:\/\/api.w.org\/{rel}","templated":true}]}}