{"id":1594,"date":"2014-11-16T12:55:25","date_gmt":"2014-11-16T11:55:25","guid":{"rendered":"http:\/\/www.solidaires-etudiant.org\/?p=1594"},"modified":"2014-11-16T12:55:25","modified_gmt":"2014-11-16T11:55:25","slug":"poursuivons-la-mobilisation-du-fric-pour-les-facs-les-lycees-et-la-biodiversite-pas-pour-les-flics-ni-pour-larmee","status":"publish","type":"post","link":"https:\/\/solidaires-etudiant-e-s.org\/site\/2014\/11\/16\/poursuivons-la-mobilisation-du-fric-pour-les-facs-les-lycees-et-la-biodiversite-pas-pour-les-flics-ni-pour-larmee\/","title":{"rendered":"Poursuivons la mobilisation : Du fric pour les facs, les lyc\u00e9es et la biodiversit\u00e9, pas pour les flics ni pour l&#039;arm\u00e9e !"},"content":{"rendered":"<p align=\"CENTER\"><span style=\"font-family: Berlin Sans FB Demi,serif;\"><span style=\"font-size: x-large;\">Solidaires \u00e9tudiant-e-s<\/span><\/span><\/p>\n<p align=\"CENTER\"><span style=\"font-family: Berlin Sans FB Demi,serif;\"><span style=\"font-size: x-large;\">Toulouse<\/span><\/span><\/p>\n<p align=\"CENTER\"><span style=\"font-family: Calibri,serif;\"><span style=\"font-size: medium;\">Communiqu\u00e9 de presse<\/span><\/span><\/p>\n<p align=\"RIGHT\"><span style=\"font-family: Calibri,serif;\">Le 15 novembre 2014<\/span><\/p>\n<p align=\"CENTER\"><span style=\"color: #eb613d;\"><span style=\"font-family: Berlin Sans FB Demi,serif;\"><span style=\"font-size: x-large;\"><b>Poursuivons la mobilisation\u00a0: <\/b><\/span><\/span><\/span><span style=\"color: #eb613d;\"><span style=\"font-family: Berlin Sans FB Demi,serif;\"><span style=\"font-size: x-large;\"><b>Du fric pour les facs, les lyc\u00e9es et la biodiversit\u00e9, pas pour les flics ni pour l&rsquo;arm\u00e9e\u00a0!<\/b><\/span><\/span><\/span><\/p>\n<p><span style=\"font-family: Calibri,serif;\"><span style=\"font-size: medium;\"><b>Depuis la mort d&rsquo;un \u00e9tudiant R\u00e9mi Fraisse, assassin\u00e9 par la police dans le cadre d&rsquo;une manifestation contre le barrage du Testet, une lutte se d\u00e9veloppe partout en France. Cette lutte d\u00e9passe ce meurtre afin de d\u00e9noncer les violences polici\u00e8res et la r\u00e9pression, corollaires de l&rsquo;id\u00e9ologie de l&rsquo;aust\u00e9rit\u00e9. <\/b><\/span><\/span><br \/>\n<span style=\"color: #000000;\"><span style=\"font-family: Calibri,serif;\"><span style=\"font-size: medium;\">Le gouvernement et \u00e0 travers lui la police sont en train de mettre \u00e0 mal le droit de manifester et la libert\u00e9 de circuler comme le montre la r\u00e9pression des deux derni\u00e8res manifestations \u00e0 Toulouse (interdiction de ces manifestations, militarisation du centre-ville, gazage des \u00e9tudiants qui faisaient un sitting par les crs, tirs de grenades, arr\u00eat\u00e9 pr\u00e9voyant l&rsquo;arrestation de toute personne en possession d&rsquo;objet pouvant servir d&rsquo;arme comme une bi\u00e8re dans un sac). Ce ne sont que quelques exemples parmi tant d&rsquo;autres de la r\u00e9pression de ces derni\u00e8res semaines.<\/span><\/span><\/span><br \/>\n<a name=\"149b3c6e7f7d618e__GoBack\"><\/a><span style=\"font-size: medium;\"><br \/>\nLors des manifestations toulousaines du 1er et du 8 novembre, plusieurs dizaines de manifestant-e-s ont \u00e9t\u00e9 interpell\u00e9-e-s de fa\u00e7on arbitraire et plac\u00e9es en garde \u00e0 vue. Les inculp\u00e9-e-s ayant accept\u00e9 la comparution imm\u00e9diate ont re\u00e7u condamnations tr\u00e8s lourdes, avec souvent de la prison ferme. C&rsquo;est une v\u00e9ritable justice d&rsquo;exception qui est mise en place !<\/span><br \/>\n<span style=\"font-size: medium;\">Il est important de remettre cette violence dans son contexte et de rappeler que \u00ab\u00a0les d\u00e9c\u00e8s li\u00e9s aux \u00ab\u00a0bavures polici\u00e8res\u00a0\u00bb, sont particuli\u00e8rement nombreux depuis 2002\u00a0: 196 entre 2002 et 2012. Selon un rapport d\u2019Amnesty International d\u2019avril 2009, cette progression s\u2019explique par l\u2019impunit\u00e9 de fait dont b\u00e9n\u00e9ficient les policiers, \u00e9tant couverts par leur hi\u00e9rarchie, et par l\u2019obligation de r\u00e9sultats \u00e0 laquelle ils sont soumis qui favorise une multiplication des contr\u00f4les et donc des chances de d\u00e9rapage.\u00a0\u00bb Cette violence touche en priorit\u00e9 les personnes issues des quartiers populaires et non blanches.<\/span><a href=\"https:\/\/mail.google.com\/mail\/u\/0\/#149b3c6e7f7d618e_sdfootnote1sym\" name=\"149b3c6e7f7d618e_sdfootnote1anc\"><sup>1<\/sup><\/a><span style=\"font-size: medium;\"> Nous ne pouvons pas laisser agir la police en toute impunit\u00e9.<\/span><a href=\"https:\/\/mail.google.com\/mail\/u\/0\/#149b3c6e7f7d618e_sdfootnote2sym\" name=\"149b3c6e7f7d618e_sdfootnote2anc\"><sup>2<\/sup><\/a><br \/>\n<span style=\"color: #000000;\"><span style=\"font-family: Calibri,serif;\"><span style=\"font-size: medium;\">Aujourd&rsquo;hui au Mirail, une journ\u00e9e de gr\u00e8ve a \u00e9t\u00e9 organis\u00e9e et une centaine d&rsquo;\u00e9tudiants se sont mobilis\u00e9s dans la matin\u00e9e pour organiser une assembl\u00e9e g\u00e9n\u00e9rale qui a r\u00e9uni 1200 personnes.<\/span><\/span><\/span><br \/>\n<span style=\"color: #000000;\"><span style=\"font-family: Calibri,serif;\"><span style=\"font-size: medium;\">Solidaires \u00e9tudiant-e-s Toulouse appelle tout-e-s les \u00e9tudiant-e-s \u00e0 rejoindre les assembl\u00e9es g\u00e9n\u00e9rales et \u00e0 se mobiliser sur leurs facs, quartiers, villes. Le syndicat partage et soutient les analyses et propositions de la motion de l&rsquo;assembl\u00e9e g\u00e9n\u00e9rale du Mirail du 13 novembre.<\/span><\/span><\/span><br \/>\n<span style=\"color: #000000;\"><span style=\"font-family: Calibri,serif;\"><span style=\"font-size: medium;\">La r\u00e9pression et l&rsquo;impunit\u00e9 polici\u00e8re ne peut plus durer, nous devons agir et forcer le gouvernement \u00e0 en finir avec cette politique s\u00e9curitaire qui se fait au d\u00e9triment de l&rsquo;\u00e9ducation et plus largement des autres services publics comme la sant\u00e9, le transport, etc. Nous appelons toutes les organisations, syndicats, collectifs \u00e0 rejoindre cette lutte. Au niveau de l\u2019enseignement sup\u00e9rieur, nous appelons les syndicats de personnels et d\u2019enseignant-e-s \u00e0 d\u00e9poser un pr\u00e9avis de gr\u00e8ve pour le 19 novembre et \u00e0 se mobiliser. <\/span><\/span><\/span><br \/>\n<span style=\"font-size: medium;\">Justice pour R\u00e9mi\u00a0!<\/span> <span style=\"font-size: medium;\">Amnistie des condamn\u00e9-e-s et relaxe des inculp\u00e9-e-s du 1er et du 8 novembre !<\/span><br \/>\n<span style=\"color: #000000;\"><span style=\"font-family: Calibri,serif;\"><span style=\"font-size: medium;\">Toutes et tous ensemble pour une journ\u00e9e de gr\u00e8ve le 20 novembre et la construction de grandes manifestations le 22 novembre.<\/span><\/span><\/span><\/p>\n<p align=\"CENTER\"><span style=\"font-family: Calibri,serif;\"><i>Solidaires \u00e9tudiant-e-s Toulouse <\/i><\/span><\/p>\n<p align=\"CENTER\"><a href=\"http:\/\/www.solidaires-etudiant.org\" target=\"_blank\" rel=\"noopener\"><span style=\"font-family: Calibri,serif;\"><i>http:\/\/www.solidaires-<wbr \/>etudiant.org<\/i><\/span><\/a><span style=\"color: #000000;\"><span style=\"font-family: Calibri,serif;\"><i> \/ <a href=\"mailto:solidaires.etu.31@gmail.com\" target=\"_blank\" rel=\"noopener\">solidaires.etu.31@gmail.com<\/a><\/i><\/span><\/span><\/p>\n<p align=\"CENTER\"><span style=\"font-family: Times New Roman,serif;\"><span style=\"font-size: medium;\"><b>Motion de l&rsquo;assembl\u00e9e g\u00e9n\u00e9rale du jeudi 13 novembre 2014 \u00e0 l&rsquo;universit\u00e9 du Mirail (<\/b><b>Toulouse<\/b><b>) (avec 1200 personnes pr\u00e9sentes)<\/b><\/span><\/span><\/p>\n<p><span style=\"font-family: Times New Roman,serif;\"><span style=\"font-size: medium;\">Nous, assembl\u00e9e g\u00e9n\u00e9rale des \u00e9tudiant-e-s du Mirail, sommes r\u00e9uni-e-s aujourd&rsquo;hui jeudi 13 novembre contre l&rsquo;aust\u00e9rit\u00e9 universitaire, contre le barrage de Sivens, contre les violences polici\u00e8res et la r\u00e9pression des manifestations, ainsi qu&rsquo;en soutien aux inculp\u00e9-e-s et condamn\u00e9-e-s des 1er et 8 novembre.<\/span><\/span><br \/>\n<span style=\"font-family: Times New Roman,serif;\"><span style=\"font-size: medium;\">Nous appelons, \u00e0 la suite de l&rsquo;appel de l&rsquo;AG de Clermont, et avec les personnels de l&rsquo;universit\u00e9, \u00e0 une journ\u00e9e de gr\u00e8ve nationale de l&rsquo;enseignement\u00a0: \u00e9tudiant-e-s, lyc\u00e9en-nes, enseignant-e-s, personnels, le jeudi 20 novembre avec manifestations.<\/span><\/span><br \/>\n<span style=\"font-family: Times New Roman,serif;\"><span style=\"font-size: medium;\">Nous appelons \u00e0 construire une mobilisation la plus large possible pour s&rsquo;opposer au tournant autoritaire actuel, \u00e0 la militarisation de l&rsquo;espace public, aux violences polici\u00e8res et \u00e0 tous les grands projets qui ne sont utiles qu&rsquo;aux capitalistes.<\/span><\/span><br \/>\n<span style=\"font-family: Times New Roman,serif;\"><span style=\"font-size: medium;\">Il y a de l&rsquo;argent pour les guerres et la r\u00e9pression, alors qu&rsquo;il en faut pour les facs et les lyc\u00e9es, sinon c&rsquo;est la s\u00e9lection qui nous attend\u00a0!<\/span><\/span><br \/>\n<span style=\"font-family: Times New Roman,serif;\"><span style=\"font-size: medium;\">Nous appelons \u00e0 participer \u00e0 la manifestation du 15 novembre et \u00e0 mobiliser pour la journ\u00e9e de mobilisation nationale du 22 novembre contre les violences polici\u00e8res et en soutien aux condamn\u00e9-e-s et inculp\u00e9-e-s des 1er et 8 novembre qui doivent \u00eatre amnisti\u00e9-e-s et relax\u00e9-e-s.<\/span><\/span><br \/>\n<span style=\"font-family: Times New Roman,serif;\"><span style=\"font-size: medium;\">Les responsables de la mort de R\u00e9mi Fraisse doivent \u00eatre punis, jusqu&rsquo;au plus haut sommet de l\u2019\u00c9tat\u00a0: Cazeneuve, d\u00e9mission\u00a0!<\/span><\/span><br \/>\n<span style=\"font-family: Times New Roman,serif;\"><span style=\"font-size: medium;\">Plus jamais l\u2019\u00c9tat ne doit remettre en cause le droit de circuler, et de s&rsquo;exprimer et de manifester.<\/span><\/span><br \/>\n<span style=\"font-family: Times New Roman,serif;\"><span style=\"font-size: medium;\">Le gouvernement militarise l&rsquo;espace public, d\u00e9truit les services publics et privatise les universit\u00e9s. <\/span><\/span><br \/>\n<span style=\"font-family: Times New Roman,serif;\"><span style=\"font-size: medium;\">Du fric pour les facs, les lyc\u00e9es et la biodiversit\u00e9, pas pour les flics ni pour l&rsquo;arm\u00e9e\u00a0!<\/span><\/span><br \/>\n&nbsp;<br \/>\n&nbsp;<\/p>\n<div>\n<p lang=\"en-US\"><a href=\"https:\/\/mail.google.com\/mail\/u\/0\/#149b3c6e7f7d618e_sdfootnote1anc\" name=\"149b3c6e7f7d618e_sdfootnote1sym\">1<\/a> <span lang=\"fr-FR\"> <a href=\"http:\/\/www.amazon.fr\/Didier-Fassin\/e\/B004MTAT4M\/ref=dp_byline_cont_book_1\" target=\"_blank\" rel=\"noopener\">Didier Fassin<\/a><\/span><span lang=\"fr-FR\">, <\/span><span lang=\"fr-FR\">La force de l&rsquo;ordre : Une anthropologie de la police des quartiers, Broch\u00e9, 2011, Paris.<\/span><\/p>\n<\/div>\n<div>\n<p lang=\"en-US\"><a href=\"https:\/\/mail.google.com\/mail\/u\/0\/#149b3c6e7f7d618e_sdfootnote2anc\" name=\"149b3c6e7f7d618e_sdfootnote2sym\">2<\/a> <span lang=\"fr-FR\"> Communiqu\u00e9 de Sud int\u00e9rieur sur les violences polici\u00e8res : <a href=\"http:\/\/www.sudinterieur.fr\/2014\/11\/05\/les-forces-de-lordre-ne-sont-pas-faites-pour-tuer-ni-brutaliser-des-manifestants\/\" target=\"_blank\" rel=\"noopener\">http:\/\/www.sudinterieur.fr\/<wbr \/>2014\/11\/05\/les-forces-de-<wbr \/>lordre-ne-sont-pas-faites-<wbr \/>pour-tuer-ni-brutaliser-des-<wbr \/>manifestants\/<\/a><\/span><\/p>\n<\/div>\n","protected":false},"excerpt":{"rendered":"<p>Solidaires \u00e9tudiant-e-s Toulouse Communiqu\u00e9 de presse Le 15 novembre 2014 Poursuivons la [&hellip;]<\/p>\n","protected":false},"author":1,"featured_media":1595,"comment_status":"closed","ping_status":"closed","sticky":false,"template":"","format":"standard","meta":{"cybocfi_hide_featured_image":"","footnotes":""},"categories":[1],"tags":[161,308,482,583,795,963,1049,1115,1177],"class_list":["post-1594","post","type-post","status-publish","format-standard","has-post-thumbnail","hentry","category-uncategorized","tag-assemblee-generale","tag-communiques-2","tag-etudiant","tag-greve","tag-mobilisation","tag-remi-fraisse","tag-slider","tag-toulouse","tag-violences-policieres","col-md-4 col-sm-4"],"featured_image_src":"https:\/\/solidaires-etudiant-e-s.org\/site\/wp-content\/uploads\/2014\/11\/toulouse-ag_v_1-2ea0f-e1416163817285.jpg","author_info":{"display_name":"Solidaires \u00e9tudiant-e-s","author_link":false},"yoast_head":"<!-- This site is optimized with the Yoast SEO plugin v27.5 - https:\/\/yoast.com\/product\/yoast-seo-wordpress\/ -->\n<title>Poursuivons la mobilisation : Du fric pour les facs, les lyc\u00e9es et la biodiversit\u00e9, pas pour les flics ni pour l&#039;arm\u00e9e ! - Solidaires \u00e9tudiant-e-s<\/title>\n<meta name=\"robots\" content=\"index, follow, max-snippet:-1, max-image-preview:large, max-video-preview:-1\" \/>\n<link rel=\"canonical\" href=\"https:\/\/solidaires-etudiant-e-s.org\/site\/2014\/11\/16\/poursuivons-la-mobilisation-du-fric-pour-les-facs-les-lycees-et-la-biodiversite-pas-pour-les-flics-ni-pour-larmee\/\" \/>\n<meta property=\"og:locale\" content=\"fr_FR\" \/>\n<meta property=\"og:type\" content=\"article\" \/>\n<meta property=\"og:title\" content=\"Poursuivons la mobilisation : Du fric pour les facs, les lyc\u00e9es et la biodiversit\u00e9, pas pour les flics ni pour l&#039;arm\u00e9e ! - Solidaires \u00e9tudiant-e-s\" \/>\n<meta property=\"og:description\" content=\"Solidaires \u00e9tudiant-e-s Toulouse Communiqu\u00e9 de presse Le 15 novembre 2014 Poursuivons la [&hellip;]\" \/>\n<meta property=\"og:url\" content=\"https:\/\/solidaires-etudiant-e-s.org\/site\/2014\/11\/16\/poursuivons-la-mobilisation-du-fric-pour-les-facs-les-lycees-et-la-biodiversite-pas-pour-les-flics-ni-pour-larmee\/\" \/>\n<meta property=\"og:site_name\" content=\"Solidaires \u00e9tudiant-e-s\" \/>\n<meta property=\"article:publisher\" content=\"https:\/\/www.facebook.com\/solidairesetudiantes\" \/>\n<meta property=\"article:author\" content=\"https:\/\/www.facebook.com\/solidairesetudiantes\" \/>\n<meta property=\"article:published_time\" content=\"2014-11-16T11:55:25+00:00\" \/>\n<meta property=\"og:image\" content=\"https:\/\/solidaires-etudiant-e-s.org\/site\/wp-content\/uploads\/2014\/11\/toulouse-ag_v_1-2ea0f-e1416163817285.jpg\" \/>\n\t<meta property=\"og:image:width\" content=\"454\" \/>\n\t<meta property=\"og:image:height\" content=\"340\" \/>\n\t<meta property=\"og:image:type\" content=\"image\/jpeg\" \/>\n<meta name=\"author\" content=\"Solidaires \u00e9tudiant-e-s\" \/>\n<meta name=\"twitter:card\" content=\"summary_large_image\" \/>\n<meta name=\"twitter:creator\" content=\"@SolidairesEtu\" \/>\n<meta name=\"twitter:site\" content=\"@SolidairesEtu\" \/>\n<meta name=\"twitter:label1\" content=\"\u00c9crit par\" \/>\n\t<meta name=\"twitter:data1\" content=\"Solidaires \u00e9tudiant-e-s\" \/>\n\t<meta name=\"twitter:label2\" content=\"Dur\u00e9e de lecture estim\u00e9e\" \/>\n\t<meta name=\"twitter:data2\" content=\"4 minutes\" \/>\n<script type=\"application\/ld+json\" class=\"yoast-schema-graph\">{\"@context\":\"https:\\\/\\\/schema.org\",\"@graph\":[{\"@type\":\"Article\",\"@id\":\"https:\\\/\\\/solidaires-etudiant-e-s.org\\\/site\\\/2014\\\/11\\\/16\\\/poursuivons-la-mobilisation-du-fric-pour-les-facs-les-lycees-et-la-biodiversite-pas-pour-les-flics-ni-pour-larmee\\\/#article\",\"isPartOf\":{\"@id\":\"https:\\\/\\\/solidaires-etudiant-e-s.org\\\/site\\\/2014\\\/11\\\/16\\\/poursuivons-la-mobilisation-du-fric-pour-les-facs-les-lycees-et-la-biodiversite-pas-pour-les-flics-ni-pour-larmee\\\/\"},\"author\":{\"name\":\"Solidaires \u00e9tudiant-e-s\",\"@id\":\"https:\\\/\\\/solidaires-etudiant-e-s.org\\\/site\\\/#\\\/schema\\\/person\\\/0efb3e0ff4e2f12b5a5abcd4352aa86c\"},\"headline\":\"Poursuivons la mobilisation : Du fric pour les facs, les lyc\u00e9es et la biodiversit\u00e9, pas pour les flics ni pour l&#039;arm\u00e9e !\",\"datePublished\":\"2014-11-16T11:55:25+00:00\",\"mainEntityOfPage\":{\"@id\":\"https:\\\/\\\/solidaires-etudiant-e-s.org\\\/site\\\/2014\\\/11\\\/16\\\/poursuivons-la-mobilisation-du-fric-pour-les-facs-les-lycees-et-la-biodiversite-pas-pour-les-flics-ni-pour-larmee\\\/\"},\"wordCount\":944,\"publisher\":{\"@id\":\"https:\\\/\\\/solidaires-etudiant-e-s.org\\\/site\\\/#organization\"},\"image\":{\"@id\":\"https:\\\/\\\/solidaires-etudiant-e-s.org\\\/site\\\/2014\\\/11\\\/16\\\/poursuivons-la-mobilisation-du-fric-pour-les-facs-les-lycees-et-la-biodiversite-pas-pour-les-flics-ni-pour-larmee\\\/#primaryimage\"},\"thumbnailUrl\":\"https:\\\/\\\/solidaires-etudiant-e-s.org\\\/site\\\/wp-content\\\/uploads\\\/2014\\\/11\\\/toulouse-ag_v_1-2ea0f-e1416163817285.jpg\",\"keywords\":[\"assembl\u00e9e g\u00e9n\u00e9rale\",\"communiqu\u00e9s\",\"\u00e9tudiant\",\"gr\u00e8ve\",\"mobilisation\",\"r\u00e9mi fraisse\",\"slider\",\"toulouse\",\"violences polici\u00e8res\"],\"articleSection\":[\"Uncategorized\"],\"inLanguage\":\"fr-FR\"},{\"@type\":\"WebPage\",\"@id\":\"https:\\\/\\\/solidaires-etudiant-e-s.org\\\/site\\\/2014\\\/11\\\/16\\\/poursuivons-la-mobilisation-du-fric-pour-les-facs-les-lycees-et-la-biodiversite-pas-pour-les-flics-ni-pour-larmee\\\/\",\"url\":\"https:\\\/\\\/solidaires-etudiant-e-s.org\\\/site\\\/2014\\\/11\\\/16\\\/poursuivons-la-mobilisation-du-fric-pour-les-facs-les-lycees-et-la-biodiversite-pas-pour-les-flics-ni-pour-larmee\\\/\",\"name\":\"Poursuivons la mobilisation : Du fric pour les facs, les lyc\u00e9es et la biodiversit\u00e9, pas pour les flics ni pour l&#039;arm\u00e9e ! - Solidaires \u00e9tudiant-e-s\",\"isPartOf\":{\"@id\":\"https:\\\/\\\/solidaires-etudiant-e-s.org\\\/site\\\/#website\"},\"primaryImageOfPage\":{\"@id\":\"https:\\\/\\\/solidaires-etudiant-e-s.org\\\/site\\\/2014\\\/11\\\/16\\\/poursuivons-la-mobilisation-du-fric-pour-les-facs-les-lycees-et-la-biodiversite-pas-pour-les-flics-ni-pour-larmee\\\/#primaryimage\"},\"image\":{\"@id\":\"https:\\\/\\\/solidaires-etudiant-e-s.org\\\/site\\\/2014\\\/11\\\/16\\\/poursuivons-la-mobilisation-du-fric-pour-les-facs-les-lycees-et-la-biodiversite-pas-pour-les-flics-ni-pour-larmee\\\/#primaryimage\"},\"thumbnailUrl\":\"https:\\\/\\\/solidaires-etudiant-e-s.org\\\/site\\\/wp-content\\\/uploads\\\/2014\\\/11\\\/toulouse-ag_v_1-2ea0f-e1416163817285.jpg\",\"datePublished\":\"2014-11-16T11:55:25+00:00\",\"breadcrumb\":{\"@id\":\"https:\\\/\\\/solidaires-etudiant-e-s.org\\\/site\\\/2014\\\/11\\\/16\\\/poursuivons-la-mobilisation-du-fric-pour-les-facs-les-lycees-et-la-biodiversite-pas-pour-les-flics-ni-pour-larmee\\\/#breadcrumb\"},\"inLanguage\":\"fr-FR\",\"potentialAction\":[{\"@type\":\"ReadAction\",\"target\":[\"https:\\\/\\\/solidaires-etudiant-e-s.org\\\/site\\\/2014\\\/11\\\/16\\\/poursuivons-la-mobilisation-du-fric-pour-les-facs-les-lycees-et-la-biodiversite-pas-pour-les-flics-ni-pour-larmee\\\/\"]}]},{\"@type\":\"ImageObject\",\"inLanguage\":\"fr-FR\",\"@id\":\"https:\\\/\\\/solidaires-etudiant-e-s.org\\\/site\\\/2014\\\/11\\\/16\\\/poursuivons-la-mobilisation-du-fric-pour-les-facs-les-lycees-et-la-biodiversite-pas-pour-les-flics-ni-pour-larmee\\\/#primaryimage\",\"url\":\"https:\\\/\\\/solidaires-etudiant-e-s.org\\\/site\\\/wp-content\\\/uploads\\\/2014\\\/11\\\/toulouse-ag_v_1-2ea0f-e1416163817285.jpg\",\"contentUrl\":\"https:\\\/\\\/solidaires-etudiant-e-s.org\\\/site\\\/wp-content\\\/uploads\\\/2014\\\/11\\\/toulouse-ag_v_1-2ea0f-e1416163817285.jpg\",\"width\":454,\"height\":340},{\"@type\":\"BreadcrumbList\",\"@id\":\"https:\\\/\\\/solidaires-etudiant-e-s.org\\\/site\\\/2014\\\/11\\\/16\\\/poursuivons-la-mobilisation-du-fric-pour-les-facs-les-lycees-et-la-biodiversite-pas-pour-les-flics-ni-pour-larmee\\\/#breadcrumb\",\"itemListElement\":[{\"@type\":\"ListItem\",\"position\":1,\"name\":\"Accueil\",\"item\":\"https:\\\/\\\/solidaires-etudiant-e-s.org\\\/site\\\/\"},{\"@type\":\"ListItem\",\"position\":2,\"name\":\"Poursuivons la mobilisation : Du fric pour les facs, les lyc\u00e9es et la biodiversit\u00e9, pas pour les flics ni pour l&#039;arm\u00e9e !\"}]},{\"@type\":\"WebSite\",\"@id\":\"https:\\\/\\\/solidaires-etudiant-e-s.org\\\/site\\\/#website\",\"url\":\"https:\\\/\\\/solidaires-etudiant-e-s.org\\\/site\\\/\",\"name\":\"Solidaires \u00e9tudiant-e-s\",\"description\":\"Syndicats pour un enseignement sup\u00e9rieur gratuit, ouvert, et \u00e9mancipateur !\",\"publisher\":{\"@id\":\"https:\\\/\\\/solidaires-etudiant-e-s.org\\\/site\\\/#organization\"},\"potentialAction\":[{\"@type\":\"SearchAction\",\"target\":{\"@type\":\"EntryPoint\",\"urlTemplate\":\"https:\\\/\\\/solidaires-etudiant-e-s.org\\\/site\\\/?s={search_term_string}\"},\"query-input\":{\"@type\":\"PropertyValueSpecification\",\"valueRequired\":true,\"valueName\":\"search_term_string\"}}],\"inLanguage\":\"fr-FR\"},{\"@type\":\"Organization\",\"@id\":\"https:\\\/\\\/solidaires-etudiant-e-s.org\\\/site\\\/#organization\",\"name\":\"Solidaires \u00e9tudiant-e-s\",\"url\":\"https:\\\/\\\/solidaires-etudiant-e-s.org\\\/site\\\/\",\"logo\":{\"@type\":\"ImageObject\",\"inLanguage\":\"fr-FR\",\"@id\":\"https:\\\/\\\/solidaires-etudiant-e-s.org\\\/site\\\/#\\\/schema\\\/logo\\\/image\\\/\",\"url\":\"https:\\\/\\\/solidaires-etudiant-e-s.org\\\/site\\\/wp-content\\\/uploads\\\/2025\\\/12\\\/13-1.png\",\"contentUrl\":\"https:\\\/\\\/solidaires-etudiant-e-s.org\\\/site\\\/wp-content\\\/uploads\\\/2025\\\/12\\\/13-1.png\",\"width\":1181,\"height\":827,\"caption\":\"Solidaires \u00e9tudiant-e-s\"},\"image\":{\"@id\":\"https:\\\/\\\/solidaires-etudiant-e-s.org\\\/site\\\/#\\\/schema\\\/logo\\\/image\\\/\"},\"sameAs\":[\"https:\\\/\\\/www.facebook.com\\\/solidairesetudiantes\",\"https:\\\/\\\/x.com\\\/SolidairesEtu\",\"https:\\\/\\\/www.instagram.com\\\/solidairesetu\\\/\",\"https:\\\/\\\/bsky.app\\\/profile\\\/solidaires-etudiant-e-s.org\",\"https:\\\/\\\/mastodon.social\\\/@solidairesetu\",\"https:\\\/\\\/www.youtube.com\\\/channel\\\/UC_iZN9gmVAAnXbBM7wAWOag\"]},{\"@type\":\"Person\",\"@id\":\"https:\\\/\\\/solidaires-etudiant-e-s.org\\\/site\\\/#\\\/schema\\\/person\\\/0efb3e0ff4e2f12b5a5abcd4352aa86c\",\"name\":\"Solidaires \u00e9tudiant-e-s\",\"image\":{\"@type\":\"ImageObject\",\"inLanguage\":\"fr-FR\",\"@id\":\"https:\\\/\\\/solidaires-etudiant-e-s.org\\\/site\\\/wp-content\\\/uploads\\\/2020\\\/01\\\/logo-SESL-rond-512-96x96.png\",\"url\":\"https:\\\/\\\/solidaires-etudiant-e-s.org\\\/site\\\/wp-content\\\/uploads\\\/2020\\\/01\\\/logo-SESL-rond-512-96x96.png\",\"contentUrl\":\"https:\\\/\\\/solidaires-etudiant-e-s.org\\\/site\\\/wp-content\\\/uploads\\\/2020\\\/01\\\/logo-SESL-rond-512-96x96.png\",\"caption\":\"Solidaires \u00e9tudiant-e-s\"},\"sameAs\":[\"https:\\\/\\\/solidaires-etudiant.org\\\/site\",\"https:\\\/\\\/www.facebook.com\\\/solidairesetudiantes\",\"https:\\\/\\\/www.instagram.com\\\/solidairesetu\",\"https:\\\/\\\/x.com\\\/SolidairesEtu\",\"https:\\\/\\\/fr.wikipedia.org\\\/wiki\\\/Solidaires_tudiant-e-s\"]}]}<\/script>\n<!-- \/ Yoast SEO plugin. -->","yoast_head_json":{"title":"Poursuivons la mobilisation : Du fric pour les facs, les lyc\u00e9es et la biodiversit\u00e9, pas pour les flics ni pour l&#039;arm\u00e9e ! - Solidaires \u00e9tudiant-e-s","robots":{"index":"index","follow":"follow","max-snippet":"max-snippet:-1","max-image-preview":"max-image-preview:large","max-video-preview":"max-video-preview:-1"},"canonical":"https:\/\/solidaires-etudiant-e-s.org\/site\/2014\/11\/16\/poursuivons-la-mobilisation-du-fric-pour-les-facs-les-lycees-et-la-biodiversite-pas-pour-les-flics-ni-pour-larmee\/","og_locale":"fr_FR","og_type":"article","og_title":"Poursuivons la mobilisation : Du fric pour les facs, les lyc\u00e9es et la biodiversit\u00e9, pas pour les flics ni pour l&#039;arm\u00e9e ! - Solidaires \u00e9tudiant-e-s","og_description":"Solidaires \u00e9tudiant-e-s Toulouse Communiqu\u00e9 de presse Le 15 novembre 2014 Poursuivons la [&hellip;]","og_url":"https:\/\/solidaires-etudiant-e-s.org\/site\/2014\/11\/16\/poursuivons-la-mobilisation-du-fric-pour-les-facs-les-lycees-et-la-biodiversite-pas-pour-les-flics-ni-pour-larmee\/","og_site_name":"Solidaires \u00e9tudiant-e-s","article_publisher":"https:\/\/www.facebook.com\/solidairesetudiantes","article_author":"https:\/\/www.facebook.com\/solidairesetudiantes","article_published_time":"2014-11-16T11:55:25+00:00","og_image":[{"width":454,"height":340,"url":"https:\/\/solidaires-etudiant-e-s.org\/site\/wp-content\/uploads\/2014\/11\/toulouse-ag_v_1-2ea0f-e1416163817285.jpg","type":"image\/jpeg"}],"author":"Solidaires \u00e9tudiant-e-s","twitter_card":"summary_large_image","twitter_creator":"@SolidairesEtu","twitter_site":"@SolidairesEtu","twitter_misc":{"\u00c9crit par":"Solidaires \u00e9tudiant-e-s","Dur\u00e9e de lecture estim\u00e9e":"4 minutes"},"schema":{"@context":"https:\/\/schema.org","@graph":[{"@type":"Article","@id":"https:\/\/solidaires-etudiant-e-s.org\/site\/2014\/11\/16\/poursuivons-la-mobilisation-du-fric-pour-les-facs-les-lycees-et-la-biodiversite-pas-pour-les-flics-ni-pour-larmee\/#article","isPartOf":{"@id":"https:\/\/solidaires-etudiant-e-s.org\/site\/2014\/11\/16\/poursuivons-la-mobilisation-du-fric-pour-les-facs-les-lycees-et-la-biodiversite-pas-pour-les-flics-ni-pour-larmee\/"},"author":{"name":"Solidaires \u00e9tudiant-e-s","@id":"https:\/\/solidaires-etudiant-e-s.org\/site\/#\/schema\/person\/0efb3e0ff4e2f12b5a5abcd4352aa86c"},"headline":"Poursuivons la mobilisation : Du fric pour les facs, les lyc\u00e9es et la biodiversit\u00e9, pas pour les flics ni pour l&#039;arm\u00e9e !","datePublished":"2014-11-16T11:55:25+00:00","mainEntityOfPage":{"@id":"https:\/\/solidaires-etudiant-e-s.org\/site\/2014\/11\/16\/poursuivons-la-mobilisation-du-fric-pour-les-facs-les-lycees-et-la-biodiversite-pas-pour-les-flics-ni-pour-larmee\/"},"wordCount":944,"publisher":{"@id":"https:\/\/solidaires-etudiant-e-s.org\/site\/#organization"},"image":{"@id":"https:\/\/solidaires-etudiant-e-s.org\/site\/2014\/11\/16\/poursuivons-la-mobilisation-du-fric-pour-les-facs-les-lycees-et-la-biodiversite-pas-pour-les-flics-ni-pour-larmee\/#primaryimage"},"thumbnailUrl":"https:\/\/solidaires-etudiant-e-s.org\/site\/wp-content\/uploads\/2014\/11\/toulouse-ag_v_1-2ea0f-e1416163817285.jpg","keywords":["assembl\u00e9e g\u00e9n\u00e9rale","communiqu\u00e9s","\u00e9tudiant","gr\u00e8ve","mobilisation","r\u00e9mi fraisse","slider","toulouse","violences polici\u00e8res"],"articleSection":["Uncategorized"],"inLanguage":"fr-FR"},{"@type":"WebPage","@id":"https:\/\/solidaires-etudiant-e-s.org\/site\/2014\/11\/16\/poursuivons-la-mobilisation-du-fric-pour-les-facs-les-lycees-et-la-biodiversite-pas-pour-les-flics-ni-pour-larmee\/","url":"https:\/\/solidaires-etudiant-e-s.org\/site\/2014\/11\/16\/poursuivons-la-mobilisation-du-fric-pour-les-facs-les-lycees-et-la-biodiversite-pas-pour-les-flics-ni-pour-larmee\/","name":"Poursuivons la mobilisation : Du fric pour les facs, les lyc\u00e9es et la biodiversit\u00e9, pas pour les flics ni pour l&#039;arm\u00e9e ! - Solidaires \u00e9tudiant-e-s","isPartOf":{"@id":"https:\/\/solidaires-etudiant-e-s.org\/site\/#website"},"primaryImageOfPage":{"@id":"https:\/\/solidaires-etudiant-e-s.org\/site\/2014\/11\/16\/poursuivons-la-mobilisation-du-fric-pour-les-facs-les-lycees-et-la-biodiversite-pas-pour-les-flics-ni-pour-larmee\/#primaryimage"},"image":{"@id":"https:\/\/solidaires-etudiant-e-s.org\/site\/2014\/11\/16\/poursuivons-la-mobilisation-du-fric-pour-les-facs-les-lycees-et-la-biodiversite-pas-pour-les-flics-ni-pour-larmee\/#primaryimage"},"thumbnailUrl":"https:\/\/solidaires-etudiant-e-s.org\/site\/wp-content\/uploads\/2014\/11\/toulouse-ag_v_1-2ea0f-e1416163817285.jpg","datePublished":"2014-11-16T11:55:25+00:00","breadcrumb":{"@id":"https:\/\/solidaires-etudiant-e-s.org\/site\/2014\/11\/16\/poursuivons-la-mobilisation-du-fric-pour-les-facs-les-lycees-et-la-biodiversite-pas-pour-les-flics-ni-pour-larmee\/#breadcrumb"},"inLanguage":"fr-FR","potentialAction":[{"@type":"ReadAction","target":["https:\/\/solidaires-etudiant-e-s.org\/site\/2014\/11\/16\/poursuivons-la-mobilisation-du-fric-pour-les-facs-les-lycees-et-la-biodiversite-pas-pour-les-flics-ni-pour-larmee\/"]}]},{"@type":"ImageObject","inLanguage":"fr-FR","@id":"https:\/\/solidaires-etudiant-e-s.org\/site\/2014\/11\/16\/poursuivons-la-mobilisation-du-fric-pour-les-facs-les-lycees-et-la-biodiversite-pas-pour-les-flics-ni-pour-larmee\/#primaryimage","url":"https:\/\/solidaires-etudiant-e-s.org\/site\/wp-content\/uploads\/2014\/11\/toulouse-ag_v_1-2ea0f-e1416163817285.jpg","contentUrl":"https:\/\/solidaires-etudiant-e-s.org\/site\/wp-content\/uploads\/2014\/11\/toulouse-ag_v_1-2ea0f-e1416163817285.jpg","width":454,"height":340},{"@type":"BreadcrumbList","@id":"https:\/\/solidaires-etudiant-e-s.org\/site\/2014\/11\/16\/poursuivons-la-mobilisation-du-fric-pour-les-facs-les-lycees-et-la-biodiversite-pas-pour-les-flics-ni-pour-larmee\/#breadcrumb","itemListElement":[{"@type":"ListItem","position":1,"name":"Accueil","item":"https:\/\/solidaires-etudiant-e-s.org\/site\/"},{"@type":"ListItem","position":2,"name":"Poursuivons la mobilisation : Du fric pour les facs, les lyc\u00e9es et la biodiversit\u00e9, pas pour les flics ni pour l&#039;arm\u00e9e !"}]},{"@type":"WebSite","@id":"https:\/\/solidaires-etudiant-e-s.org\/site\/#website","url":"https:\/\/solidaires-etudiant-e-s.org\/site\/","name":"Solidaires \u00e9tudiant-e-s","description":"Syndicats pour un enseignement sup\u00e9rieur gratuit, ouvert, et \u00e9mancipateur !","publisher":{"@id":"https:\/\/solidaires-etudiant-e-s.org\/site\/#organization"},"potentialAction":[{"@type":"SearchAction","target":{"@type":"EntryPoint","urlTemplate":"https:\/\/solidaires-etudiant-e-s.org\/site\/?s={search_term_string}"},"query-input":{"@type":"PropertyValueSpecification","valueRequired":true,"valueName":"search_term_string"}}],"inLanguage":"fr-FR"},{"@type":"Organization","@id":"https:\/\/solidaires-etudiant-e-s.org\/site\/#organization","name":"Solidaires \u00e9tudiant-e-s","url":"https:\/\/solidaires-etudiant-e-s.org\/site\/","logo":{"@type":"ImageObject","inLanguage":"fr-FR","@id":"https:\/\/solidaires-etudiant-e-s.org\/site\/#\/schema\/logo\/image\/","url":"https:\/\/solidaires-etudiant-e-s.org\/site\/wp-content\/uploads\/2025\/12\/13-1.png","contentUrl":"https:\/\/solidaires-etudiant-e-s.org\/site\/wp-content\/uploads\/2025\/12\/13-1.png","width":1181,"height":827,"caption":"Solidaires \u00e9tudiant-e-s"},"image":{"@id":"https:\/\/solidaires-etudiant-e-s.org\/site\/#\/schema\/logo\/image\/"},"sameAs":["https:\/\/www.facebook.com\/solidairesetudiantes","https:\/\/x.com\/SolidairesEtu","https:\/\/www.instagram.com\/solidairesetu\/","https:\/\/bsky.app\/profile\/solidaires-etudiant-e-s.org","https:\/\/mastodon.social\/@solidairesetu","https:\/\/www.youtube.com\/channel\/UC_iZN9gmVAAnXbBM7wAWOag"]},{"@type":"Person","@id":"https:\/\/solidaires-etudiant-e-s.org\/site\/#\/schema\/person\/0efb3e0ff4e2f12b5a5abcd4352aa86c","name":"Solidaires \u00e9tudiant-e-s","image":{"@type":"ImageObject","inLanguage":"fr-FR","@id":"https:\/\/solidaires-etudiant-e-s.org\/site\/wp-content\/uploads\/2020\/01\/logo-SESL-rond-512-96x96.png","url":"https:\/\/solidaires-etudiant-e-s.org\/site\/wp-content\/uploads\/2020\/01\/logo-SESL-rond-512-96x96.png","contentUrl":"https:\/\/solidaires-etudiant-e-s.org\/site\/wp-content\/uploads\/2020\/01\/logo-SESL-rond-512-96x96.png","caption":"Solidaires \u00e9tudiant-e-s"},"sameAs":["https:\/\/solidaires-etudiant.org\/site","https:\/\/www.facebook.com\/solidairesetudiantes","https:\/\/www.instagram.com\/solidairesetu","https:\/\/x.com\/SolidairesEtu","https:\/\/fr.wikipedia.org\/wiki\/Solidaires_tudiant-e-s"]}]}},"_links":{"self":[{"href":"https:\/\/solidaires-etudiant-e-s.org\/site\/wp-json\/wp\/v2\/posts\/1594","targetHints":{"allow":["GET"]}}],"collection":[{"href":"https:\/\/solidaires-etudiant-e-s.org\/site\/wp-json\/wp\/v2\/posts"}],"about":[{"href":"https:\/\/solidaires-etudiant-e-s.org\/site\/wp-json\/wp\/v2\/types\/post"}],"author":[{"embeddable":true,"href":"https:\/\/solidaires-etudiant-e-s.org\/site\/wp-json\/wp\/v2\/users\/1"}],"replies":[{"embeddable":true,"href":"https:\/\/solidaires-etudiant-e-s.org\/site\/wp-json\/wp\/v2\/comments?post=1594"}],"version-history":[{"count":0,"href":"https:\/\/solidaires-etudiant-e-s.org\/site\/wp-json\/wp\/v2\/posts\/1594\/revisions"}],"wp:featuredmedia":[{"embeddable":true,"href":"https:\/\/solidaires-etudiant-e-s.org\/site\/wp-json\/wp\/v2\/media\/1595"}],"wp:attachment":[{"href":"https:\/\/solidaires-etudiant-e-s.org\/site\/wp-json\/wp\/v2\/media?parent=1594"}],"wp:term":[{"taxonomy":"category","embeddable":true,"href":"https:\/\/solidaires-etudiant-e-s.org\/site\/wp-json\/wp\/v2\/categories?post=1594"},{"taxonomy":"post_tag","embeddable":true,"href":"https:\/\/solidaires-etudiant-e-s.org\/site\/wp-json\/wp\/v2\/tags?post=1594"}],"curies":[{"name":"wp","href":"https:\/\/api.w.org\/{rel}","templated":true}]}}