{"id":1437,"date":"2014-10-06T14:18:10","date_gmt":"2014-10-06T12:18:10","guid":{"rendered":"http:\/\/www.solidaires-etudiant.org\/?p=1437"},"modified":"2014-10-06T14:18:10","modified_gmt":"2014-10-06T12:18:10","slug":"manifestation-nationale-enseignement-superieur-17-octobre","status":"publish","type":"post","link":"https:\/\/solidaires-etudiant-e-s.org\/site\/2014\/10\/06\/manifestation-nationale-enseignement-superieur-17-octobre\/","title":{"rendered":"Manifestation nationale enseignement sup\u00e9rieur 17 octobre"},"content":{"rendered":"<h1 style=\"text-align: center;\"><b>Dans l\u2019enseignement sup\u00e9rieur et la recherche, <\/b><\/h1>\n<h1 style=\"text-align: center;\"><b>la bataille de l\u2019emploi est d\u00e9clench\u00e9e<\/b><\/h1>\n<p>&nbsp;<br \/>\n&nbsp;<br \/>\nDe tr\u00e8s nombreuses universit\u00e9s annoncent de s\u00e9v\u00e8res mesures pour faire face \u00e0 l\u2019insuffisance de leur budget : suppressions d\u2019options, r\u00e9ductions d\u2019horaires, augmentation des effectifs dans les groupes de TD, instauration de capacit\u00e9s d&rsquo;accueil limit\u00e9es, nouveaux gels d&#8217;emplois. A masse salariale constante, les organismes de recherche seront \u00e9galement oblig\u00e9s de supprimer des emplois. Ils devront, en outre, faire d\u2019importants sacrifices dans leurs programmes de recherche et dans les soutiens de base aux laboratoires.<br \/>\nCes gels et ces suppressions d\u2019emplois ont des cons\u00e9quences lourdes pour les \u00e9tudiants en mati\u00e8re de d\u00e9gradation des conditions d\u2019\u00e9tudes, alors que leurs conditions de vie ne cessent de se durcir, et que le salariat \u00e9tudiant est clairement identifi\u00e9 comme une cause importante de l\u2019\u00e9chec universitaire. Pour les personnels, ce sont la pr\u00e9carit\u00e9, la surcharge de travail et le mal \u00eatre au travail (\u00e9puisement professionnel, harc\u00e8lement\u2026).<br \/>\nPourtant, les moyens existent, entre autres, en remettant en cause, le Cr\u00e9dit Imp\u00f4t Recherche (de l&rsquo;ordre de 6 milliards d&rsquo;euros en 2014). En annon\u00e7ant 45 millions d\u2019euros d&rsquo;augmentation sur une enveloppe de 26 milliards, soit + 0,17 %, le gouvernement ne pr\u00e9voit ni de compenser l\u2019augmentation m\u00e9canique des charges des \u00e9tablissements, ni de leur donner les moyens n\u00e9cessaires au pourvoi des cr\u00e9ations de postes annonc\u00e9es, ni m\u00eame au simple maintien des postes existants. L&rsquo;enseignement sup\u00e9rieur et la recherche sont bien confront\u00e9s \u00e0 l&rsquo;aust\u00e9rit\u00e9.<br \/>\n<b>Dans ce contexte qui ob\u00e8re le pr\u00e9sent et met en cause l\u2019avenir, l\u2019urgence est de r\u00e9agir collectivement.\u00a0<\/b><br \/>\n<b><br \/>\n<\/b>Plus de 300 directeurs de laboratoires se sont r\u00e9unis le 24 septembre et ont lanc\u00e9 une lettre ouverte \u00e0 Fran\u00e7ois Hollande, qu\u2019ils proposent \u00e0 la signature de l\u2019ensemble des directeurs d\u2019unit\u00e9s de recherche des organismes et des universit\u00e9s.<br \/>\nLes premiers cort\u00e8ges \u00ab Sciences en Marche \u00bb ont pris la route et, d&rsquo;escales en escales, convergeront \u00e0 Paris le vendredi 17 octobre.<br \/>\nLes organisations soussign\u00e9es appellent tous les personnels de l\u2019enseignement sup\u00e9rieur et de la recherche \u00e0 organiser l\u2019information et la mobilisation dans tous les \u00e9tablissements, \u00e0 participer \u00e0 toutes les initiatives pour la d\u00e9fense de l\u2019emploi et des budgets, et \u00e0 contribuer au succ\u00e8s de Sciences en Marche.<br \/>\nLe 17 octobre 2014, elles appellent \u00e0 une journ\u00e9e morte dans les laboratoires, les formations et les services, \u00e0 participer \u00e0 Paris \u00e0 la manifestation, et partout en r\u00e9gion \u00e0 des assembl\u00e9es g\u00e9n\u00e9rales locales et des rassemblements.<\/p>\n<div align=\"center\"><\/div>\n<h2 align=\"center\"><\/h2>\n<h2 align=\"center\"><b>Manifestation nationale pour l\u2019enseignement sup\u00e9rieur et la recherche (*)<\/b><\/h2>\n<h2 align=\"center\"><b><br \/>\n17 octobre 2014 \u00e0 Paris, 14 h 30 Porte d\u2019Orl\u00e9ans,<br \/>\n<\/b><\/h2>\n<div align=\"left\"><\/div>\n<div align=\"left\"><\/div>\n<div align=\"left\"><b>Pour obtenir<br \/>\n<\/b>&#8211; Un plan pluriannuel ambitieux de cr\u00e9ations d\u2019emplois de titulaires d\u2019enseignants-chercheurs, de chercheurs, d\u2019ing\u00e9nieurs et techniciens \u2013 avec la masse salariale correspondante ! -, pour r\u00e9sorber la pr\u00e9carit\u00e9 et r\u00e9pondre aux besoins en mati\u00e8re d&rsquo;enseignement sup\u00e9rieur et de recherche.<br \/>\n&#8211; Une augmentation significative du financement de base par l\u2019Etat pour les formations, les laboratoires et les services.<br \/>\n&#8211; L\u2019am\u00e9lioration des salaires et des conditions de travail<b>,<br \/>\n<\/b>&#8211; La reconnaissance de tous les dipl\u00f4mes, et notamment du doctorat dans les conventions collectives et dans les fonctions publiques.<br \/>\n&#8211; L\u2019acc\u00e8s \u00e0 l\u2019enseignement sup\u00e9rieur et la r\u00e9ussite de tous les \u00e9tudiants<b>Organisations signataires : SNESUP-FSU, SNCS-FSU, SNASUB-FSU, SNEP-FSU, SNETAP-FSU, SNTRS-CGT, Sup\u2019Recherche-UNSA, Sud Recherche EPST, SNPTES, UNEF, Solidaires Etudiant-e-s, SLU.<\/b>\n<\/div>\n","protected":false},"excerpt":{"rendered":"<p>Dans l\u2019enseignement sup\u00e9rieur et la recherche, la bataille de l\u2019emploi est d\u00e9clench\u00e9e [&hellip;]<\/p>\n","protected":false},"author":1,"featured_media":1438,"comment_status":"closed","ping_status":"closed","sticky":false,"template":"","format":"standard","meta":{"cybocfi_hide_featured_image":"","footnotes":""},"categories":[18],"tags":[467,644,747],"class_list":["post-1437","post","type-post","status-publish","format-standard","has-post-thumbnail","hentry","category-esr","tag-enseignement-superieur","tag-intersyndicale","tag-manifestation","col-md-4 col-sm-4"],"featured_image_src":"https:\/\/solidaires-etudiant-e-s.org\/site\/wp-content\/uploads\/2014\/10\/manif2.jpg","author_info":{"display_name":"Solidaires \u00e9tudiant-e-s","author_link":false},"yoast_head":"<!-- This site is optimized with the Yoast SEO plugin v27.4 - https:\/\/yoast.com\/product\/yoast-seo-wordpress\/ -->\n<title>Manifestation nationale enseignement sup\u00e9rieur 17 octobre - Solidaires \u00e9tudiant-e-s<\/title>\n<meta name=\"robots\" content=\"index, follow, max-snippet:-1, max-image-preview:large, max-video-preview:-1\" \/>\n<link rel=\"canonical\" href=\"https:\/\/solidaires-etudiant-e-s.org\/site\/2014\/10\/06\/manifestation-nationale-enseignement-superieur-17-octobre\/\" \/>\n<meta property=\"og:locale\" content=\"fr_FR\" \/>\n<meta property=\"og:type\" content=\"article\" \/>\n<meta property=\"og:title\" content=\"Manifestation nationale enseignement sup\u00e9rieur 17 octobre - Solidaires \u00e9tudiant-e-s\" \/>\n<meta property=\"og:description\" content=\"Dans l\u2019enseignement sup\u00e9rieur et la recherche, la bataille de l\u2019emploi est d\u00e9clench\u00e9e [&hellip;]\" \/>\n<meta property=\"og:url\" content=\"https:\/\/solidaires-etudiant-e-s.org\/site\/2014\/10\/06\/manifestation-nationale-enseignement-superieur-17-octobre\/\" \/>\n<meta property=\"og:site_name\" content=\"Solidaires \u00e9tudiant-e-s\" \/>\n<meta property=\"article:publisher\" content=\"https:\/\/www.facebook.com\/solidairesetudiantes\" \/>\n<meta property=\"article:author\" content=\"https:\/\/www.facebook.com\/solidairesetudiantes\" \/>\n<meta property=\"article:published_time\" content=\"2014-10-06T12:18:10+00:00\" \/>\n<meta property=\"og:image\" content=\"https:\/\/solidaires-etudiant-e-s.org\/site\/wp-content\/uploads\/2014\/10\/manif2.jpg\" \/>\n\t<meta property=\"og:image:width\" content=\"279\" \/>\n\t<meta property=\"og:image:height\" content=\"181\" \/>\n\t<meta property=\"og:image:type\" content=\"image\/jpeg\" \/>\n<meta name=\"author\" content=\"Solidaires \u00e9tudiant-e-s\" \/>\n<meta name=\"twitter:card\" content=\"summary_large_image\" \/>\n<meta name=\"twitter:creator\" content=\"@SolidairesEtu\" \/>\n<meta name=\"twitter:site\" content=\"@SolidairesEtu\" \/>\n<meta name=\"twitter:label1\" content=\"\u00c9crit par\" \/>\n\t<meta name=\"twitter:data1\" content=\"Solidaires \u00e9tudiant-e-s\" \/>\n\t<meta name=\"twitter:label2\" content=\"Dur\u00e9e de lecture estim\u00e9e\" \/>\n\t<meta name=\"twitter:data2\" content=\"3 minutes\" \/>\n<script type=\"application\/ld+json\" class=\"yoast-schema-graph\">{\"@context\":\"https:\\\/\\\/schema.org\",\"@graph\":[{\"@type\":\"Article\",\"@id\":\"https:\\\/\\\/solidaires-etudiant-e-s.org\\\/site\\\/2014\\\/10\\\/06\\\/manifestation-nationale-enseignement-superieur-17-octobre\\\/#article\",\"isPartOf\":{\"@id\":\"https:\\\/\\\/solidaires-etudiant-e-s.org\\\/site\\\/2014\\\/10\\\/06\\\/manifestation-nationale-enseignement-superieur-17-octobre\\\/\"},\"author\":{\"name\":\"Solidaires \u00e9tudiant-e-s\",\"@id\":\"https:\\\/\\\/solidaires-etudiant-e-s.org\\\/site\\\/#\\\/schema\\\/person\\\/0efb3e0ff4e2f12b5a5abcd4352aa86c\"},\"headline\":\"Manifestation nationale enseignement sup\u00e9rieur 17 octobre\",\"datePublished\":\"2014-10-06T12:18:10+00:00\",\"mainEntityOfPage\":{\"@id\":\"https:\\\/\\\/solidaires-etudiant-e-s.org\\\/site\\\/2014\\\/10\\\/06\\\/manifestation-nationale-enseignement-superieur-17-octobre\\\/\"},\"wordCount\":597,\"publisher\":{\"@id\":\"https:\\\/\\\/solidaires-etudiant-e-s.org\\\/site\\\/#organization\"},\"image\":{\"@id\":\"https:\\\/\\\/solidaires-etudiant-e-s.org\\\/site\\\/2014\\\/10\\\/06\\\/manifestation-nationale-enseignement-superieur-17-octobre\\\/#primaryimage\"},\"thumbnailUrl\":\"https:\\\/\\\/solidaires-etudiant-e-s.org\\\/site\\\/wp-content\\\/uploads\\\/2014\\\/10\\\/manif2.jpg\",\"keywords\":[\"enseignement sup\u00e9rieur\",\"intersyndicale\",\"manifestation\"],\"articleSection\":[\"ENSEIGNEMENT SUPERIEUR\"],\"inLanguage\":\"fr-FR\"},{\"@type\":\"WebPage\",\"@id\":\"https:\\\/\\\/solidaires-etudiant-e-s.org\\\/site\\\/2014\\\/10\\\/06\\\/manifestation-nationale-enseignement-superieur-17-octobre\\\/\",\"url\":\"https:\\\/\\\/solidaires-etudiant-e-s.org\\\/site\\\/2014\\\/10\\\/06\\\/manifestation-nationale-enseignement-superieur-17-octobre\\\/\",\"name\":\"Manifestation nationale enseignement sup\u00e9rieur 17 octobre - Solidaires \u00e9tudiant-e-s\",\"isPartOf\":{\"@id\":\"https:\\\/\\\/solidaires-etudiant-e-s.org\\\/site\\\/#website\"},\"primaryImageOfPage\":{\"@id\":\"https:\\\/\\\/solidaires-etudiant-e-s.org\\\/site\\\/2014\\\/10\\\/06\\\/manifestation-nationale-enseignement-superieur-17-octobre\\\/#primaryimage\"},\"image\":{\"@id\":\"https:\\\/\\\/solidaires-etudiant-e-s.org\\\/site\\\/2014\\\/10\\\/06\\\/manifestation-nationale-enseignement-superieur-17-octobre\\\/#primaryimage\"},\"thumbnailUrl\":\"https:\\\/\\\/solidaires-etudiant-e-s.org\\\/site\\\/wp-content\\\/uploads\\\/2014\\\/10\\\/manif2.jpg\",\"datePublished\":\"2014-10-06T12:18:10+00:00\",\"breadcrumb\":{\"@id\":\"https:\\\/\\\/solidaires-etudiant-e-s.org\\\/site\\\/2014\\\/10\\\/06\\\/manifestation-nationale-enseignement-superieur-17-octobre\\\/#breadcrumb\"},\"inLanguage\":\"fr-FR\",\"potentialAction\":[{\"@type\":\"ReadAction\",\"target\":[\"https:\\\/\\\/solidaires-etudiant-e-s.org\\\/site\\\/2014\\\/10\\\/06\\\/manifestation-nationale-enseignement-superieur-17-octobre\\\/\"]}]},{\"@type\":\"ImageObject\",\"inLanguage\":\"fr-FR\",\"@id\":\"https:\\\/\\\/solidaires-etudiant-e-s.org\\\/site\\\/2014\\\/10\\\/06\\\/manifestation-nationale-enseignement-superieur-17-octobre\\\/#primaryimage\",\"url\":\"https:\\\/\\\/solidaires-etudiant-e-s.org\\\/site\\\/wp-content\\\/uploads\\\/2014\\\/10\\\/manif2.jpg\",\"contentUrl\":\"https:\\\/\\\/solidaires-etudiant-e-s.org\\\/site\\\/wp-content\\\/uploads\\\/2014\\\/10\\\/manif2.jpg\",\"width\":279,\"height\":181},{\"@type\":\"BreadcrumbList\",\"@id\":\"https:\\\/\\\/solidaires-etudiant-e-s.org\\\/site\\\/2014\\\/10\\\/06\\\/manifestation-nationale-enseignement-superieur-17-octobre\\\/#breadcrumb\",\"itemListElement\":[{\"@type\":\"ListItem\",\"position\":1,\"name\":\"Accueil\",\"item\":\"https:\\\/\\\/solidaires-etudiant-e-s.org\\\/site\\\/\"},{\"@type\":\"ListItem\",\"position\":2,\"name\":\"Manifestation nationale enseignement sup\u00e9rieur 17 octobre\"}]},{\"@type\":\"WebSite\",\"@id\":\"https:\\\/\\\/solidaires-etudiant-e-s.org\\\/site\\\/#website\",\"url\":\"https:\\\/\\\/solidaires-etudiant-e-s.org\\\/site\\\/\",\"name\":\"Solidaires \u00e9tudiant-e-s\",\"description\":\"Syndicats pour un enseignement sup\u00e9rieur gratuit, ouvert, et \u00e9mancipateur !\",\"publisher\":{\"@id\":\"https:\\\/\\\/solidaires-etudiant-e-s.org\\\/site\\\/#organization\"},\"potentialAction\":[{\"@type\":\"SearchAction\",\"target\":{\"@type\":\"EntryPoint\",\"urlTemplate\":\"https:\\\/\\\/solidaires-etudiant-e-s.org\\\/site\\\/?s={search_term_string}\"},\"query-input\":{\"@type\":\"PropertyValueSpecification\",\"valueRequired\":true,\"valueName\":\"search_term_string\"}}],\"inLanguage\":\"fr-FR\"},{\"@type\":\"Organization\",\"@id\":\"https:\\\/\\\/solidaires-etudiant-e-s.org\\\/site\\\/#organization\",\"name\":\"Solidaires \u00e9tudiant-e-s\",\"url\":\"https:\\\/\\\/solidaires-etudiant-e-s.org\\\/site\\\/\",\"logo\":{\"@type\":\"ImageObject\",\"inLanguage\":\"fr-FR\",\"@id\":\"https:\\\/\\\/solidaires-etudiant-e-s.org\\\/site\\\/#\\\/schema\\\/logo\\\/image\\\/\",\"url\":\"https:\\\/\\\/solidaires-etudiant-e-s.org\\\/site\\\/wp-content\\\/uploads\\\/2025\\\/12\\\/13-1.png\",\"contentUrl\":\"https:\\\/\\\/solidaires-etudiant-e-s.org\\\/site\\\/wp-content\\\/uploads\\\/2025\\\/12\\\/13-1.png\",\"width\":1181,\"height\":827,\"caption\":\"Solidaires \u00e9tudiant-e-s\"},\"image\":{\"@id\":\"https:\\\/\\\/solidaires-etudiant-e-s.org\\\/site\\\/#\\\/schema\\\/logo\\\/image\\\/\"},\"sameAs\":[\"https:\\\/\\\/www.facebook.com\\\/solidairesetudiantes\",\"https:\\\/\\\/x.com\\\/SolidairesEtu\",\"https:\\\/\\\/www.instagram.com\\\/solidairesetu\\\/\",\"https:\\\/\\\/bsky.app\\\/profile\\\/solidaires-etudiant-e-s.org\",\"https:\\\/\\\/mastodon.social\\\/@solidairesetu\",\"https:\\\/\\\/www.youtube.com\\\/channel\\\/UC_iZN9gmVAAnXbBM7wAWOag\"]},{\"@type\":\"Person\",\"@id\":\"https:\\\/\\\/solidaires-etudiant-e-s.org\\\/site\\\/#\\\/schema\\\/person\\\/0efb3e0ff4e2f12b5a5abcd4352aa86c\",\"name\":\"Solidaires \u00e9tudiant-e-s\",\"image\":{\"@type\":\"ImageObject\",\"inLanguage\":\"fr-FR\",\"@id\":\"https:\\\/\\\/solidaires-etudiant-e-s.org\\\/site\\\/wp-content\\\/uploads\\\/2020\\\/01\\\/logo-SESL-rond-512-96x96.png\",\"url\":\"https:\\\/\\\/solidaires-etudiant-e-s.org\\\/site\\\/wp-content\\\/uploads\\\/2020\\\/01\\\/logo-SESL-rond-512-96x96.png\",\"contentUrl\":\"https:\\\/\\\/solidaires-etudiant-e-s.org\\\/site\\\/wp-content\\\/uploads\\\/2020\\\/01\\\/logo-SESL-rond-512-96x96.png\",\"caption\":\"Solidaires \u00e9tudiant-e-s\"},\"sameAs\":[\"https:\\\/\\\/solidaires-etudiant.org\\\/site\",\"https:\\\/\\\/www.facebook.com\\\/solidairesetudiantes\",\"https:\\\/\\\/www.instagram.com\\\/solidairesetu\",\"https:\\\/\\\/x.com\\\/SolidairesEtu\",\"https:\\\/\\\/fr.wikipedia.org\\\/wiki\\\/Solidaires_tudiant-e-s\"]}]}<\/script>\n<!-- \/ Yoast SEO plugin. -->","yoast_head_json":{"title":"Manifestation nationale enseignement sup\u00e9rieur 17 octobre - Solidaires \u00e9tudiant-e-s","robots":{"index":"index","follow":"follow","max-snippet":"max-snippet:-1","max-image-preview":"max-image-preview:large","max-video-preview":"max-video-preview:-1"},"canonical":"https:\/\/solidaires-etudiant-e-s.org\/site\/2014\/10\/06\/manifestation-nationale-enseignement-superieur-17-octobre\/","og_locale":"fr_FR","og_type":"article","og_title":"Manifestation nationale enseignement sup\u00e9rieur 17 octobre - Solidaires \u00e9tudiant-e-s","og_description":"Dans l\u2019enseignement sup\u00e9rieur et la recherche, la bataille de l\u2019emploi est d\u00e9clench\u00e9e [&hellip;]","og_url":"https:\/\/solidaires-etudiant-e-s.org\/site\/2014\/10\/06\/manifestation-nationale-enseignement-superieur-17-octobre\/","og_site_name":"Solidaires \u00e9tudiant-e-s","article_publisher":"https:\/\/www.facebook.com\/solidairesetudiantes","article_author":"https:\/\/www.facebook.com\/solidairesetudiantes","article_published_time":"2014-10-06T12:18:10+00:00","og_image":[{"width":279,"height":181,"url":"https:\/\/solidaires-etudiant-e-s.org\/site\/wp-content\/uploads\/2014\/10\/manif2.jpg","type":"image\/jpeg"}],"author":"Solidaires \u00e9tudiant-e-s","twitter_card":"summary_large_image","twitter_creator":"@SolidairesEtu","twitter_site":"@SolidairesEtu","twitter_misc":{"\u00c9crit par":"Solidaires \u00e9tudiant-e-s","Dur\u00e9e de lecture estim\u00e9e":"3 minutes"},"schema":{"@context":"https:\/\/schema.org","@graph":[{"@type":"Article","@id":"https:\/\/solidaires-etudiant-e-s.org\/site\/2014\/10\/06\/manifestation-nationale-enseignement-superieur-17-octobre\/#article","isPartOf":{"@id":"https:\/\/solidaires-etudiant-e-s.org\/site\/2014\/10\/06\/manifestation-nationale-enseignement-superieur-17-octobre\/"},"author":{"name":"Solidaires \u00e9tudiant-e-s","@id":"https:\/\/solidaires-etudiant-e-s.org\/site\/#\/schema\/person\/0efb3e0ff4e2f12b5a5abcd4352aa86c"},"headline":"Manifestation nationale enseignement sup\u00e9rieur 17 octobre","datePublished":"2014-10-06T12:18:10+00:00","mainEntityOfPage":{"@id":"https:\/\/solidaires-etudiant-e-s.org\/site\/2014\/10\/06\/manifestation-nationale-enseignement-superieur-17-octobre\/"},"wordCount":597,"publisher":{"@id":"https:\/\/solidaires-etudiant-e-s.org\/site\/#organization"},"image":{"@id":"https:\/\/solidaires-etudiant-e-s.org\/site\/2014\/10\/06\/manifestation-nationale-enseignement-superieur-17-octobre\/#primaryimage"},"thumbnailUrl":"https:\/\/solidaires-etudiant-e-s.org\/site\/wp-content\/uploads\/2014\/10\/manif2.jpg","keywords":["enseignement sup\u00e9rieur","intersyndicale","manifestation"],"articleSection":["ENSEIGNEMENT SUPERIEUR"],"inLanguage":"fr-FR"},{"@type":"WebPage","@id":"https:\/\/solidaires-etudiant-e-s.org\/site\/2014\/10\/06\/manifestation-nationale-enseignement-superieur-17-octobre\/","url":"https:\/\/solidaires-etudiant-e-s.org\/site\/2014\/10\/06\/manifestation-nationale-enseignement-superieur-17-octobre\/","name":"Manifestation nationale enseignement sup\u00e9rieur 17 octobre - Solidaires \u00e9tudiant-e-s","isPartOf":{"@id":"https:\/\/solidaires-etudiant-e-s.org\/site\/#website"},"primaryImageOfPage":{"@id":"https:\/\/solidaires-etudiant-e-s.org\/site\/2014\/10\/06\/manifestation-nationale-enseignement-superieur-17-octobre\/#primaryimage"},"image":{"@id":"https:\/\/solidaires-etudiant-e-s.org\/site\/2014\/10\/06\/manifestation-nationale-enseignement-superieur-17-octobre\/#primaryimage"},"thumbnailUrl":"https:\/\/solidaires-etudiant-e-s.org\/site\/wp-content\/uploads\/2014\/10\/manif2.jpg","datePublished":"2014-10-06T12:18:10+00:00","breadcrumb":{"@id":"https:\/\/solidaires-etudiant-e-s.org\/site\/2014\/10\/06\/manifestation-nationale-enseignement-superieur-17-octobre\/#breadcrumb"},"inLanguage":"fr-FR","potentialAction":[{"@type":"ReadAction","target":["https:\/\/solidaires-etudiant-e-s.org\/site\/2014\/10\/06\/manifestation-nationale-enseignement-superieur-17-octobre\/"]}]},{"@type":"ImageObject","inLanguage":"fr-FR","@id":"https:\/\/solidaires-etudiant-e-s.org\/site\/2014\/10\/06\/manifestation-nationale-enseignement-superieur-17-octobre\/#primaryimage","url":"https:\/\/solidaires-etudiant-e-s.org\/site\/wp-content\/uploads\/2014\/10\/manif2.jpg","contentUrl":"https:\/\/solidaires-etudiant-e-s.org\/site\/wp-content\/uploads\/2014\/10\/manif2.jpg","width":279,"height":181},{"@type":"BreadcrumbList","@id":"https:\/\/solidaires-etudiant-e-s.org\/site\/2014\/10\/06\/manifestation-nationale-enseignement-superieur-17-octobre\/#breadcrumb","itemListElement":[{"@type":"ListItem","position":1,"name":"Accueil","item":"https:\/\/solidaires-etudiant-e-s.org\/site\/"},{"@type":"ListItem","position":2,"name":"Manifestation nationale enseignement sup\u00e9rieur 17 octobre"}]},{"@type":"WebSite","@id":"https:\/\/solidaires-etudiant-e-s.org\/site\/#website","url":"https:\/\/solidaires-etudiant-e-s.org\/site\/","name":"Solidaires \u00e9tudiant-e-s","description":"Syndicats pour un enseignement sup\u00e9rieur gratuit, ouvert, et \u00e9mancipateur !","publisher":{"@id":"https:\/\/solidaires-etudiant-e-s.org\/site\/#organization"},"potentialAction":[{"@type":"SearchAction","target":{"@type":"EntryPoint","urlTemplate":"https:\/\/solidaires-etudiant-e-s.org\/site\/?s={search_term_string}"},"query-input":{"@type":"PropertyValueSpecification","valueRequired":true,"valueName":"search_term_string"}}],"inLanguage":"fr-FR"},{"@type":"Organization","@id":"https:\/\/solidaires-etudiant-e-s.org\/site\/#organization","name":"Solidaires \u00e9tudiant-e-s","url":"https:\/\/solidaires-etudiant-e-s.org\/site\/","logo":{"@type":"ImageObject","inLanguage":"fr-FR","@id":"https:\/\/solidaires-etudiant-e-s.org\/site\/#\/schema\/logo\/image\/","url":"https:\/\/solidaires-etudiant-e-s.org\/site\/wp-content\/uploads\/2025\/12\/13-1.png","contentUrl":"https:\/\/solidaires-etudiant-e-s.org\/site\/wp-content\/uploads\/2025\/12\/13-1.png","width":1181,"height":827,"caption":"Solidaires \u00e9tudiant-e-s"},"image":{"@id":"https:\/\/solidaires-etudiant-e-s.org\/site\/#\/schema\/logo\/image\/"},"sameAs":["https:\/\/www.facebook.com\/solidairesetudiantes","https:\/\/x.com\/SolidairesEtu","https:\/\/www.instagram.com\/solidairesetu\/","https:\/\/bsky.app\/profile\/solidaires-etudiant-e-s.org","https:\/\/mastodon.social\/@solidairesetu","https:\/\/www.youtube.com\/channel\/UC_iZN9gmVAAnXbBM7wAWOag"]},{"@type":"Person","@id":"https:\/\/solidaires-etudiant-e-s.org\/site\/#\/schema\/person\/0efb3e0ff4e2f12b5a5abcd4352aa86c","name":"Solidaires \u00e9tudiant-e-s","image":{"@type":"ImageObject","inLanguage":"fr-FR","@id":"https:\/\/solidaires-etudiant-e-s.org\/site\/wp-content\/uploads\/2020\/01\/logo-SESL-rond-512-96x96.png","url":"https:\/\/solidaires-etudiant-e-s.org\/site\/wp-content\/uploads\/2020\/01\/logo-SESL-rond-512-96x96.png","contentUrl":"https:\/\/solidaires-etudiant-e-s.org\/site\/wp-content\/uploads\/2020\/01\/logo-SESL-rond-512-96x96.png","caption":"Solidaires \u00e9tudiant-e-s"},"sameAs":["https:\/\/solidaires-etudiant.org\/site","https:\/\/www.facebook.com\/solidairesetudiantes","https:\/\/www.instagram.com\/solidairesetu","https:\/\/x.com\/SolidairesEtu","https:\/\/fr.wikipedia.org\/wiki\/Solidaires_tudiant-e-s"]}]}},"_links":{"self":[{"href":"https:\/\/solidaires-etudiant-e-s.org\/site\/wp-json\/wp\/v2\/posts\/1437","targetHints":{"allow":["GET"]}}],"collection":[{"href":"https:\/\/solidaires-etudiant-e-s.org\/site\/wp-json\/wp\/v2\/posts"}],"about":[{"href":"https:\/\/solidaires-etudiant-e-s.org\/site\/wp-json\/wp\/v2\/types\/post"}],"author":[{"embeddable":true,"href":"https:\/\/solidaires-etudiant-e-s.org\/site\/wp-json\/wp\/v2\/users\/1"}],"replies":[{"embeddable":true,"href":"https:\/\/solidaires-etudiant-e-s.org\/site\/wp-json\/wp\/v2\/comments?post=1437"}],"version-history":[{"count":0,"href":"https:\/\/solidaires-etudiant-e-s.org\/site\/wp-json\/wp\/v2\/posts\/1437\/revisions"}],"wp:featuredmedia":[{"embeddable":true,"href":"https:\/\/solidaires-etudiant-e-s.org\/site\/wp-json\/wp\/v2\/media\/1438"}],"wp:attachment":[{"href":"https:\/\/solidaires-etudiant-e-s.org\/site\/wp-json\/wp\/v2\/media?parent=1437"}],"wp:term":[{"taxonomy":"category","embeddable":true,"href":"https:\/\/solidaires-etudiant-e-s.org\/site\/wp-json\/wp\/v2\/categories?post=1437"},{"taxonomy":"post_tag","embeddable":true,"href":"https:\/\/solidaires-etudiant-e-s.org\/site\/wp-json\/wp\/v2\/tags?post=1437"}],"curies":[{"name":"wp","href":"https:\/\/api.w.org\/{rel}","templated":true}]}}